{"id":7168,"date":"2021-12-29T02:48:33","date_gmt":"2021-12-29T01:48:33","guid":{"rendered":"http:\/\/www.infokuryr.cz\/n\/?p=7168"},"modified":"2021-12-29T02:48:33","modified_gmt":"2021-12-29T01:48:33","slug":"ukrajina-si-stezuje-na-ponizeni-ze-strany-usa","status":"publish","type":"post","link":"https:\/\/www.infokuryr.cz\/n\/2021\/12\/29\/ukrajina-si-stezuje-na-ponizeni-ze-strany-usa\/","title":{"rendered":"Ukrajina si st\u011b\u017euje na pon\u00ed\u017een\u00ed ze strany USA"},"content":{"rendered":"<div id=\"fb-root\"><\/div>\n<p><strong>Ukrajinsk\u00e9 \u00fa\u0159ady se v zahrani\u010dn\u00ed politice pot\u00fdkaj\u00ed s v\u00e1\u017en\u00fdm selh\u00e1n\u00edm kv\u016fli sv\u00e9 neprofesionalit\u011b, uvedl ukrajinsk\u00fd politolog Vitalij Bala.<\/strong><\/p>\n<p>\u201eJde o to, \u017ee o Ukrajin\u011b se u\u017e mluv\u00ed bez Ukrajiny, bez ohledu na to, co Ameri\u010dan\u00e9 ve\u0159ejn\u011b prohla\u0161uj\u00ed. To je pr\u00e1v\u011b d\u016fsledek t\u00e9 neprofesionality konkr\u00e9tn\u00edch akc\u00ed,&#8220; \u0159ekl ve vys\u00edl\u00e1n\u00ed televizn\u00edho kan\u00e1lu Ukrajina 24.<\/p>\n<p>Podle jeho n\u00e1zoru se\u00a0B\u00edl\u00fd d\u016fm\u00a0chov\u00e1 ke kyjevsk\u00e9 vlasti poni\u017euj\u00edc\u00edm zp\u016fsobem. Domn\u00edv\u00e1 se v\u0161ak, \u017ee s\u00a0<strong>Ukrajinou\u00a0<\/strong>a ukrajinsk\u00fdm lidem se v USA zach\u00e1z\u00ed jinak.<\/p>\n<p>Bala navrhl p\u0159ed\u010dasn\u00e9\u00a0<strong>parlamentn\u00ed volby<\/strong>\u00a0jako jedin\u00e9 v\u00fdchodisko ze sou\u010dasn\u00e9\u00a0<em>&#8222;katastrof\u00e1ln\u00ed situace na zahrani\u010dn\u00ed sc\u00e9n\u011b&#8220;.<\/em><\/p>\n<p>\u201ePot\u0159ebujeme, aby se do \u010dela zem\u011b dostali lid\u00e9, kte\u0159\u00ed tomu rozum\u00ed. To je jedin\u00e9 v\u00fdchodisko. \u010c\u00edm d\u0159\u00edve to ud\u011bl\u00e1me, t\u00edm m\u00e9n\u011b negativn\u00edch d\u016fsledk\u016f a t\u00edm m\u00e9n\u011b \u010dasu ztrat\u00edme,&#8220; uzav\u0159el.<\/p>\n<p>Roz\u0161i\u0159ov\u00e1n\u00ed\u00a0NATO na V\u00fdchod a nasazen\u00ed \u00fato\u010dn\u00fdch zbran\u00ed na Ukrajin\u011b jsou pro\u00a0Moskvu \u010derven\u00e9 \u010d\u00e1ry. Vladimir\u00a0Putin o tom nejednou mluvil.<\/p>\n<p>Rusk\u00e9 org\u00e1ny navrhly, aby\u00a0USA a NATO podepsaly smlouvy a dohody o bezpe\u010dnostn\u00edch z\u00e1ruk\u00e1ch, kter\u00e9 by \u0159e\u0161ily st\u00e1vaj\u00edc\u00ed obavy. Dokumenty ji\u017e byly p\u0159ed\u00e1ny k posouzen\u00ed. Moskva, Washington a Brusel budou o t\u00e9to iniciativ\u011b jednat v r\u016fzn\u00fdch form\u00e1tech v lednu.<\/p>\n<p><strong>Roz\u0161i\u0159ov\u00e1n\u00ed NATO<\/strong><\/p>\n<p>Tiskov\u00fd tajemn\u00edk rusk\u00e9ho prezidenta Dmitrij Peskov d\u0159\u00edve prohl\u00e1sil, \u017ee roz\u0161\u00ed\u0159en\u00ed NATO o Ukrajinu, Gruzii a Moldavsko je pro Rusko ot\u00e1zkou \u017eivota a smrti.<\/p>\n<p>Bezpe\u010dnost Ruska je ohro\u017eena v d\u016fsledku podvodu ze strany Z\u00e1padu o nepostupov\u00e1n\u00ed NATO sm\u011brem na v\u00fdchod; pro Ruskou federaci je to nyn\u00ed ot\u00e1zka \u017eivota a smrti, \u0159ekl Peskov v rozhovoru s Vladimirem Solovjovem v po\u0159adu Moskva. Kreml. Putin na televizn\u00edm kan\u00e1lu Rossija 1.<\/p>\n<p>\u201eA v tomto ohledu samoz\u0159ejm\u011b roz\u0161\u00ed\u0159en\u00ed NATO do takov\u00fdch zem\u00ed, jako je Ukrajina, ur\u010dit\u011b do dal\u0161\u00edch zem\u00ed, kter\u00e9 byly na \u00fazem\u00ed Sov\u011btsk\u00e9ho svazu,\u201c \u0159ekl.<\/p>\n<p>\u201e<em>Moldavska a Gruzie,\u201c<\/em>\u00a0poznamenal moder\u00e1tor.<\/p>\n<p>\u201eTo u\u017e je samoz\u0159ejm\u011b pro n\u00e1s ot\u00e1zkou \u017eivota a smrti,\u201c \u0159ekl Peskov.<\/p>\n<p>Uvedl tak\u00e9, \u017ee konflikt\u00a0v Donbasu\u00a0nesm\u00ed b\u00fdt \u0159e\u0161en vojenskou cestou. \u201eJinak dojde na ot\u00e1zku ukrajinsk\u00e9 st\u00e1tnosti, co\u017e Kyjev a Washington v\u011bd\u00ed,\u201c dodal.<\/p>\n<p>K roz\u0161\u00ed\u0159en\u00ed NATO na v\u00fdchod se d\u0159\u00edve vyj\u00e1d\u0159il i rusk\u00fd prezident Vladimir Putin. Pokud USA a NATO odm\u00edtnou poskytnout Rusku bezpe\u010dnostn\u00ed z\u00e1ruky, m\u016f\u017ee b\u00fdt reakce Moskvy velmi r\u016fzn\u00e1, v\u00fdb\u011br variant bude z\u00e1viset na doporu\u010den\u00ed vojensk\u00fdch expert\u016f, \u0159ekl rusk\u00fd prezident Vladimir Putin v po\u0159adu televizn\u00edho kan\u00e1lu Rossija 1.<\/p>\n<p><a href=\"https:\/\/cz.sputniknews.com\/20211228\/ukrajina-si-stezuje-na-ponizeni-ze-strany-usa-17020083.html\">ZDROJ<\/a><\/p>\n<p>&nbsp;<\/p>\n","protected":false},"excerpt":{"rendered":"<p>Ukrajinsk\u00e9 \u00fa\u0159ady se v zahrani\u010dn\u00ed politice pot\u00fdkaj\u00ed s v\u00e1\u017en\u00fdm selh\u00e1n\u00edm kv\u016fli sv\u00e9 neprofesionalit\u011b, uvedl ukrajinsk\u00fd&#8230;<\/p>\n","protected":false},"author":2,"featured_media":6794,"comment_status":"closed","ping_status":"closed","sticky":false,"template":"","format":"standard","meta":[],"categories":[7],"tags":[39,26,37],"_links":{"self":[{"href":"https:\/\/www.infokuryr.cz\/n\/wp-json\/wp\/v2\/posts\/7168"}],"collection":[{"href":"https:\/\/www.infokuryr.cz\/n\/wp-json\/wp\/v2\/posts"}],"about":[{"href":"https:\/\/www.infokuryr.cz\/n\/wp-json\/wp\/v2\/types\/post"}],"author":[{"embeddable":true,"href":"https:\/\/www.infokuryr.cz\/n\/wp-json\/wp\/v2\/users\/2"}],"replies":[{"embeddable":true,"href":"https:\/\/www.infokuryr.cz\/n\/wp-json\/wp\/v2\/comments?post=7168"}],"version-history":[{"count":0,"href":"https:\/\/www.infokuryr.cz\/n\/wp-json\/wp\/v2\/posts\/7168\/revisions"}],"wp:featuredmedia":[{"embeddable":true,"href":"https:\/\/www.infokuryr.cz\/n\/wp-json\/wp\/v2\/media\/6794"}],"wp:attachment":[{"href":"https:\/\/www.infokuryr.cz\/n\/wp-json\/wp\/v2\/media?parent=7168"}],"wp:term":[{"taxonomy":"category","embeddable":true,"href":"https:\/\/www.infokuryr.cz\/n\/wp-json\/wp\/v2\/categories?post=7168"},{"taxonomy":"post_tag","embeddable":true,"href":"https:\/\/www.infokuryr.cz\/n\/wp-json\/wp\/v2\/tags?post=7168"}],"curies":[{"name":"wp","href":"https:\/\/api.w.org\/{rel}","templated":true}]}}