{"id":71677,"date":"2025-02-06T00:49:46","date_gmt":"2025-02-05T23:49:46","guid":{"rendered":"https:\/\/www.infokuryr.cz\/n\/?p=71677"},"modified":"2025-02-05T17:03:18","modified_gmt":"2025-02-05T16:03:18","slug":"syrsky-prezident-pri-prvni-oficialni-navsteve-turecka-projednal-obranny-pakt","status":"publish","type":"post","link":"https:\/\/www.infokuryr.cz\/n\/2025\/02\/06\/syrsky-prezident-pri-prvni-oficialni-navsteve-turecka-projednal-obranny-pakt\/","title":{"rendered":"Syrsk\u00fd prezident p\u0159i prvn\u00ed ofici\u00e1ln\u00ed n\u00e1v\u0161t\u011bv\u011b Turecka projednal obrann\u00fd pakt"},"content":{"rendered":"<div id=\"fb-root\"><\/div>\n<p><strong><span>Syrsk\u00fd prezident Ahmad al-Sharaa poprv\u00e9 nav\u0161t\u00edvil Turecko 4. \u00fanora, kde se setkal s prezidentem Recepem Tayyipem Erdoganem.<\/span><\/strong><\/p>\n<p><span>Erdogan na spole\u010dn\u00e9 tiskov\u00e9 konferenci s al-Sharaa v Anka\u0159e popsal n\u00e1v\u0161t\u011bvu jako \u201ehistorick\u00fd\u201c krok k za\u010d\u00e1tku obdob\u00ed \u201etrval\u00e9ho p\u0159\u00e1telstv\u00ed a spolupr\u00e1ce\u201c mezi ob\u011bma zem\u011bmi.<\/span><\/p>\n<div style=\"width: 640px;\" class=\"wp-video\"><!--[if lt IE 9]><script>document.createElement('video');<\/script><![endif]-->\n<video class=\"wp-video-shortcode\" id=\"video-71677-1\" width=\"640\" height=\"360\" preload=\"metadata\" controls=\"controls\"><source type=\"video\/mp4\" src=\"http:\/\/www.infokuryr.cz\/n\/wp-content\/uploads\/2025\/02\/\ud83c\uddf9\ud83c\uddf7\ud83c\uddf8\ud83c\uddfe-Erdogan-received-Syrias-leader-Al-Jolani.mp4?_=1\" \/><a href=\"http:\/\/www.infokuryr.cz\/n\/wp-content\/uploads\/2025\/02\/\ud83c\uddf9\ud83c\uddf7\ud83c\uddf8\ud83c\uddfe-Erdogan-received-Syrias-leader-Al-Jolani.mp4\">http:\/\/www.infokuryr.cz\/n\/wp-content\/uploads\/2025\/02\/\ud83c\uddf9\ud83c\uddf7\ud83c\uddf8\ud83c\uddfe-Erdogan-received-Syrias-leader-Al-Jolani.mp4<\/a><\/video><\/div>\n<p><em>&#8222;Nikdy jsme neopustili na\u0161e syrsk\u00e9 sestry a bratry v jejich nejt\u011b\u017e\u0161\u00edch \u010dasech a budeme je i nad\u00e1le podporovat v tomto nov\u00e9m obdob\u00ed,&#8220; \u0159ekl tureck\u00fd prezident.<\/em><\/p>\n<p><em>\u201eVzhledem k historick\u00e9mu v\u00fdznamu vn\u00edm\u00e1m tuto dne\u0161n\u00ed n\u00e1v\u0161t\u011bvu jako za\u010d\u00e1tek nov\u00e9 \u00e9ry v\u011b\u010dn\u00e9ho p\u0159\u00e1telstv\u00ed a spolupr\u00e1ce. V\u0161echny na\u0161e instituce ne\u00fanavn\u011b pracuj\u00ed na p\u0159ebudov\u00e1n\u00ed na\u0161eho vztahu na strategickou \u00farove\u0148,\u201c dodal.<\/em><\/p>\n<p><span>Erdogan vyj\u00e1d\u0159il d\u016fv\u011bru ve schopnost S\u00fdrie znovu se vybudovat a \u0159ekl:<\/span><\/p>\n<p><em>&#8222;Nepochybujeme, \u017ee na\u0161e syrsk\u00e9 sestry a brat\u0159i, kte\u0159\u00ed inspiruj\u00ed region svou odolnost\u00ed, znovu vybuduj\u00ed svou zemi.&#8220;<\/em><\/p>\n<p><span>Prezident tak\u00e9 \u0159ekl, \u017ee Turecko je p\u0159ipraveno pomoci p\u0159i rekonstrukci zdevastovan\u00fdch syrsk\u00fdch m\u011bst a dodal, \u017ee v\u011b\u0159\u00ed, \u017ee urychlen\u00ed hospod\u00e1\u0159sk\u00e9 obnovy podpo\u0159\u00ed dobrovoln\u00fd n\u00e1vrat syrsk\u00fdch uprchl\u00edk\u016f.<\/span><\/p>\n<p><span>Erdogan nav\u00edc zd\u016fraznil pokrok v multidimenzion\u00e1ln\u00edch vztaz\u00edch, v\u010detn\u011b obchodu, civiln\u00edho letectv\u00ed, energetiky, zdravotnictv\u00ed a vzd\u011bl\u00e1v\u00e1n\u00ed.<\/span><\/p>\n<p><em>\u201eKrom\u011b humanit\u00e1rn\u00ed pomoci zdevastovan\u00e9 syrsk\u00e9 krajin\u011b jsme tak\u00e9 p\u0159ipraveni podpo\u0159it obnovu kritick\u00e9 infrastruktury. S t\u00edm, jak ekonomick\u00e9 o\u017eiven\u00ed S\u00fdrie nab\u00edr\u00e1 na s\u00edle, naberou na s\u00edle i dobrovoln\u00e9 n\u00e1vraty. Na druhou stranu \u0159ada mezin\u00e1rodn\u00edch sankc\u00ed proti S\u00fdrii p\u0159edstavuje p\u0159ek\u00e1\u017eku v \u00fasil\u00ed o obnovu ekonomiky a infrastruktury. Snahy T\u00fcrkiye zru\u0161it tyto sankce, kter\u00e9 m\u011bly c\u00edlit na Assad\u016fv re\u017eim, poskytly flexibilitu. Budeme v\u0161ak pokra\u010dovat ve zru\u0161en\u00ed t\u011bchto sankc\u00ed, dokud nebude pr\u00e1ce dokon\u010dena,\u201c \u0159ekl prezident.<\/em><\/p>\n<p><span>Vyzval tak\u00e9 k finan\u010dn\u00ed a mor\u00e1ln\u00ed podpo\u0159e ze strany arabsk\u00e9ho a isl\u00e1msk\u00e9ho sv\u011bta pro novou syrskou vl\u00e1du a lid a ozna\u010dil ji za \u201ez\u00e1sadn\u00ed\u201c.<\/span><\/p>\n<p><span>Pokud jde o terorismus, Erdogan p\u0159isl\u00edbil podporu Turecka v boji S\u00fdrie jak proti ISIS, tak proti Stran\u011b kurdsk\u00fdch pracuj\u00edc\u00edch.<\/span><\/p>\n<p><em>\u201eA\u0165 u\u017e je to Dae\u0161 nebo PKK, zopakoval jsem mu (Al-Sharaa) na\u0161i podporu S\u00fdrii v boji proti terorismu v t\u00e1borech na severov\u00fdchod\u011b S\u00fdrie. R\u00e1d bych vyj\u00e1d\u0159il svou spokojenost se silnou v\u016fl\u00ed m\u00e9ho bratra Ahmada Al-Sharaa v boji proti terorismu,\u201c \u0159ekl prezident.<\/em><\/p>\n<p><em>\u201eV\u011b\u0159\u00edm, \u017ee t\u00edm, \u017ee budeme jednat solid\u00e1rn\u011b se S\u00fdri\u00ed, pln\u011b nastol\u00edme m\u00edrov\u00e9 a bezpe\u010dnostn\u00ed klima v na\u0161em sd\u00edlen\u00e9m regionu, bez terorismu,\u201c dodal.<\/em><\/p>\n<p><a href=\"https:\/\/s5.cdnstatic.space\/wp-content\/uploads\/2025\/02\/al-Sharaa-Erdogan-2.jpg\" target=\"_blank\" rel=\"noopener\"><img decoding=\"async\" loading=\"lazy\" class=\"aligncenter wp-image-216967\" title=\"Syrsk\u00fd prezident p\u0159i prvn\u00ed ofici\u00e1ln\u00ed n\u00e1v\u0161t\u011bv\u011b Turecka projednal obrann\u00fd pakt\" src=\"https:\/\/s5.cdnstatic.space\/wp-content\/uploads\/2025\/02\/al-Sharaa-Erdogan-2-442x300.jpg\" sizes=\"(max-width: 600px) 100vw, 600px\" srcset=\"https:\/\/s5.cdnstatic.space\/wp-content\/uploads\/2025\/02\/al-Sharaa-Erdogan-2-442x300.jpg 442w, https:\/\/s5.cdnstatic.space\/wp-content\/uploads\/2025\/02\/al-Sharaa-Erdogan-2-1024x694.jpg 1024w, https:\/\/s5.cdnstatic.space\/wp-content\/uploads\/2025\/02\/al-Sharaa-Erdogan-2-768x521.jpg 768w, https:\/\/s5.cdnstatic.space\/wp-content\/uploads\/2025\/02\/al-Sharaa-Erdogan-2.jpg 1280w\" alt=\"Syrsk\u00fd prezident p\u0159i prvn\u00ed ofici\u00e1ln\u00ed n\u00e1v\u0161t\u011bv\u011b Turecka projednal obrann\u00fd pakt\" width=\"600\" height=\"407\" \/><\/a><\/p>\n<p><a href=\"https:\/\/s5.cdnstatic.space\/wp-content\/uploads\/2025\/02\/al-Sharaa-Erdogan-1.jpg\" target=\"_blank\" rel=\"noopener\"><img decoding=\"async\" loading=\"lazy\" class=\"aligncenter wp-image-216966\" title=\"Syrsk\u00fd prezident p\u0159i prvn\u00ed ofici\u00e1ln\u00ed n\u00e1v\u0161t\u011bv\u011b Turecka projednal obrann\u00fd pakt\" src=\"https:\/\/s5.cdnstatic.space\/wp-content\/uploads\/2025\/02\/al-Sharaa-Erdogan-1-428x300.jpg\" sizes=\"(max-width: 600px) 100vw, 600px\" srcset=\"https:\/\/s5.cdnstatic.space\/wp-content\/uploads\/2025\/02\/al-Sharaa-Erdogan-1-428x300.jpg 428w, https:\/\/s5.cdnstatic.space\/wp-content\/uploads\/2025\/02\/al-Sharaa-Erdogan-1-1024x718.jpg 1024w, https:\/\/s5.cdnstatic.space\/wp-content\/uploads\/2025\/02\/al-Sharaa-Erdogan-1-768x539.jpg 768w, https:\/\/s5.cdnstatic.space\/wp-content\/uploads\/2025\/02\/al-Sharaa-Erdogan-1.jpg 1280w\" alt=\"Syrsk\u00fd prezident p\u0159i prvn\u00ed ofici\u00e1ln\u00ed n\u00e1v\u0161t\u011bv\u011b Turecka projednal obrann\u00fd pakt\" width=\"600\" height=\"421\" \/><\/a><a href=\"https:\/\/s5.cdnstatic.space\/wp-content\/uploads\/2025\/02\/al-Sharaa-Erdogan-3.jpg\" target=\"_blank\" rel=\"noopener\"><img decoding=\"async\" loading=\"lazy\" class=\"aligncenter wp-image-216968\" title=\"Syrsk\u00fd prezident p\u0159i prvn\u00ed ofici\u00e1ln\u00ed n\u00e1v\u0161t\u011bv\u011b Turecka projednal obrann\u00fd pakt\" src=\"https:\/\/s5.cdnstatic.space\/wp-content\/uploads\/2025\/02\/al-Sharaa-Erdogan-3-422x300.jpg\" sizes=\"(max-width: 600px) 100vw, 600px\" srcset=\"https:\/\/s5.cdnstatic.space\/wp-content\/uploads\/2025\/02\/al-Sharaa-Erdogan-3-422x300.jpg 422w, https:\/\/s5.cdnstatic.space\/wp-content\/uploads\/2025\/02\/al-Sharaa-Erdogan-3-1024x729.jpg 1024w, https:\/\/s5.cdnstatic.space\/wp-content\/uploads\/2025\/02\/al-Sharaa-Erdogan-3-768x547.jpg 768w, https:\/\/s5.cdnstatic.space\/wp-content\/uploads\/2025\/02\/al-Sharaa-Erdogan-3.jpg 1280w\" alt=\"Syrsk\u00fd prezident p\u0159i prvn\u00ed ofici\u00e1ln\u00ed n\u00e1v\u0161t\u011bv\u011b Turecka projednal obrann\u00fd pakt\" width=\"600\" height=\"427\" \/><\/a><\/p>\n<hr \/>\n<p><span>Al-Sharaa z jeho strany zd\u016fraznil v\u00fdznam prohlubov\u00e1n\u00ed partnerstv\u00ed mezi S\u00fdri\u00ed a Tureckem.<\/span><\/p>\n<p><em>&#8222;Potvrzujeme transformaci na\u0161eho vztahu s T\u00fcrkiye v hlubok\u00e9 strategick\u00e9 partnerstv\u00ed ve v\u0161ech oblastech,&#8220; \u0159ekl prezident.<\/em><\/p>\n<p><span>Prozradil tak\u00e9, \u017ee dal\u0161\u00ed f\u00e1ze vztah\u016f mezi ob\u011bma zem\u011bmi se zam\u011b\u0159\u00ed na \u201epos\u00edlen\u00ed obchodn\u00edch v\u00fdm\u011bn a spole\u010dn\u00fdch investic, zejm\u00e9na do projekt\u016f obnovy infrastruktury, s c\u00edlem dos\u00e1hnout hospod\u00e1\u0159sk\u00e9 obnovy a podpo\u0159it lep\u0161\u00ed budoucnost obou zem\u00ed\u201c.<\/span><\/p>\n<p><em>\u201eOce\u0148ujeme Jeho Excelenci prezidenta Recepa Tayyipa Erdogana za jeho siln\u00e9 odhodl\u00e1n\u00ed a \u00fasil\u00ed o podporu spolupr\u00e1ce s c\u00edlem zajistit \u00fasp\u011bch p\u0159echodn\u00e9 f\u00e1ze a p\u0159in\u00e9st do regionu bezpe\u010dnost a stabilitu,\u201c \u0159ekl syrsk\u00fd prezident.<\/em><\/p>\n<p><span>Potvrdil tak\u00e9, \u017ee \u201esyrsk\u00e1 revoluce a zapojen\u00ed T\u00fcrkiye do n\u00ed \u2013 navzdory n\u00e1ro\u010dn\u00fdm okolnostem, kter\u00fdm \u010del\u00ed tureck\u00e9 veden\u00ed a lid\u00e9 \u2013 pos\u00edlily bilater\u00e1ln\u00ed vztahy\u201c.<\/span><\/p>\n<p><em>\u201ePokra\u010duj\u00edc\u00ed podpora T\u00fcrkiye z\u016fst\u00e1v\u00e1 z\u0159ejm\u00e1 d\u00edky jej\u00edmu pokra\u010duj\u00edc\u00edmu \u00fasil\u00ed zajistit \u00fasp\u011bch sou\u010dasn\u00e9ho veden\u00ed S\u00fdrie jak politicky, tak ekonomicky p\u0159i zachov\u00e1n\u00ed nez\u00e1vislosti, jednoty, suverenity a \u00fazemn\u00ed celistvosti S\u00fdrie,\u201c dodal al-Sharaa.<\/em><\/p>\n<p><span>P\u0159ed n\u00e1v\u0161t\u011bvou agentura Reuters uvedla, \u017ee se o\u010dek\u00e1v\u00e1, \u017ee syr\u0161t\u00ed a ture\u010dt\u00ed v\u016fdci projednaj\u00ed spole\u010dn\u00fd obrann\u00fd pakt.<\/span><\/p>\n<p><span>Pakt by mohl umo\u017enit Turecku z\u0159\u00eddit nov\u00e9 leteck\u00e9 z\u00e1kladny v S\u00fdrii, vyu\u017e\u00edvat syrsk\u00fd vzdu\u0161n\u00fd prostor pro vojensk\u00e9 \u00fa\u010dely a p\u0159evz\u00edt vedouc\u00ed roli p\u0159i v\u00fdcviku voj\u00e1k\u016f v nov\u00e9 syrsk\u00e9 arm\u00e1d\u011b, uvedla tiskov\u00e1 agentura s odkazem na syrsk\u00e9 a zahrani\u010dn\u00ed zdroje. Mo\u017en\u00e1 um\u00edst\u011bn\u00ed leteck\u00e9 z\u00e1kladny byly vojensk\u00e9 leti\u0161t\u011b Palm\u00fdra a z\u00e1kladna T4 syrsk\u00e9 arm\u00e1dy, ob\u011b v guvernor\u00e1tu Homs.<\/span><\/p>\n<p><strong><span>Zpr\u00e1va nebyla p\u0159ekvapiv\u00e1, proto\u017ee Turecko hr\u00e1lo kl\u00ed\u010dovou roli v podpo\u0159e syrsk\u00e9 revoluce, kter\u00e1 skon\u010dila p\u00e1dem Asadova re\u017eimu loni v prosinci v ofenziv\u011b veden\u00e9 samotnou al-Sharaa. O\u010dek\u00e1v\u00e1 se, \u017ee Ankara se stane jedn\u00edm z nejbli\u017e\u0161\u00edch spojenc\u016f budouc\u00ed S\u00fdrie. Jedn\u00e1n\u00ed v Anka\u0159e jsou jen za\u010d\u00e1tek.<\/span><\/strong><\/p>\n<p><img decoding=\"async\" loading=\"lazy\" class=\"alignnone size-full wp-image-1185\" src=\"http:\/\/www.infokuryr.cz\/n\/wp-content\/uploads\/2021\/04\/kuryr-podpis.png\" alt=\"\" width=\"84\" height=\"24\" \/><\/p>\n<p>&nbsp;<\/p>\n","protected":false},"excerpt":{"rendered":"<p>Syrsk\u00fd prezident Ahmad al-Sharaa poprv\u00e9 nav\u0161t\u00edvil Turecko 4. \u00fanora, kde se setkal s prezidentem Recepem&#8230;<\/p>\n","protected":false},"author":2,"featured_media":71679,"comment_status":"closed","ping_status":"closed","sticky":false,"template":"","format":"standard","meta":[],"categories":[7],"tags":[7479,147,55],"_links":{"self":[{"href":"https:\/\/www.infokuryr.cz\/n\/wp-json\/wp\/v2\/posts\/71677"}],"collection":[{"href":"https:\/\/www.infokuryr.cz\/n\/wp-json\/wp\/v2\/posts"}],"about":[{"href":"https:\/\/www.infokuryr.cz\/n\/wp-json\/wp\/v2\/types\/post"}],"author":[{"embeddable":true,"href":"https:\/\/www.infokuryr.cz\/n\/wp-json\/wp\/v2\/users\/2"}],"replies":[{"embeddable":true,"href":"https:\/\/www.infokuryr.cz\/n\/wp-json\/wp\/v2\/comments?post=71677"}],"version-history":[{"count":0,"href":"https:\/\/www.infokuryr.cz\/n\/wp-json\/wp\/v2\/posts\/71677\/revisions"}],"wp:featuredmedia":[{"embeddable":true,"href":"https:\/\/www.infokuryr.cz\/n\/wp-json\/wp\/v2\/media\/71679"}],"wp:attachment":[{"href":"https:\/\/www.infokuryr.cz\/n\/wp-json\/wp\/v2\/media?parent=71677"}],"wp:term":[{"taxonomy":"category","embeddable":true,"href":"https:\/\/www.infokuryr.cz\/n\/wp-json\/wp\/v2\/categories?post=71677"},{"taxonomy":"post_tag","embeddable":true,"href":"https:\/\/www.infokuryr.cz\/n\/wp-json\/wp\/v2\/tags?post=71677"}],"curies":[{"name":"wp","href":"https:\/\/api.w.org\/{rel}","templated":true}]}}