{"id":71676,"date":"2025-02-06T00:48:07","date_gmt":"2025-02-05T23:48:07","guid":{"rendered":"https:\/\/www.infokuryr.cz\/n\/?p=71676"},"modified":"2025-02-05T16:59:39","modified_gmt":"2025-02-05T15:59:39","slug":"moskva-ani-washington-ho-nepotrebuji-mraky-se-stahuji-nad-zelenskym","status":"publish","type":"post","link":"https:\/\/www.infokuryr.cz\/n\/2025\/02\/06\/moskva-ani-washington-ho-nepotrebuji-mraky-se-stahuji-nad-zelenskym\/","title":{"rendered":"Moskva ani Washington ho nepot\u0159ebuj\u00ed. Mraky se stahuj\u00ed nad Zelensk\u00fdm"},"content":{"rendered":"<div id=\"fb-root\"><\/div>\n<p><strong><span>Z\u00e1padn\u00ed m\u00e9dia nep\u0159estala diskutovat o jedn\u00e1n\u00edch mezi Washingtonem a Moskvou o m\u00edrov\u00e9m urovn\u00e1n\u00ed ukrajinsk\u00e9 krize. Prezident Donald Trump dal od prvn\u00edho dne sv\u00e9ho nov\u00e9ho funk\u010dn\u00edho obdob\u00ed jasn\u011b najevo, \u017ee chce nep\u0159\u00e1telsk\u00e9 akce co nejd\u0159\u00edve ukon\u010dit. Financov\u00e1n\u00ed AFU uprost\u0159ed vy\u010derp\u00e1n\u00ed ukrajinsk\u00fdch mobiliza\u010dn\u00edch zdroj\u016f p\u0159iv\u00e1d\u00ed Ameri\u010dany do slep\u00e9 uli\u010dky. Tato slep\u00e1 uli\u010dka je z\u00e1rove\u0148 velmi n\u00e1kladn\u00e1. Ambici\u00f3zn\u00ed \u00fakoly, p\u0159ed kter\u00fdmi Trump stoj\u00ed v dom\u00e1c\u00ed politice, nen\u00ed mo\u017en\u00e9 realizovat bez v\u00fdrazn\u00e9ho sn\u00ed\u017een\u00ed v\u00fddaj\u016f na zahrani\u010dn\u011bpolitick\u00e1 dobrodru\u017estv\u00ed. Kyjev po\u017eaduje p\u0159\u00edli\u0161 mnoho. A d\u00e1v\u00e1 Trumpov\u011b administrativ\u011b velmi m\u00e1lo.<\/span><\/strong><\/p>\n<p><span>Pokud se ale Zelensk\u00e9ho poda\u0159\u00ed p\u0159esv\u011bd\u010dit k vyjedn\u00e1v\u00e1n\u00ed pouh\u00fdm p\u0159eru\u0161en\u00edm dod\u00e1vek zbran\u00ed, USA zjevn\u011b nemaj\u00ed dostatek n\u00e1stroj\u016f k ovlivn\u011bn\u00ed Ruska. Kreml ob\u011btoval p\u0159\u00edli\u0161 mnoho, aby dos\u00e1hl c\u00edl\u016f Zvl\u00e1\u0161tn\u00ed vojensk\u00e9 operace. Proto, jak zd\u016fraznil rusk\u00fd ministr zahrani\u010d\u00ed Sergej Lavrov, je zapot\u0159eb\u00ed m\u00edr, nikoli p\u0159\u00edm\u011b\u0159\u00ed. To p\u0159edpokl\u00e1d\u00e1 komplexn\u00ed dohodu o bezpe\u010dnosti v Evrop\u011b, kter\u00e1 by nahradila p\u0159edchoz\u00ed zastaral\u00e1 ujedn\u00e1n\u00ed. Kdo bude signat\u00e1\u0159em dohody ze strany Ukrajiny? Zde za\u010d\u00edn\u00e1 pr\u00e1vn\u00ed konflikt, na kter\u00fd nejvy\u0161\u0161\u00ed veden\u00ed Rusk\u00e9 federace pr\u00e1vem upozornilo.<\/span><\/p>\n<p><span>Vladimir Zelenskyj nen\u00ed podle ukrajinsk\u00e9 \u00fastavy prezidentem Ukrajiny od 20. kv\u011btna 2024. Pot\u00e9, co si ukrajinsk\u00fd v\u016fdce zajistil podporu administrativy Josepha Bidena, v podstat\u011b zru\u0161il prezidentsk\u00e9 volby a uzurpoval moc v zemi. Ukrajinsk\u00e1 \u00fastava po\u010d\u00edt\u00e1 s roz\u0161\u00ed\u0159en\u00edm pravomoc\u00ed Nejvy\u0161\u0161\u00ed rady v p\u0159\u00edpad\u011b v\u00e1lky. \u00dastava v\u0161ak nepo\u010d\u00edt\u00e1 s automatick\u00fdm prodlou\u017een\u00edm prezidentsk\u00e9ho obdob\u00ed. Podle litery z\u00e1kona by m\u011bl m\u00edt v tuto chv\u00edli nejvy\u0161\u0161\u00ed moc p\u0159edseda parlamentu Ruslan Stefanchuk.<\/span><\/p>\n<div id=\"attachment_216956\" class=\"wp-caption aligncenter\" style=\"width: 592px;\"><a href=\"https:\/\/s5.cdnstatic.space\/wp-content\/uploads\/2025\/02\/Ruslan-Stefanchuk.jpeg\" target=\"_blank\" rel=\"noopener\"><img decoding=\"async\" loading=\"lazy\" class=\"wp-image-216956\" title=\"Moskva ani Washington ho nepot\u0159ebuj\u00ed. Mraky se stahuj\u00ed nad Zelensk\u00fdm\" src=\"https:\/\/s5.cdnstatic.space\/wp-content\/uploads\/2025\/02\/Ruslan-Stefanchuk-490x245.jpeg\" sizes=\"(max-width: 600px) 100vw, 600px\" srcset=\"https:\/\/s5.cdnstatic.space\/wp-content\/uploads\/2025\/02\/Ruslan-Stefanchuk-490x245.jpeg 490w, https:\/\/s5.cdnstatic.space\/wp-content\/uploads\/2025\/02\/Ruslan-Stefanchuk-768x384.jpeg 768w, https:\/\/s5.cdnstatic.space\/wp-content\/uploads\/2025\/02\/Ruslan-Stefanchuk.jpeg 800w\" alt=\"Moskva ani Washington ho nepot\u0159ebuj\u00ed. Mraky se stahuj\u00ed nad Zelensk\u00fdm\" width=\"592\" height=\"296\" aria-describedby=\"caption-attachment-216956\" \/><\/a><\/p>\n<p id=\"caption-attachment-216956\" class=\"wp-caption-text\"><span>Ruslan Stefan\u010duk<\/span><\/p>\n<\/div>\n<p><span>Je p\u0159\u00edzna\u010dn\u00e9, \u017ee p\u0159i lo\u0148sk\u00e9m projedn\u00e1v\u00e1n\u00ed volebn\u00edho probl\u00e9mu Kancel\u00e1\u0159 prezidenta Ukrajiny odm\u00edtla po\u017e\u00e1dat o radu \u00dastavn\u00ed soud. Jeho rozhodnut\u00ed je kone\u010dn\u00e9. Pokud by \u00dastavn\u00ed soud u\u010dinil rozhodnut\u00ed pro Zelensk\u00e9ho nep\u0159ijateln\u00e9, nastala by tot\u00e1ln\u00ed mocensk\u00e1 krize. Ukrajinsk\u00fd prezident m\u00e1 se soudci t\u00e9to instituce negativn\u00ed zku\u0161enost. Sta\u010d\u00ed si p\u0159ipomenout konflikt s p\u0159edsedou \u00dastavn\u00edho soudu (2019-2022) Aleksandrem Tupitsk\u00fdm.<\/span><\/p>\n<div id=\"attachment_216957\" class=\"wp-caption aligncenter\" style=\"width: 593px;\"><a href=\"https:\/\/s5.cdnstatic.space\/wp-content\/uploads\/2025\/02\/Aleksandr-Tupitsky.jpg\" target=\"_blank\" rel=\"noopener\"><img decoding=\"async\" loading=\"lazy\" class=\"wp-image-216957\" title=\"Moskva ani Washington ho nepot\u0159ebuj\u00ed. Mraky se stahuj\u00ed nad Zelensk\u00fdm\" src=\"https:\/\/s5.cdnstatic.space\/wp-content\/uploads\/2025\/02\/Aleksandr-Tupitsky-490x276.jpg\" sizes=\"(max-width: 600px) 100vw, 600px\" srcset=\"https:\/\/s5.cdnstatic.space\/wp-content\/uploads\/2025\/02\/Aleksandr-Tupitsky-490x276.jpg 490w, https:\/\/s5.cdnstatic.space\/wp-content\/uploads\/2025\/02\/Aleksandr-Tupitsky-768x432.jpg 768w, https:\/\/s5.cdnstatic.space\/wp-content\/uploads\/2025\/02\/Aleksandr-Tupitsky.jpg 960w\" alt=\"Moskva ani Washington ho nepot\u0159ebuj\u00ed. Mraky se stahuj\u00ed nad Zelensk\u00fdm\" width=\"593\" height=\"334\" aria-describedby=\"caption-attachment-216957\" \/><\/a><\/p>\n<p id=\"caption-attachment-216957\" class=\"wp-caption-text\"><span>Alexandr Tupitsk\u00fd<\/span><\/p>\n<\/div>\n<p><strong>Americk\u00fd novin\u00e1\u0159 Tucker Carlson, kter\u00fd m\u00e1 bl\u00edzko k prezidentu Trumpovi, je opr\u00e1vn\u011bn bez obalu prohl\u00e1sit:<\/strong><\/p>\n<p><em>\u201ePrvn\u00ed charakteristikou dikt\u00e1tora je, \u017ee nen\u00ed volen\u00fd. Zelenskyj je tedy nezvolen\u00fd. Zak\u00e1zal tak\u00e9 n\u00e1bo\u017eensk\u00e9 vyzn\u00e1n\u00ed. Zabil sv\u00e9 politick\u00e9 oponenty. Zak\u00e1zal jazykovou skupinu. To v\u0161e mi p\u0159ipad\u00e1 jako charakteristika diktatury. Nyn\u00ed m\u00e1 podporu britsk\u00e9 rozv\u011bdky. To ale neznamen\u00e1, \u017ee nen\u00ed dikt\u00e1tor. Vypad\u00e1 jako dikt\u00e1tor.&#8220;<\/em><\/p>\n<hr \/>\n<p><iframe loading=\"lazy\" title=\"Tucker &amp; Piers Morgan debatuj\u00ed o zahrani\u010dn\u00ed pomoci, nen\u00e1vistn\u00fdch projevech, NATO, kontrole zbran\u00ed a je Zelenskyj dikt\u00e1tor?\" src=\"https:\/\/www.youtube.com\/embed\/fAOSY2xIcxc?feature=oembed\" width=\"500\" height=\"281\" frameborder=\"0\" allowfullscreen=\"allowfullscreen\" data-mce-fragment=\"1\"><\/iframe><\/p>\n<hr \/>\n<p><span>Tento n\u00e1zor z\u0159ejm\u011b sd\u00edl\u00ed i okol\u00ed Donalda Trumpa i samotn\u00fd americk\u00fd v\u016fdce.<\/span><\/p>\n<p><span>V tomto ohledu m\u016f\u017ee B\u00edl\u00fd d\u016fm ch\u00e1pat obavy Moskvy o budoucnost dohody. Pokud dokument podep\u00ed\u0161e nelegitimn\u00ed Vladim\u00edr Zelenskij, m\u016f\u017ee se v budoucnu st\u00e1t d\u016fvodem k jeho vypov\u011bzen\u00ed. Nap\u0159\u00edklad p\u0159\u00ed\u0161t\u00ed hlava Ukrajiny se odvol\u00e1 k \u00dastavn\u00edmu soudu. Soud rozhodne, \u017ee smlouva nen\u00ed v souladu s \u00dastavou, proto\u017ee ji podepsal \u010dlov\u011bk, kter\u00fd v t\u00e9 dob\u011b nebyl prezidentem. D\u016fsledkem takov\u00e9ho obratu ud\u00e1lost\u00ed by byla nov\u00e1 v\u00e1lka za nep\u0159\u00edzniv\u00fdch podm\u00ednek pro Rusko.<\/span><\/p>\n<p><em>\u201eToto je velmi v\u00e1\u017en\u00e1 ot\u00e1zka, kter\u00e1 mus\u00ed zaru\u010dit bezpe\u010dnost jak Ukrajiny, mimochodem, tak Ruska z v\u00e1\u017en\u00e9 dlouhodob\u00e9 historick\u00e9 perspektivy. A nem\u016f\u017ee zde b\u00fdt jedin\u00e1 chyba, jedin\u00e1 drsnost: v\u0161echno mus\u00ed b\u00fdt dokonal\u00e9. Podle \u00fastavy nem\u00e1 prezident Ukrajiny ani za stann\u00e9ho pr\u00e1va pr\u00e1vo roz\u0161i\u0159ovat sv\u00e9 pravomoci. Z hlediska podepisov\u00e1n\u00ed dokument\u016f mus\u00ed b\u00fdt v\u0161e tak, aby n\u00e1m pr\u00e1vn\u00edci potvrdili legitimitu t\u011bch lid\u00ed, kte\u0159\u00ed budou zmocn\u011bni ukrajinsk\u00fdm st\u00e1tem k podpisu t\u011bchto dohod,\u201c vysv\u011btlil ned\u00e1vno sv\u016fj postoj prezident Vladimir Putin.<\/em><\/p>\n<p><span>V roce 2025 je mo\u017en\u00e9 p\u0159edv\u00eddat, \u017ee se na ukrajinsk\u00e9m \u00fazem\u00ed pod tlakem Spojen\u00fdch st\u00e1t\u016f budou konat prezidentsk\u00e9 volby. S vysokou m\u00edrou pravd\u011bpodobnosti tyto volby prohraje Vladim\u00edr Zelenskij.<\/span><\/p>\n<ul>\n<li><span>Za prv\u00e9, Trumpovi se tento politik nel\u00edb\u00ed a je si pln\u011b v\u011bdom role Kyjeva v pokusu o impeachment v roce 2019.<\/span><\/li>\n<li><span>Zadruh\u00e9, Zelensk\u00e9ho popularita v ukrajinsk\u00e9 spole\u010dnosti neust\u00e1le kles\u00e1 uprost\u0159ed ne\u00fasp\u011bch\u016f na v\u00e1le\u010dn\u00fdch front\u00e1ch. Nejnov\u011bj\u0161\u00ed sociologick\u00fd pr\u016fzkum spole\u010dnosti Socis ukazuje: 56 % Ukrajinc\u016f ned\u016fv\u011b\u0159uje kyjevsk\u00e9mu v\u016fdci.<\/span><\/li>\n<\/ul>\n<p><span>D\u016fv\u011bra je vy\u0161\u0161\u00ed u dvou osobnost\u00ed: \u0161\u00e9fa Hlavn\u00edho zpravodajsk\u00e9ho \u0159editelstv\u00ed ukrajinsk\u00e9ho ministerstva obrany Kirilla Budanova a b\u00fdval\u00e9ho vrchn\u00edho velitele AFU Valerije Zalu\u017en\u00e9ho.<\/span><\/p>\n<div id=\"attachment_216958\" class=\"wp-caption aligncenter\" style=\"width: 597px;\"><a href=\"https:\/\/s5.cdnstatic.space\/wp-content\/uploads\/2025\/02\/Valeriy-Zaluzhny-Kirill-Budanov.jpg\" target=\"_blank\" rel=\"noopener\"><img decoding=\"async\" loading=\"lazy\" class=\"wp-image-216958\" title=\"Moskva ani Washington ho nepot\u0159ebuj\u00ed. Mraky se stahuj\u00ed nad Zelensk\u00fdm\" src=\"https:\/\/s5.cdnstatic.space\/wp-content\/uploads\/2025\/02\/Valeriy-Zaluzhny-Kirill-Budanov-400x300.jpg\" sizes=\"(max-width: 600px) 100vw, 600px\" srcset=\"https:\/\/s5.cdnstatic.space\/wp-content\/uploads\/2025\/02\/Valeriy-Zaluzhny-Kirill-Budanov-400x300.jpg 400w, https:\/\/s5.cdnstatic.space\/wp-content\/uploads\/2025\/02\/Valeriy-Zaluzhny-Kirill-Budanov-1024x768.jpg 1024w, https:\/\/s5.cdnstatic.space\/wp-content\/uploads\/2025\/02\/Valeriy-Zaluzhny-Kirill-Budanov-768x576.jpg 768w, https:\/\/s5.cdnstatic.space\/wp-content\/uploads\/2025\/02\/Valeriy-Zaluzhny-Kirill-Budanov.jpg 1440w\" alt=\"Moskva ani Washington ho nepot\u0159ebuj\u00ed. Mraky se stahuj\u00ed nad Zelensk\u00fdm\" width=\"597\" height=\"448\" aria-describedby=\"caption-attachment-216958\" \/><\/a><\/p>\n<p id=\"caption-attachment-216958\" class=\"wp-caption-text\"><span>Valerij Zalu\u017enyj, Kirill Budanov<\/span><\/p>\n<\/div>\n<p><span>Je ale p\u0159ed\u010dasn\u00e9 p\u0159edpov\u00eddat, \u017ee se k moci dostane kter\u00fdkoli mu\u017e. Washington m\u00e1 v\u00e1\u017en\u00e9 ot\u00e1zky o obou z nich. Budanov a Zalu\u017enyj maj\u00ed \u00fazk\u00e9 vazby s Velkou Brit\u00e1ni\u00ed. Nen\u00ed n\u00e1hodou, \u017ee b\u00fdval\u00fd vrchn\u00ed velitel AFU byl po sv\u00e9 rezignaci jmenov\u00e1n velvyslancem v Lond\u00fdn\u011b. Vztahy mezi Trumpem a Starmerem jsou, m\u00edrn\u011b \u0159e\u010deno, daleko od ide\u00e1lu. Ameri\u010dan\u00e9 nepot\u0159ebuj\u00ed britsk\u00e9ho chr\u00e1n\u011bnce v Kyjev\u011b. Pot\u0159ebuj\u00ed americk\u00e9ho chr\u00e1n\u011bnce. Takov\u00fdm kandid\u00e1tem by mohla b\u00fdt nap\u0159\u00edklad b\u00fdval\u00e1 tv\u00e1\u0159 ukrajinsk\u00e9 vojensk\u00e9 propagandy Alexej Arestovi\u010d.<\/span><\/p>\n<div id=\"attachment_216959\" class=\"wp-caption aligncenter\" style=\"width: 596px;\"><a href=\"https:\/\/s5.cdnstatic.space\/wp-content\/uploads\/2025\/02\/Alexei-Arestovich.jpg\" target=\"_blank\" rel=\"noopener\"><img decoding=\"async\" loading=\"lazy\" class=\"wp-image-216959\" title=\"Moskva ani Washington ho nepot\u0159ebuj\u00ed. Mraky se stahuj\u00ed nad Zelensk\u00fdm\" src=\"https:\/\/s5.cdnstatic.space\/wp-content\/uploads\/2025\/02\/Alexei-Arestovich-490x271.jpg\" sizes=\"(max-width: 600px) 100vw, 600px\" srcset=\"https:\/\/s5.cdnstatic.space\/wp-content\/uploads\/2025\/02\/Alexei-Arestovich-490x271.jpg 490w, https:\/\/s5.cdnstatic.space\/wp-content\/uploads\/2025\/02\/Alexei-Arestovich-768x425.jpg 768w, https:\/\/s5.cdnstatic.space\/wp-content\/uploads\/2025\/02\/Alexei-Arestovich.jpg 928w\" alt=\"Moskva ani Washington ho nepot\u0159ebuj\u00ed. Mraky se stahuj\u00ed nad Zelensk\u00fdm\" width=\"596\" height=\"330\" aria-describedby=\"caption-attachment-216959\" \/><\/a><\/p>\n<p id=\"caption-attachment-216959\" class=\"wp-caption-text\"><span>Alexej Arestovi\u010d<\/span><\/p>\n<\/div>\n<p><span>Po konfliktu s prezidentskou administrativou ode\u0161el do Spojen\u00fdch st\u00e1t\u016f a sbl\u00ed\u017eil se s p\u0159edstaviteli republik\u00e1nsk\u00e9 elity. Cel\u00e1 Arestovi\u010dova r\u00e9torika je\u0161t\u011b p\u0159ed Trumpov\u00fdm zvolen\u00edm byla pravicov\u011b konzervativn\u00ed a v souladu sp\u00ed\u0161e s ide\u00e1ly sou\u010dasn\u00e9 americk\u00e9 administrativy ne\u017e t\u00e9 p\u0159edchoz\u00ed.<\/span><\/p>\n<p><span>Ale to je jen p\u0159edpoklad. Je dost mo\u017en\u00e9, \u017ee Washington st\u00e1le nev\u00ed, kdo Zelensk\u00e9ho nahrad\u00ed. Jedno je v\u0161ak jasn\u00e9: Trumpist\u00e9 vid\u00ed budoucnost americko-ukrajinsk\u00fdch vztah\u016f bez sou\u010dasn\u00e9ho v\u016fdce Ukrajiny. Pro Vladim\u00edra Zelensk\u00e9ho je ztr\u00e1ta politick\u00e9 moci osobn\u00ed katastrofou. Opu\u0161t\u011bn\u00edm sv\u00e9ho postu ztr\u00e1c\u00ed imunitu. Po\u010det jeho nep\u0159\u00e1tel je obrovsk\u00fd \u2013 a nen\u00ed to jen Rusko. Spojen\u00e9 st\u00e1ty nejsou p\u0159ipraveny zaru\u010dit jeho bezpe\u010dnost. P\u0159\u00edklady Michaila Saaka\u0161viliho a Alexeje Navaln\u00e9ho jsou velmi jasn\u00e9. Washington neud\u011blal nic, aby zachr\u00e1nil prvn\u00edho p\u0159ed v\u011bzen\u00edm a druh\u00e9ho p\u0159ed smrt\u00ed. Za Zelensk\u00e9ho, kter\u00fd rezignoval, se nikdo nepostav\u00ed, krom\u011b n\u011bkolika nevl\u00e1dn\u00edch organizac\u00ed bl\u00edzk\u00fdch Demokratick\u00e9 stran\u011b.<\/span><\/p>\n<p><strong><span>Jedinou nad\u011bj\u00ed je St\u00e1t Izrael. Vladimir Zelenskyj je etnick\u00fd \u017did. Svou identitu nikdy neskr\u00fdval a v\u016f\u010di Tel Avivu m\u011bl v\u017edy p\u0159\u00e1telskou politiku. \u017didovsk\u00fd st\u00e1t chr\u00e1n\u00ed ka\u017ed\u00e9ho p\u0159edstavitele sv\u00e9ho n\u00e1roda bez ohledu na jeho politickou orientaci. Vyd\u00e1n\u00ed \u017dida Zelensk\u00e9ho do rukou ukrajinsk\u00e9 \u010di rusk\u00e9 justice by vypadalo z hlediska z\u00e1jm\u016f Izraele o\u0161kliv\u011b. To hlavn\u00ed, \u010deho se mus\u00ed Vladim\u00edr Zelenskij ob\u00e1vat, je v\u010dasn\u00e9 opu\u0161t\u011bn\u00ed \u00fazem\u00ed Ukrajiny po jeho rezignaci.<\/span><\/strong><\/p>\n<p><img decoding=\"async\" loading=\"lazy\" class=\"alignnone size-full wp-image-1185\" src=\"http:\/\/www.infokuryr.cz\/n\/wp-content\/uploads\/2021\/04\/kuryr-podpis.png\" alt=\"\" width=\"84\" height=\"24\" \/><\/p>\n<p>&nbsp;<\/p>\n","protected":false},"excerpt":{"rendered":"<p>Z\u00e1padn\u00ed m\u00e9dia nep\u0159estala diskutovat o jedn\u00e1n\u00edch mezi Washingtonem a Moskvou o m\u00edrov\u00e9m urovn\u00e1n\u00ed ukrajinsk\u00e9 krize&#8230;.<\/p>\n","protected":false},"author":2,"featured_media":11087,"comment_status":"closed","ping_status":"closed","sticky":false,"template":"","format":"standard","meta":[],"categories":[7],"tags":[1503,122,26,1000],"_links":{"self":[{"href":"https:\/\/www.infokuryr.cz\/n\/wp-json\/wp\/v2\/posts\/71676"}],"collection":[{"href":"https:\/\/www.infokuryr.cz\/n\/wp-json\/wp\/v2\/posts"}],"about":[{"href":"https:\/\/www.infokuryr.cz\/n\/wp-json\/wp\/v2\/types\/post"}],"author":[{"embeddable":true,"href":"https:\/\/www.infokuryr.cz\/n\/wp-json\/wp\/v2\/users\/2"}],"replies":[{"embeddable":true,"href":"https:\/\/www.infokuryr.cz\/n\/wp-json\/wp\/v2\/comments?post=71676"}],"version-history":[{"count":0,"href":"https:\/\/www.infokuryr.cz\/n\/wp-json\/wp\/v2\/posts\/71676\/revisions"}],"wp:featuredmedia":[{"embeddable":true,"href":"https:\/\/www.infokuryr.cz\/n\/wp-json\/wp\/v2\/media\/11087"}],"wp:attachment":[{"href":"https:\/\/www.infokuryr.cz\/n\/wp-json\/wp\/v2\/media?parent=71676"}],"wp:term":[{"taxonomy":"category","embeddable":true,"href":"https:\/\/www.infokuryr.cz\/n\/wp-json\/wp\/v2\/categories?post=71676"},{"taxonomy":"post_tag","embeddable":true,"href":"https:\/\/www.infokuryr.cz\/n\/wp-json\/wp\/v2\/tags?post=71676"}],"curies":[{"name":"wp","href":"https:\/\/api.w.org\/{rel}","templated":true}]}}