{"id":71652,"date":"2025-02-06T00:37:17","date_gmt":"2025-02-05T23:37:17","guid":{"rendered":"https:\/\/www.infokuryr.cz\/n\/?p=71652"},"modified":"2025-02-05T16:04:54","modified_gmt":"2025-02-05T15:04:54","slug":"polsky-profesor-takto-planuji-francie-a-nemecko-zaplavit-polsko-imigranty","status":"publish","type":"post","link":"https:\/\/www.infokuryr.cz\/n\/2025\/02\/06\/polsky-profesor-takto-planuji-francie-a-nemecko-zaplavit-polsko-imigranty\/","title":{"rendered":"Polsk\u00fd profesor: Takto pl\u00e1nuj\u00ed Francie a N\u011bmecko zaplavit Polsko imigranty"},"content":{"rendered":"<div id=\"fb-root\"><\/div>\n<div class=\"elementor-element elementor-element-1fb4c2c elementor-widget elementor-widget-theme-post-content\" data-id=\"1fb4c2c\" data-element_type=\"widget\" data-widget_type=\"theme-post-content.default\">\n<div class=\"elementor-widget-container\">\n<p><span style=\"font-size: 14pt;\"><strong>\u201eMechanismus p\u0159es\u00eddlen\u00ed byl vynalezen, aby tyto p\u0159ist\u011bhovalce poslal zp\u011bt do Polska, p\u0159edev\u0161\u00edm z N\u011bmecka.<\/strong><\/span><\/p>\n<p><span>P\u0159esto\u017ee Polsko pro\u0161lo v posledn\u00edch letech rychl\u00fdmi demografick\u00fdmi zm\u011bnami kv\u016fli imigraci, je st\u00e1le nejv\u011bt\u0161\u00ed a nejmocn\u011bj\u0161\u00ed zem\u00ed v\u00fdchodn\u00ed Evropy s t\u00e9m\u011b\u0159 zcela homogenn\u00edm obyvatelstvem. Proto je EU odhodl\u00e1na to zm\u011bnit prost\u0159ednictv\u00edm migra\u010dn\u00edho paktu EU, \u0159\u00edk\u00e1 politolog Tomasz Grosse.<\/span><\/p>\n<p><span>Reloka\u010dn\u00ed mechanismus EU byl vynalezen pr\u00e1v\u011b proto, aby tyto imigranty poslal zp\u011bt do Polska, jak\u00a0<\/span><a href=\"https:\/\/dorzeczy.pl\/unia-europejska\/685689\/mechanizm-relokacji-po-to-zeby-odsylac-imigrantow-do-polski.html\"><span>uv\u00e1d\u00ed polsk\u00fd zpravodajsk\u00fd kan\u00e1l Do Rzeczy.<\/span><\/a><span>\u00a0&#8222;Bruselsk\u00e9 elity nikdy nem\u011bly v \u00famyslu vy\u0159e\u0161it probl\u00e9m migrace,&#8220; dodal.<\/span><\/p>\n<p><span>Profesor Grosse ve sv\u00e9m rozhovoru s \u0141ukaszem Jankowskim p\u0159ipomn\u011bl, \u017ee levicov\u00e9 veden\u00ed Evropsk\u00e9 unie mohlo u\u017e d\u00e1vno u\u010dinit velmi jednoduch\u00e9 rozhodnut\u00ed zastavit p\u0159\u00edliv imigrant\u016f na kontinent, ale nic takov\u00e9ho se neud\u011blalo.<\/span><\/p>\n<p><span>\u201eProto\u017ee mezi liber\u00e1ln\u00edmi elitami existuje m\u00fdtus, \u017ee \u010d\u00edm v\u00edce migrant\u016f, t\u00edm l\u00e9pe pro trh pr\u00e1ce EU. Nikdo se nestar\u00e1 o voli\u010de, nikoho nezaj\u00edm\u00e1 kriminalita, nikoho nezaj\u00edm\u00e1, \u017ee migranti neberou pr\u00e1ci, ale z\u016fst\u00e1vaj\u00ed v syst\u00e9mech soci\u00e1ln\u00edho zabezpe\u010den\u00ed,\u201c \u0159ekl.<\/span><\/p>\n<p><span>V Polsku tento profesor varoval, \u017ee po cel\u00e9 zemi se ji\u017e z pen\u011bz da\u0148ov\u00fdch poplatn\u00edk\u016f buduj\u00ed \u201eintegra\u010dn\u00ed centra\u201c (CIC), aby se vypo\u0159\u00e1dala s dal\u0161\u00ed f\u00e1z\u00ed masov\u00e9 migrace, a tato centra jsou vy\u017eadov\u00e1na z\u00e1konem podle ustanoven\u00ed nov\u00e9ho migra\u010dn\u00edho paktu EU. V\u0161echny jejich adresy\u00a0<\/span><a href=\"https:\/\/dorzeczy.pl\/kraj\/685639\/centra-integracji-cudzoziemcow-w-polsce-adresy-osrodkow.html\" target=\"_blank\" rel=\"noreferrer noopener\"><span>unikly do polsk\u00e9ho tisku<\/span><\/a><span>\u00a0.<\/span><\/p>\n<p><span>Premi\u00e9r Donald Tusk a dal\u0161\u00ed proimigra\u010dn\u00ed pol\u0161t\u00ed politici v\u0161ak zpo\u010d\u00e1tku tvrdili, \u017ee polsk\u00e9 p\u0159ijet\u00ed stovek tis\u00edc ukrajinsk\u00fdch uprchl\u00edk\u016f ho osvobozuje od p\u0159ij\u00edm\u00e1n\u00ed neleg\u00e1ln\u00edch imigrant\u016f p\u0159ich\u00e1zej\u00edc\u00edch do Evropy.<\/span><\/p>\n<p><span>Profesor Grosse nyn\u00ed tato tvrzen\u00ed odm\u00edt\u00e1. Komisa\u0159 EU pro vnit\u0159n\u00ed z\u00e1le\u017eitosti a migraci Magnus Brunner podle n\u011bj p\u0159ipustil, \u017ee Polsko nen\u00ed osvobozeno od povinnosti p\u0159ij\u00edmat neleg\u00e1ln\u00ed imigranty, proto\u017ee poskytuje masovou pomoc uprchl\u00edk\u016fm a imigrant\u016fm z Ukrajiny.<\/span><\/p>\n<p><span>\u00da\u0159ady tak\u00e9 tvrd\u00ed, \u017ee CIC nebudou ubytovac\u00edmi centry, ale informa\u010dn\u00edmi a servisn\u00edmi centry, kde budou imigranti dost\u00e1vat v\u00fduku polsk\u00e9ho jazyka nebo psychologickou p\u00e9\u010di o d\u011bti. Opozice zase varuje, \u017ee jde o sou\u010d\u00e1st p\u0159\u00edprav na masov\u00fd p\u0159\u00edliv mimoevropsk\u00fdch imigrant\u016f do Polska.<\/span><\/p>\n<h2 id=\"relocation-mechanism\" class=\"wp-block-heading\"><span>Posuvn\u00fd mechanismus<\/span><\/h2>\n<p><span>Prof. Grosse \u0159ekl, \u017ee ka\u017ed\u00e9mu, kdo se zaj\u00edm\u00e1 o evropskou politiku, je jasn\u00e9, \u017ee Evropsk\u00e1 komise nebude Polsku d\u011blat \u017e\u00e1dn\u00e9 \u00fastupky.<\/span><\/p>\n<p><span>\u201eMechanismus p\u0159es\u00eddlen\u00ed byl vynalezen pr\u00e1v\u011b proto, aby tyto p\u0159ist\u011bhovalce poslal zp\u011bt do Polska, zejm\u00e9na z N\u011bmecka. Proto\u017ee to byla my\u0161lenka, nebylo mo\u017en\u00e9, aby Evropsk\u00e1 komise tento n\u00e1stroj pozastavila,\u201c \u0159ekl.<\/span><\/p>\n<p><span>Grosse upozornil, \u017ee Evropsk\u00e1 komise prosazuje t\u00e9ma relokace imigrant\u016f minim\u00e1ln\u011b n\u011bkolik m\u011bs\u00edc\u016f.<\/span><\/p>\n<p><span>\u201eTi, kte\u0159\u00ed se dlouhodob\u011b, mimo jin\u00e9 b\u011bhem prezidentsk\u00e9 volebn\u00ed kampan\u011b, sna\u017e\u00ed p\u0159im\u011bt Polsko k jednostrann\u00e9mu vypov\u011bzen\u00ed migra\u010dn\u00edho paktu, maj\u00ed pravdu,\u201c \u0159ekl s t\u00edm, \u017ee to bylo i c\u00edlem referenda bojkotovan\u00e9ho Donaldem Tuskem a Ob\u010danskou platformou.<\/span><\/p>\n<h2 id=\"illegal-immigrants-also-to-the-eu-peripheries-including-poland\" class=\"wp-block-heading\"><span>Neleg\u00e1ln\u00ed imigranti tak\u00e9 na periferii EU \u2013 v\u010detn\u011b Polska<\/span><\/h2>\n<p><span>\u201eParaleln\u011b s p\u0159es\u00eddlovac\u00edmi mechanismy prob\u00edh\u00e1 mnohem rozs\u00e1hlej\u0161\u00ed proces odes\u00edl\u00e1n\u00ed imigrant\u016f z N\u011bmecka do Polska pod z\u00e1minkou, \u017ee do N\u011bmecka p\u0159i\u0161li p\u0159es Polsko,\u201c dodal.<\/span><\/p>\n<p><span>Jankowski z\u00a0<\/span><em><span>Wnet<\/span><\/em><span>\u00a0se zeptal na kv\u00f3ty imigrant\u016f \u2013 \u201ekv\u00f3ty\u201c je term\u00edn pou\u017e\u00edvan\u00fd EU \u2013, kter\u00e9 maj\u00ed b\u00fdt zasl\u00e1ny do Polska. Grosse vysv\u011btlil, \u017ee se o\u010dek\u00e1v\u00e1, \u017ee do Polska p\u0159ijde ka\u017ed\u00fd rok 10 000 migrant\u016f. Migra\u010dn\u00ed pakt v\u0161ak stanov\u00ed, \u017ee Evropsk\u00e1 komise m\u016f\u017ee v krizov\u00e9 situaci tyto kv\u00f3ty zv\u00fd\u0161it \u2013 a Evropa se v takov\u00e9 situaci st\u00e1le nach\u00e1z\u00ed.<\/span><\/p>\n<p><span>Grosse vysv\u011btlil, \u017ee sou\u010dasn\u00fdm konceptem establishmentu je p\u0159esunout n\u00e1klady na \u201e\u0161\u00edlenou migra\u010dn\u00ed politiku\u201c ze zem\u00ed, kter\u00e9 \u0159\u00edd\u00ed EU \u2013 N\u011bmecka nebo Francie \u2013 do evropsk\u00fdch perifern\u00edch zem\u00ed, jako je Polsko.<\/span><\/p>\n<p><span>&#8222;Nyn\u00ed ale m\u00e1me vl\u00e1du, kter\u00e1 nebyla n\u00e1hodou po l\u00e9ta podporov\u00e1na Bruselem proti p\u0159edchoz\u00ed vl\u00e1d\u011b, proto\u017ee je to vl\u00e1da, kter\u00e1 tyto politiky \u0161\u00ed\u0159\u00ed, jedn\u00e1 jako guvern\u00e9r,&#8220; \u0159ekl Grosse.<\/span><\/p>\n<p><span>Jak vysv\u011btlil, jde o to, \u017ee voli\u010di v perifern\u00edch zem\u00edch bu\u010f neznaj\u00ed proces deportac\u00ed neleg\u00e1ln\u00edch imigrant\u016f do sv\u00fdch zem\u00ed, nebo tento proces p\u0159ij\u00edmaj\u00ed s \u00fasm\u011bvem a pova\u017euj\u00ed ho za p\u0159\u00ednosn\u00fd.<\/span><\/p>\n<p><span>Za zm\u00ednku stoj\u00ed, \u017ee migra\u010dn\u00ed pakt EU po\u010d\u00edt\u00e1 mimo jin\u00e9 s usnadn\u011bn\u00edm deporta\u010dn\u00edch procedur, ale podstatou projektu je distribuce neleg\u00e1ln\u00edch imigrant\u016f z Afriky a Bl\u00edzk\u00e9ho v\u00fdchodu nejen do z\u00e1padn\u00ed Evropy, ale i do \u010dlensk\u00fdch st\u00e1t\u016f EU, kter\u00e9 si dosud chr\u00e1nily sv\u00e9 hranice t\u00edm, \u017ee do zem\u011b nepou\u0161t\u011bly cizince z jin\u00fdch civilizac\u00ed. Zem\u011b jako Ma\u010farsko jsou hlavn\u00edm c\u00edlem.<\/span><\/p>\n<p><span>Podle paktu mus\u00ed da\u0148ov\u00ed poplatn\u00edci \u010dlensk\u00e9ho st\u00e1tu, kter\u00fd odm\u00edtne p\u0159ijmout imigranty, zaplatit 20 000 eur za ka\u017ed\u00e9ho nep\u0159ijat\u00e9ho cizince.<\/span><\/p>\n<\/div>\n<\/div>\n<div class=\"elementor-element elementor-element-8c57238 quelle dc-has-condition dc-condition-empty elementor-widget elementor-widget-heading\" data-id=\"8c57238\" data-element_type=\"widget\" data-widget_type=\"heading.default\">\n<div class=\"elementor-widget-container\">\n<h3 class=\"elementor-heading-title elementor-size-default\"><span style=\"font-size: 10pt;\"><a href=\"https:\/\/rmx.news\/article\/polish-professor-heres-how-france-and-germany-plan-to-flood-poland-with-immigrants\/\" target=\"_blank\" rel=\"nofollow noopener\">Zdroj<\/a><\/span><\/h3>\n<p>&nbsp;<\/p>\n<\/div>\n<\/div>\n","protected":false},"excerpt":{"rendered":"<p>\u201eMechanismus p\u0159es\u00eddlen\u00ed byl vynalezen, aby tyto p\u0159ist\u011bhovalce poslal zp\u011bt do Polska, p\u0159edev\u0161\u00edm z N\u011bmecka. P\u0159esto\u017ee&#8230;<\/p>\n","protected":false},"author":2,"featured_media":62167,"comment_status":"closed","ping_status":"closed","sticky":false,"template":"","format":"standard","meta":[],"categories":[7],"tags":[119,31,365],"_links":{"self":[{"href":"https:\/\/www.infokuryr.cz\/n\/wp-json\/wp\/v2\/posts\/71652"}],"collection":[{"href":"https:\/\/www.infokuryr.cz\/n\/wp-json\/wp\/v2\/posts"}],"about":[{"href":"https:\/\/www.infokuryr.cz\/n\/wp-json\/wp\/v2\/types\/post"}],"author":[{"embeddable":true,"href":"https:\/\/www.infokuryr.cz\/n\/wp-json\/wp\/v2\/users\/2"}],"replies":[{"embeddable":true,"href":"https:\/\/www.infokuryr.cz\/n\/wp-json\/wp\/v2\/comments?post=71652"}],"version-history":[{"count":0,"href":"https:\/\/www.infokuryr.cz\/n\/wp-json\/wp\/v2\/posts\/71652\/revisions"}],"wp:featuredmedia":[{"embeddable":true,"href":"https:\/\/www.infokuryr.cz\/n\/wp-json\/wp\/v2\/media\/62167"}],"wp:attachment":[{"href":"https:\/\/www.infokuryr.cz\/n\/wp-json\/wp\/v2\/media?parent=71652"}],"wp:term":[{"taxonomy":"category","embeddable":true,"href":"https:\/\/www.infokuryr.cz\/n\/wp-json\/wp\/v2\/categories?post=71652"},{"taxonomy":"post_tag","embeddable":true,"href":"https:\/\/www.infokuryr.cz\/n\/wp-json\/wp\/v2\/tags?post=71652"}],"curies":[{"name":"wp","href":"https:\/\/api.w.org\/{rel}","templated":true}]}}