{"id":71648,"date":"2025-02-06T00:35:02","date_gmt":"2025-02-05T23:35:02","guid":{"rendered":"https:\/\/www.infokuryr.cz\/n\/?p=71648"},"modified":"2025-02-05T13:41:43","modified_gmt":"2025-02-05T12:41:43","slug":"bill-gates-neprimo-vyzyva-svetove-vlady-aby-podnikly-kroky-proti-svobode-projevu-elona-muska","status":"publish","type":"post","link":"https:\/\/www.infokuryr.cz\/n\/2025\/02\/06\/bill-gates-neprimo-vyzyva-svetove-vlady-aby-podnikly-kroky-proti-svobode-projevu-elona-muska\/","title":{"rendered":"Bill Gates nep\u0159\u00edmo vyz\u00fdv\u00e1 sv\u011btov\u00e9 vl\u00e1dy, aby podnikly kroky proti svobod\u011b projevu Elona Muska"},"content":{"rendered":"<div id=\"fb-root\"><\/div>\n<div class=\"elementor-element elementor-element-1fb4c2c elementor-widget elementor-widget-theme-post-content\" data-id=\"1fb4c2c\" data-element_type=\"widget\" data-widget_type=\"theme-post-content.default\">\n<div class=\"elementor-widget-container\">\n<p><strong>Spoluzakladatel Microsoftu Bill Gates vyz\u00fdv\u00e1 vl\u00e1dy po cel\u00e9m sv\u011bt\u011b, aby \u0159e\u0161ily \u201eprobl\u00e9m se svobodou slova\u201c Elona Muska, gener\u00e1ln\u00edho \u0159editele X.<\/strong><\/p>\n<p><span>Konkr\u00e9tn\u011b Gates vyz\u00fdv\u00e1 k akci proti Muskov\u00fdm p\u0159\u00edsp\u011bvk\u016fm na soci\u00e1ln\u00edch s\u00edt\u00edch.<\/span><\/p>\n<p><span>V nov\u00e9m rozhovoru pro\u00a0<\/span><a href=\"https:\/\/www.thetimes.com\/life-style\/celebrity\/article\/bill-gates-interview-new-book-memoir-wh766b9bs\" target=\"_blank\" rel=\"noreferrer noopener\"><span>Times<\/span><\/a><span>\u00a0Gates odhaluje, \u017ee m\u00e1 k Muskovi negativn\u00ed pocity.<\/span><\/p>\n<p><span>Gates ujistil vl\u00e1dy a elity, kter\u00e9 jsou v podobn\u00e9 situaci, \u017ee mohou po\u010d\u00edtat s jeho podporou.<\/span><\/p>\n<p><span>Nazna\u010dil tak\u00e9, co by m\u011bli d\u011blat s Muskov\u00fdm \u201eprobl\u00e9mem\u201c a svobodou slova na jeho platform\u011b soci\u00e1ln\u00edch m\u00e9di\u00ed X.<\/span><\/p>\n<p><span>Gates v rozhovoru tvrdil, \u017ee vl\u00e1dy by m\u011bly cenzurovat Muska za jeho politick\u00e9 n\u00e1zory, zejm\u00e9na ty, kter\u00e9 ve\u0159ejn\u011b vyjad\u0159uje na X.<\/span><\/p>\n<p><span>Prozradil, \u017ee podporuje snahy britsk\u00e9 socialistick\u00e9 vl\u00e1dy a jej\u00edch spojenc\u016f v m\u00e9di\u00edch zas\u00e1hnout proti Muskovi.<\/span><\/p>\n<p><span>Britsk\u00e1 vl\u00e1dnouc\u00ed Labour Party odsoudila Muska jako \u201emiliard\u00e1\u0159sk\u00e9ho tyrana\u201c, kter\u00fd se \u00fadajn\u011b vm\u011b\u0161uje do z\u00e1le\u017eitost\u00ed zem\u011b.<\/span><\/p>\n<p><span>Musk pobou\u0159il levicovou vl\u00e1du t\u00edm, \u017ee se vyj\u00e1d\u0159il k ot\u00e1zk\u00e1m, jako je skand\u00e1l kolem gang\u016f zn\u00e1sil\u0148uj\u00edc\u00edch britsk\u00e9 d\u011bti.<\/span><\/p>\n<p><span>Tazatel Times popisuje Gatese jako \u201ezodpov\u011bdn\u00e9ho\u201c a na misi \u201ezachra\u0148ovat \u017eivoty\u201c.<\/span><\/p>\n<p><span>Gates souhlasil s popisem listu, kter\u00fd Muska b\u011b\u017en\u011b han\u00ed jako \u201ehrozbu\u201c.<\/span><\/p>\n<p><span>&#8222;Jsem extr\u00e9mn\u011b odli\u0161n\u00fd,&#8220; prohl\u00e1sil Gates a p\u0159irovnal se k Muskovi.<\/span><\/p>\n<p><span>\u201eJe opravdu \u0161\u00edlen\u00e9, \u017ee dok\u00e1\u017ee destabilizovat politickou situaci v zem\u00edch.<\/span><\/p>\n<p><span>\u201eMysl\u00edm, \u017ee v USA nemaj\u00ed cizinci povoleno darovat pen\u00edze; jin\u00e9 zem\u011b by mo\u017en\u00e1 m\u011bly p\u0159ijmout z\u00e1ruky, aby zajistily, \u017ee superbohat\u00ed cizinci nepokaz\u00ed jejich volby,\u201c \u0159ekl.<\/span><\/p>\n<p><span>Nicm\u00e9n\u011b Gatesova pozn\u00e1mka byla p\u0159ekvapiv\u00e1, proto\u017ee Musk je americk\u00fd ob\u010dan.<\/span><\/p>\n<p><span>Gates je nav\u00edc tak\u00e9 \u201esuper bohat\u00fd\u201c a jeho nadace zasahuje do spole\u010dnosti, zejm\u00e9na v rozvojov\u00fdch zem\u00edch.<\/span><\/p>\n<p><span>Gates Foundation investuje miliony do experiment\u016f ve t\u0159et\u00edm sv\u011bt\u011b v zem\u011bd\u011blstv\u00ed, o\u010dkov\u00e1n\u00ed a testov\u00e1n\u00ed digit\u00e1ln\u00edch ID v r\u00e1mci p\u0159\u00edpravy na glob\u00e1ln\u00ed zaveden\u00ed.<\/span><\/p>\n<p><span>Na jin\u00e9m m\u00edst\u011b v rozhovoru se Gates zam\u011b\u0159uje na Muskovy \u010detn\u00e9 v\u00fdznamn\u00e9 spole\u010dnosti a \u0159\u00edk\u00e1, \u017ee nech\u00e1pe, pro\u010d se zaj\u00edm\u00e1 o roz\u0161\u00ed\u0159en\u00e9 sexu\u00e1ln\u00ed vyko\u0159is\u0165ov\u00e1n\u00ed d\u011bt\u00ed.<\/span><\/p>\n<p><span>Pro\u010d je \u201eposedl\u00fd t\u00edmto p\u0159\u00edb\u011bhem o p\u00e9\u010di v Brit\u00e1nii\u201c? zeptal se Gates.<\/span><\/p>\n<p><span>&#8222;\u0158ekl jsem: &#8218;Co?&#8220; dodal.<\/span><\/p>\n<p><span>Muska tak\u00e9 obvinil z propagace \u201epravicov\u00fdch\u201c a \u201epopulistick\u00fdch hnut\u00ed\u201c, jako je podpora n\u011bmeck\u00e9 opozi\u010dn\u00ed strany AfD.<\/span><\/p>\n<p><span>AfD je pod siln\u00fdm tlakem n\u011bmeck\u00e9ho establishmentu a Evropsk\u00e9 unie.<\/span><\/p>\n<p><span>Pokud jde o soci\u00e1ln\u00ed m\u00e9dia, Gates to naz\u00fdv\u00e1 \u201eprobl\u00e9mem\u201c.<\/span><\/p>\n<p><span>Pot\u00e9 tvrd\u00ed, \u017ee mysl\u00ed \u201ena d\u011bti\u201c, kdy\u017e vyz\u00fdv\u00e1 k z\u00e1sahu proti \u201edezinformac\u00edm\u201c.<\/span><\/p>\n<p><span>Aby ospravedlnil sv\u016fj postoj, Gates obvi\u0148uje Muska a platformy soci\u00e1ln\u00edch m\u00e9di\u00ed, \u017ee umo\u017e\u0148uj\u00ed \u201ebl\u00e1zniv\u00fdm v\u011bcem, kter\u00e9 nejsou faktick\u00e9, aby dos\u00e1hly kritick\u00e9ho mno\u017estv\u00ed\u201c.<\/span><\/p>\n<p><span>Gates znovu chce, aby vl\u00e1da zakro\u010dila proti v\u011bcem, kter\u00e9 se mu nel\u00edb\u00ed.<\/span><\/p>\n<p><span>Je v\u0161ak \u201ezklaman\u00fd\u201c, \u017ee ani vl\u00e1da, ani technologick\u00e9 spole\u010dnosti \u00fadajn\u011b neud\u011blaly nic pro to, aby situaci \u201enapravily nebo zlep\u0161ily\u201c.<\/span><\/p>\n<p><span>&#8222;Tento p\u0159\u00edstup nebude optim\u00e1ln\u00ed,&#8220; varuje.<\/span><\/p>\n<p><span>\u201eVezm\u011bme si dezinformace o vakc\u00edn\u00e1ch: To by mohlo b\u00fdt nebezpe\u010dn\u00e9.<\/span><\/p>\n<p><span>&#8222;D\u011bti mohou zem\u0159\u00edt na spalni\u010dky.&#8220;<\/span><\/p>\n<\/div>\n<\/div>\n<div class=\"elementor-element elementor-element-8c57238 quelle dc-has-condition dc-condition-empty elementor-widget elementor-widget-heading\" data-id=\"8c57238\" data-element_type=\"widget\" data-widget_type=\"heading.default\">\n<div class=\"elementor-widget-container\">\n<h3 class=\"elementor-heading-title elementor-size-default\"><span style=\"font-size: 10pt;\"><a href=\"https:\/\/slaynews.com\/news\/bill-gates-calls-global-governments-crack-down-elon-musk-free-speech\/\" target=\"_blank\" rel=\"nofollow noopener\">Zdroj<\/a><\/span><\/h3>\n<p>&nbsp;<\/p>\n<\/div>\n<\/div>\n","protected":false},"excerpt":{"rendered":"<p>Spoluzakladatel Microsoftu Bill Gates vyz\u00fdv\u00e1 vl\u00e1dy po cel\u00e9m sv\u011bt\u011b, aby \u0159e\u0161ily \u201eprobl\u00e9m se svobodou slova\u201c&#8230;<\/p>\n","protected":false},"author":2,"featured_media":71649,"comment_status":"closed","ping_status":"closed","sticky":false,"template":"","format":"standard","meta":[],"categories":[7],"tags":[511,63,3209,538],"_links":{"self":[{"href":"https:\/\/www.infokuryr.cz\/n\/wp-json\/wp\/v2\/posts\/71648"}],"collection":[{"href":"https:\/\/www.infokuryr.cz\/n\/wp-json\/wp\/v2\/posts"}],"about":[{"href":"https:\/\/www.infokuryr.cz\/n\/wp-json\/wp\/v2\/types\/post"}],"author":[{"embeddable":true,"href":"https:\/\/www.infokuryr.cz\/n\/wp-json\/wp\/v2\/users\/2"}],"replies":[{"embeddable":true,"href":"https:\/\/www.infokuryr.cz\/n\/wp-json\/wp\/v2\/comments?post=71648"}],"version-history":[{"count":0,"href":"https:\/\/www.infokuryr.cz\/n\/wp-json\/wp\/v2\/posts\/71648\/revisions"}],"wp:featuredmedia":[{"embeddable":true,"href":"https:\/\/www.infokuryr.cz\/n\/wp-json\/wp\/v2\/media\/71649"}],"wp:attachment":[{"href":"https:\/\/www.infokuryr.cz\/n\/wp-json\/wp\/v2\/media?parent=71648"}],"wp:term":[{"taxonomy":"category","embeddable":true,"href":"https:\/\/www.infokuryr.cz\/n\/wp-json\/wp\/v2\/categories?post=71648"},{"taxonomy":"post_tag","embeddable":true,"href":"https:\/\/www.infokuryr.cz\/n\/wp-json\/wp\/v2\/tags?post=71648"}],"curies":[{"name":"wp","href":"https:\/\/api.w.org\/{rel}","templated":true}]}}