{"id":71550,"date":"2025-02-04T06:23:14","date_gmt":"2025-02-04T05:23:14","guid":{"rendered":"https:\/\/www.infokuryr.cz\/n\/?p=71550"},"modified":"2025-02-04T06:59:32","modified_gmt":"2025-02-04T05:59:32","slug":"lukas-fiser-vetsinovy-nazor-aneb-kladivo-na-carodejnice","status":"publish","type":"post","link":"https:\/\/www.infokuryr.cz\/n\/2025\/02\/04\/lukas-fiser-vetsinovy-nazor-aneb-kladivo-na-carodejnice\/","title":{"rendered":"Luk\u00e1\u0161 Fi\u0161er: V\u011bt\u0161inov\u00fd n\u00e1zor aneb Kladivo na \u010darod\u011bjnice"},"content":{"rendered":"<div id=\"fb-root\"><\/div>\n<p><strong>Jak zn\u00e1mo, nejvy\u0161\u0161\u00ed st\u00e1tn\u00ed z\u00e1stupce Igor St\u0159\u00ed\u017e podal v zastoupen\u00ed n\u00e1m\u011bstkem P\u0159emyslem Pol\u00e1kem dovol\u00e1n\u00ed k Nejvy\u0161\u0161\u00edmu soudu \u010cesk\u00e9 republiky, kter\u00fdm napadl rozsudek Obvodn\u00edho soudu pro Prahu 6 v p\u0159\u00edpadu u\u010ditelky Martiny Bedn\u00e1\u0159ov\u00e9.<\/strong><\/p>\n<p>Nejvy\u0161\u0161\u00ed soud \u010cR dovol\u00e1n\u00ed St\u0159\u00ed\u017ee vyhov\u011bl. P\u00edsemn\u00e9 zd\u016fvodn\u011bn\u00ed zat\u00edm chyb\u00ed. Na internetu je ale dostupn\u00e9 p\u00edsemn\u00e9 zn\u011bn\u00ed dovol\u00e1n\u00ed b\u00fdval\u00e9ho komunistick\u00e9ho prokur\u00e1tora Igora St\u0159\u00ed\u017ee.<\/p>\n<p><img decoding=\"async\" loading=\"lazy\" class=\"wp-image-8664 aligncenter\" src=\"http:\/\/www.infokuryr.cz\/n\/wp-content\/uploads\/2022\/02\/igor-striz-300x158.jpg\" alt=\"\" width=\"619\" height=\"326\" srcset=\"https:\/\/www.infokuryr.cz\/n\/wp-content\/uploads\/2022\/02\/igor-striz-300x158.jpg 300w, https:\/\/www.infokuryr.cz\/n\/wp-content\/uploads\/2022\/02\/igor-striz.jpg 310w\" sizes=\"(max-width: 619px) 100vw, 619px\" \/><\/p>\n<p style=\"text-align: center;\"><em>Obr.: Igor St\u0159\u00ed\u017e<\/em><\/p>\n<p>V\u00a0n\u011bm jsme spole\u010dn\u011b ozna\u010dov\u00e1ni za ment\u00e1ln\u011b m\u00e9n\u011b vysp\u011bl\u00e9:<\/p>\n<p>\u201e<i>Obranyschopnost \u010desk\u00e9ho obyvatelstva moment\u00e1ln\u011b nen\u00ed s\u00a0to \u010delit dlouhodob\u00e9mu a\u00a0soustavn\u00e9mu p\u016fsoben\u00ed dezinformac\u00ed stejnou m\u011brou, jako je tomu v\u00a0n\u011bkter\u00fdch jin\u00fdch v\u00fdrazn\u011b odoln\u011bj\u0161\u00edch evropsk\u00fdch zem\u00edch.<\/i>\u201c<\/p>\n<p>Vzhledem k\u00a0tomu, \u017ee n\u00e1s pova\u017euje St\u0159\u00ed\u017e za blbce, z\u0159ejm\u011b nem\u00e1 probl\u00e9m vypustit ze sebe i\u00a0n\u00e1sleduj\u00edc\u00ed formulaci: \u201e<i>Tento trestn\u00fd \u010din je \u00famysln\u00fd, p\u0159i\u010dem\u017e se nevy\u017eaduje \u00famysl p\u0159\u00edm\u00fd ale posta\u010d\u00ed i prok\u00e1z\u00e1n\u00ed \u00famyslu nep\u0159\u00edm\u00e9ho. Pachatel proto o nepravdivosti sv\u00fdch v\u00fdrok\u016f mus\u00ed v\u011bd\u011bt nebo s n\u00ed b\u00fdt minim\u00e1ln\u011b srozum\u011bn. Tyto p\u0159edpoklady p\u0159itom budou napln\u011bny i v p\u0159\u00edpadech, kdy je pachatel sice subjektivn\u011b p\u0159esv\u011bd\u010den, \u017ee jeho n\u00e1zor je pravdiv\u00fd, av\u0161ak v\u00ed o tom, \u017ee se z\u00e1sadn\u011b li\u0161\u00ed od v\u011bt\u0161inov\u00e9ho n\u00e1zoru sou\u010dasn\u00e9 demokratick\u00e9 spole\u010dnosti.\u201c<\/i><\/p>\n<p>Aby v\u00e1m mohli d\u00e1t flastr, mus\u00ed v\u00e1m prok\u00e1zat \u00famysl.<\/p>\n<p>V\u011bt\u0161inov\u00fd n\u00e1zor spole\u010dnosti ve st\u0159edov\u011bku nap\u0159\u00edklad byl, \u017ee Slunce ob\u00edh\u00e1 kolem Zem\u011b.Ti, kte\u0159\u00ed se proh\u0159e\u0161ili proti tomuto v\u011bt\u0161inov\u00e9mu n\u00e1zoru, byli souzeni. Ocitujme si to, co musel podepsat Galileo Galilei:<\/p>\n<div class=\"ramecek\">\n<p>J\u00e1, Galileo (&#8230;), osobn\u011b p\u0159\u00edtomn\u00fd p\u0159ed t\u00edmto tribun\u00e1lem, poklekaje p\u0159ed V\u00e1mi, velice d\u016fstojn\u00ed a ctihodn\u00ed kardin\u00e1lov\u00e9 (&#8230;), p\u0159\u00edsah\u00e1m, \u017ee jsem v\u017edy v\u011b\u0159il, \u017ee v\u011b\u0159\u00edm nyn\u00ed a \u017ee s pomoc\u00ed Bo\u017e\u00ed budu i nad\u00e1le v budoucnosti v\u011b\u0159it ve v\u0161e, co zast\u00e1v\u00e1 jako prav\u00e9, co k\u00e1\u017ee a u\u010d\u00ed svat\u00e1 c\u00edrkev katolick\u00e1 a apo\u0161tolsk\u00e1.<\/p>\n<p>\u2013 Vzhledem k tomu, \u017ee toto Svat\u00e9 oficium mn\u011b pr\u00e1vn\u00ed cestou na\u0159\u00eddilo zanechat pom\u00fdlen\u00e9ho n\u00e1zoru, podle n\u011bho\u017e je Slunce ve st\u0159edu sv\u011bta a je nehybn\u00e9, zat\u00edmco Zem\u011b nen\u00ed ve st\u0159edu sv\u011bta a pohybuje se;<\/p>\n<p>\u2013 vzhledem k tomu, \u017ee jsem nesm\u011bl zast\u00e1vat, obhajovat ani u\u010dit jakkoliv, a\u0165 \u00fastn\u011b nebo p\u00edsmem, \u0159e\u010den\u00e9 pom\u00fdlen\u00e9 u\u010den\u00ed pot\u00e9, kdy mi bylo ozna\u010deno jako protiv\u00edc\u00ed se P\u00edsmu svat\u00e9mu;<\/p>\n<p>\u2013 vzhledem k tomu, \u017ee jsem napsal a dal vytisknout knihu, v n\u00ed\u017e pojedn\u00e1v\u00e1m o t\u00e9m\u017e ji\u017e odsouzen\u00e9m n\u00e1zoru, p\u0159in\u00e1\u0161eje v n\u00ed n\u00e1zory, je\u017e jsou mu velmi \u00fa\u010dinn\u011b prosp\u011b\u0161n\u00e9 (&#8230;), byl jsem odsouzen jako nanejv\u00fd\u0161 podez\u0159el\u00fd z kac\u00ed\u0159stv\u00ed, to jest jako \u010dlov\u011bk zast\u00e1vaj\u00edc\u00ed n\u00e1zor a v\u011b\u0159\u00edc\u00ed, \u017ee Slunce je ve st\u0159edu sv\u011bta a je nehybn\u00e9 a \u017ee Zem\u011b nen\u00ed ve st\u0159edu sv\u011bta a \u017ee se pohybuje.<\/p>\n<p>Proto, cht\u011bje zprostit mysl Va\u0161ich Eminenc\u00ed a v\u0161ech v\u011brn\u00fdch k\u0159es\u0165an\u016f tohoto velik\u00e9ho podez\u0159en\u00ed spravedliv\u011b proti mn\u011b pojat\u00e9ho, p\u0159ich\u00e1z\u00edm s up\u0159\u00edmn\u00fdm srdcem a nep\u0159edst\u00edranou v\u00edrou z\u0159\u00edci se shora uveden\u00fdch blud\u016f a kac\u00ed\u0159stv\u00ed a v\u0161eobecn\u011b ka\u017ed\u00e9ho bludu, kac\u00ed\u0159stv\u00ed a sekt\u00e1\u0159stv\u00ed, je\u017e se protiv\u00ed c\u00edrkvi svat\u00e9, prokl\u00edt je a opovrhnout jimi. A p\u0159\u00edsah\u00e1m, \u017ee v budoucnu ne\u0159eknu ani nikdy nebudu v\u00edce tvrdit, ani \u00fastn\u011b, ani p\u00edsmem, v\u011bci, kter\u00e9 by m\u011b z toho mohly u\u010dinit podez\u0159el\u00fdm.<\/p>\n<p>Kdybych poznal n\u011bjak\u00e9ho kac\u00ed\u0159e nebo z kac\u00ed\u0159stv\u00ed podez\u0159el\u00e9ho, ozn\u00e1m\u00edm ho Svat\u00e9mu oficiu nebo inkvizitorovi m\u00edsta, kde se budu nach\u00e1zet.<\/p>\n<p>Galileo Galilei,\u00a0Odvol\u00e1n\u00ed blud\u016f, kter\u00e9 pronesl 22. 6. 1633 p\u0159ed inkvizi\u010dn\u00edm tribun\u00e1lem.<\/p>\n<\/div>\n<p>Galilea donutil c\u00edrkevn\u00ed soud odvolat tvrzen\u00ed, kter\u00e9 nebylo tehdy v\u011bt\u0161inovou spole\u010dnost\u00ed sd\u00edleno. D\u016fsledkem bylo, \u017ee spousta v\u011bdc\u016f tehdej\u0161\u00ed doby z\u00a0obav p\u0159ed inkvizic\u00ed nevydalo sv\u00e1 d\u00edla, tajilo v\u00fdsledky sv\u00e9ho pozn\u00e1n\u00ed a v\u011bdeck\u00fd pokrok v\u00a0Evrop\u011b byl zpomalen. C\u00edrkev vy\u0161krtla Galilea z\u00a0indexu a\u017e v\u00a0roce 1835.<\/p>\n<p>Jak pravil T.G. Masaryk: \u201e<i>Demokracii u\u017e m\u00e1me, te\u010f jen ty demokraty.<\/i>\u201c Na Nejvy\u0161\u0161\u00edm soudu, ani na Nejvy\u0161\u0161\u00edm st\u00e1tn\u00edm zastupitelstv\u00ed \u017e\u00e1dn\u00e9 demokraty nehledejte. Demokracie by toti\u017e m\u011bla b\u00fdt postavena na respektov\u00e1n\u00ed i\u00a0men\u0161inov\u00e9ho n\u00e1zoru, by\u0165 m\u016f\u017ee n\u011bkomu p\u0159ipadat pobu\u0159uj\u00edc\u00ed.<\/p>\n<p>A n\u00e1m se d\u00edky jim vrac\u00ed doba, kdy v\u011bt\u0161inov\u00fd n\u00e1zor spole\u010dnosti je stanoven jako dogma, od kter\u00e9ho nen\u00ed radno se odch\u00fdlit. U\u010ditelce Bedn\u00e1\u0159ov\u00e9 nehroz\u00ed up\u00e1len\u00ed, jen n\u011bkolik let ve v\u011bzen\u00ed. Na z\u00e1klad\u011b drobn\u00e9ho detailu, \u017ee si dovolila m\u00edt n\u00e1zor, kter\u00e9mu sice v\u011b\u0159ila, ale byl v\u00a0rozporu s\u00a0v\u011bt\u0161inov\u00fdm n\u00e1zorem spole\u010dnosti. O tom, \u017ee v\u011bt\u0161inov\u00fd n\u00e1zor vytv\u00e1\u0159\u00ed st\u00e1vaj\u00edc\u00ed moc tak\u00e9 zastra\u0161ov\u00e1n\u00edm, manipulac\u00ed a masivn\u00ed propagandou se u\u017e v\u00a0rozhodnut\u00ed Nejvy\u0161\u0161\u00edho soudu ur\u010dit\u011b nedo\u010dtete. M\u016f\u017eete si m\u00edsto toho po\u010d\u00edst ve \u0160vejkovi:<\/p>\n<p>\u201e<i>Je\u017e\u00ed\u0161 byl taky nevinnej, a stejn\u011b ho uk\u0159i\u017eovali.<\/i>\u201c<\/p>\n<h2>Zdroje:<\/h2>\n<p><a href=\"https:\/\/spolecenstvi-prak.cz\/wp-content\/uploads\/2024\/07\/bednarova-dovolani-NSZ-kopie_Redigovano.pdf\" target=\"_blank\" rel=\"external noopener\">https:\/\/spolecenstvi-prak.cz\/wp-content\/uploads\/2024\/07\/bednarova-dovolani-NSZ-kopie_Redigovano.pdf<\/a><\/p>\n<h2>Pozn\u00e1mka editora<\/h2>\n<p>Dovolil bych se zpochybnit tvrzen\u00ed, \u017ee ten n\u00e1zor\u00a0<i>je skute\u010dn\u011b v\u011bt\u0161inov\u00fd<\/i>. Jak k tomu soudruh St\u0159\u00ed\u017e do\u0161el? To, \u017ee ho zast\u00e1vaj\u00ed ofici\u00e1ln\u00ed m\u00edsta a koupen\u00e1 media, neznamen\u00e1, \u017ee je v\u011bt\u0161inov\u00fd. Ofici\u00e1ln\u00ed m\u00edsta ani media nejsou v\u011bt\u0161ina. Naopak, je to tit\u011brn\u00e1 men\u0161ina. Ten n\u00e1zor je vynucov\u00e1n silov\u00fdmi slo\u017ekami st\u00e1tu. Nut\u00ed n\u00e1s si to myslet, jinak slibuji v\u011bzen\u00ed. Viz pan\u00ed u\u010ditelka Bedn\u00e1\u0159ov\u00e1. Hnus! Pokud tento n\u00e1rod ohnut\u00fdch h\u0159bet\u016f p\u0159e\u017eije, budeme jednou s hr\u016fzou a odporem hled\u011bt na rozsudky takzvan\u00e9ho Nejvy\u0161\u0161\u00edho soudu t\u011bchto dn\u016f.<\/p>\n<p>A mimochodem, Galileo nikdy tu pam\u00e1tnou v\u011btu &#8222;A p\u0159ece se to\u010d\u00ed!&#8220;\u00a0<a href=\"https:\/\/medium.seznam.cz\/clanek\/jan-valtr-veta-kterou-galileo-galilei-nikdy-nerekl-69643\" target=\"_blank\" rel=\"external noopener\">nepronesl<\/a>. Odvolal v\u0161e, v co v\u011b\u0159il. Na jeho obhajobu bud\u00ed\u0161 \u0159e\u010deno, \u017ee kdyby neodvolal, up\u00e1lili by ho. To pan\u00ed u\u010ditelce na\u0161t\u011bst\u00ed nehroz\u00ed.<\/p>\n<p><a href=\"https:\/\/zvedavec.news\/komentare\/2025\/02\/10379-vetsinovy-nazor.htm\">Zvedavec.org<\/a><\/p>\n<p><span style=\"font-size: 10pt;\"><em><strong>\u00davodn\u00ed fotografie:<\/strong> Mgr. Martina Bedn\u00e1\u0159ov\u00e1\u00a0<\/em><\/span><\/p>\n<p>&nbsp;<\/p>\n","protected":false},"excerpt":{"rendered":"<p>Jak zn\u00e1mo, nejvy\u0161\u0161\u00ed st\u00e1tn\u00ed z\u00e1stupce Igor St\u0159\u00ed\u017e podal v zastoupen\u00ed n\u00e1m\u011bstkem P\u0159emyslem Pol\u00e1kem dovol\u00e1n\u00ed k&#8230;<\/p>\n","protected":false},"author":2,"featured_media":30749,"comment_status":"closed","ping_status":"closed","sticky":false,"template":"","format":"standard","meta":[],"categories":[6],"tags":[5160,33,1503,8541],"_links":{"self":[{"href":"https:\/\/www.infokuryr.cz\/n\/wp-json\/wp\/v2\/posts\/71550"}],"collection":[{"href":"https:\/\/www.infokuryr.cz\/n\/wp-json\/wp\/v2\/posts"}],"about":[{"href":"https:\/\/www.infokuryr.cz\/n\/wp-json\/wp\/v2\/types\/post"}],"author":[{"embeddable":true,"href":"https:\/\/www.infokuryr.cz\/n\/wp-json\/wp\/v2\/users\/2"}],"replies":[{"embeddable":true,"href":"https:\/\/www.infokuryr.cz\/n\/wp-json\/wp\/v2\/comments?post=71550"}],"version-history":[{"count":1,"href":"https:\/\/www.infokuryr.cz\/n\/wp-json\/wp\/v2\/posts\/71550\/revisions"}],"predecessor-version":[{"id":71558,"href":"https:\/\/www.infokuryr.cz\/n\/wp-json\/wp\/v2\/posts\/71550\/revisions\/71558"}],"wp:featuredmedia":[{"embeddable":true,"href":"https:\/\/www.infokuryr.cz\/n\/wp-json\/wp\/v2\/media\/30749"}],"wp:attachment":[{"href":"https:\/\/www.infokuryr.cz\/n\/wp-json\/wp\/v2\/media?parent=71550"}],"wp:term":[{"taxonomy":"category","embeddable":true,"href":"https:\/\/www.infokuryr.cz\/n\/wp-json\/wp\/v2\/categories?post=71550"},{"taxonomy":"post_tag","embeddable":true,"href":"https:\/\/www.infokuryr.cz\/n\/wp-json\/wp\/v2\/tags?post=71550"}],"curies":[{"name":"wp","href":"https:\/\/api.w.org\/{rel}","templated":true}]}}