{"id":71545,"date":"2025-02-04T05:54:30","date_gmt":"2025-02-04T04:54:30","guid":{"rendered":"https:\/\/www.infokuryr.cz\/n\/?p=71545"},"modified":"2025-02-04T05:54:30","modified_gmt":"2025-02-04T04:54:30","slug":"jiri-vyvadil-ukrajina-sili-protoze-usa-a-rusko-tlaci-na-volby","status":"publish","type":"post","link":"https:\/\/www.infokuryr.cz\/n\/2025\/02\/04\/jiri-vyvadil-ukrajina-sili-protoze-usa-a-rusko-tlaci-na-volby\/","title":{"rendered":"Ji\u0159\u00ed Vyvadil: Ukrajina \u0161\u00edl\u00ed, proto\u017ee USA a Rusko tla\u010d\u00ed na volby"},"content":{"rendered":"<div id=\"fb-root\"><\/div>\n<p><strong>J.V. Port\u00e1l Politico.eu p\u0159ich\u00e1z\u00ed (3. \u00fanora) se zaj\u00edmav\u00fdm \u010dl\u00e1nkem Jamie Dettmera, \u017ee Rusko a USA ve vztahu k Ukrajin\u011b cht\u011bj\u00ed volit spole\u010dn\u00fd n\u00e1tlak na nov\u00e9 prezidentsk\u00e9 volby na Ukrajin\u011b, kter\u00e9 by nepochybn\u011b Zelensk\u00e9ho mohly oslabit. Kousav\u00e9 such\u00e9 prohl\u00e1\u0161en\u00ed zmocn\u011bnce pro ukrajinskou krizi, \u017ee Kr\u00e1sa siln\u00e9 demokracie spo\u010d\u00edv\u00e1 v tom, \u017ee m\u00e1me v\u00edce ne\u017e jednoho potenci\u00e1ln\u00edho kandid\u00e1ta.&#8220; je elegantn\u00ed a p\u0159itom v t\u00e9to situaci pro Zelensk\u00e9ho hroziv\u00e1.<\/strong><\/p>\n<p>Ukrajin\u0161t\u00ed p\u0159edstavitel\u00e9 se ob\u00e1vaj\u00ed, \u017ee spojenectv\u00ed mezi Washingtonem a Moskvou by je mohlo vylou\u010dit z diskuse o budoucnosti jejich zem\u011b.<\/p>\n<p>Moskva se p\u0159ipojila k Washingtonu a vyzvala k uspo\u0159\u00e1d\u00e1n\u00ed voleb na Ukrajin\u011b, co\u017e vyvolalo obavy v\u00a0Kyjev\u011b.<\/p>\n<p>Toto p\u0159ekvapiv\u00e9 vyrovn\u00e1n\u00ed vyvolalo na Ukrajin\u011b obavy, \u017ee rusk\u00fd prezident Vladimir Putin se sna\u017e\u00ed po\u0161tvat Kyjev a Washington proti sob\u011b ohledn\u011b toho, jak postupovat p\u0159i ukon\u010den\u00ed v\u00e1lky.<\/p>\n<p>Zvl\u00e1\u0161tn\u00ed vyslanec prezidenta Spojen\u00fdch st\u00e1t\u016f Donalda Trumpa pro Ukrajinu a Rusko Keith Kellogg o v\u00edkendu \u0159ekl: &#8222;Ve v\u011bt\u0161in\u011b demokraci\u00ed se volby konaj\u00ed i v dob\u011b v\u00e1lky. Mysl\u00edm, \u017ee je to d\u016fle\u017eit\u00e9. V\u011b\u0159\u00edm, \u017ee je to dobr\u00e9 pro demokracii. Kr\u00e1sa siln\u00e9 demokracie spo\u010d\u00edv\u00e1 v tom, \u017ee m\u00e1me v\u00edce ne\u017e jednoho potenci\u00e1ln\u00edho kandid\u00e1ta.&#8220;<\/p>\n<p>Moskva \u2013 kde Putin \u010dasto prohla\u0161oval, \u017ee neuzn\u00e1v\u00e1 ukrajinsk\u00e9ho prezidenta Volodymyra Zelensk\u00e9ho za legitimn\u00edho v\u016fdce \u2013 se v pond\u011bl\u00ed postavila za Kellogga, p\u0159i\u010dem\u017e mluv\u010d\u00ed Kremlu Dmitrij Peskov novin\u00e1\u0159\u016fm v Moskv\u011b \u0159ekl, \u017ee &#8222;funk\u010dn\u00ed obdob\u00ed prezidenta Zelensk\u00e9ho skon\u010dilo&#8220;.<\/p>\n<p>\u0158ekl, \u017ee &#8222;legitimizace ukrajinsk\u00e9ho veden\u00ed&#8220; by byla nezbytn\u00e1 jako sou\u010d\u00e1st jak\u00e9hokoli m\u00edrov\u00e9ho procesu.<\/p>\n<p>Kyjev se ob\u00e1v\u00e1, \u017ee kon\u00e1n\u00ed voleb v tomto okam\u017eiku by ohrozilo ukrajinskou soudr\u017enost a otev\u0159elo zemi destabilizuj\u00edc\u00edm rusk\u00fdm vlivov\u00fdm kampan\u00edm.<\/p>\n<p>Kelloggovy pozn\u00e1mky a rychl\u00e9 p\u0159ijet\u00ed Kremlu spustily popla\u0161n\u00e9 zvony.<\/p>\n<p>B\u00fdval\u00fd ukrajinsk\u00fd ministr, kter\u00e9mu byla poskytnuta anonymita, aby mohl voln\u011b diskutovat o tomto citliv\u00e9m t\u00e9matu, \u0159ekl serveru Politico, \u017ee &#8222;shoda mezi Washingtonem a Moskvou ve volb\u00e1ch je znepokojiv\u00e1&#8220;, a dodal: &#8222;Pova\u017euji to za prvn\u00ed d\u016fkaz, \u017ee se Trump a Putin shodli na tom, \u017ee cht\u011bj\u00ed Zelensk\u00e9ho pry\u010d.&#8220;<\/p>\n<p>Kreml neobjasnil, zda jsou m\u00edrov\u00e1 jedn\u00e1n\u00ed podm\u00edn\u011bna kon\u00e1n\u00edm voleb na Ukrajin\u011b, ani jak\u00e9 po\u0159ad\u00ed m\u00e1 Rusko na mysli, ale Moskva uvedla, \u017ee dokud nebude prok\u00e1z\u00e1na politick\u00e1 legitimita, nem\u016f\u017ee b\u00fdt dohodnuta \u017e\u00e1dn\u00e1 kone\u010dn\u00e1 dohoda. Kellogg tak\u00e9 nem\u011bl jasno v posloupnosti voleb a ukon\u010den\u00ed nep\u0159\u00e1telstv\u00ed.<\/p>\n<p>Kellogg a dal\u0161\u00ed\u00a0p\u0159edstavitel\u00e9 B\u00edl\u00e9ho domu podle agentury Reuters nadhodili my\u0161lenku\u00a0&#8222;tla\u010dit na Ukrajinu, aby souhlasila s volbami jako sou\u010d\u00e1st po\u010d\u00e1te\u010dn\u00edho p\u0159\u00edm\u011b\u0159\u00ed s Ruskem&#8220;.<\/p>\n<p>Ukrajina v\u0161ak v sou\u010dasn\u00e9 dob\u011b\u00a0nem\u016f\u017ee uspo\u0159\u00e1dat volby leg\u00e1ln\u011b.<\/p>\n<p>Podle \u00fastavy zem\u011b nemohou b\u00fdt volby vyhl\u00e1\u0161eny b\u011bhem v\u00e1lky, dokud je na Ukrajin\u011b stann\u00e9 pr\u00e1vo. Zelenskyj vyhl\u00e1sil stann\u00e9 pr\u00e1vo na za\u010d\u00e1tku tot\u00e1ln\u00ed rusk\u00e9 invaze v \u00fanoru 2022, co\u017e vedlo k lo\u0148sk\u00e9mu odlo\u017een\u00ed pl\u00e1novan\u00fdch prezidentsk\u00fdch a parlamentn\u00edch voleb.<\/p>\n<p>Toto p\u0159ekvapiv\u00e9 uspo\u0159\u00e1d\u00e1n\u00ed vyvolalo na Ukrajin\u011b obavy, \u017ee rusk\u00fd prezident Vladimir Putin m\u00e1 v \u00famyslu po\u0161tvat Kyjev a Washington proti sob\u011b.<\/p>\n<p>Volebn\u00ed experti tak\u00e9 vyj\u00e1d\u0159ili pochybnosti\u00a0o prakti\u010dnosti a proveditelnosti kon\u00e1n\u00ed voleb, proto\u017ee zem\u011b bojuje o sv\u00e9 p\u0159e\u017eit\u00ed pod neust\u00e1l\u00fdm bombardov\u00e1n\u00edm \u2013 a podstatn\u00e1 \u010d\u00e1st jej\u00edho obyvatelstva je vys\u00eddlena na Ukrajin\u011b nebo v z\u00e1mo\u0159\u00ed.<\/p>\n<p>&#8222;Ukrajina by m\u011bla uspo\u0159\u00e1dat sv\u00e9 p\u0159\u00ed\u0161t\u00ed volby v dob\u011b, kdy zem\u011b m\u016f\u017ee zaru\u010dit bezpe\u010dnost a demokratick\u00e9 standardy t\u011bchto voleb. I kdy\u017e to nelze zaru\u010dit b\u011bhem sou\u010dasn\u00e9 tot\u00e1ln\u00ed v\u00e1lky,&#8220; tvrd\u00ed volebn\u00ed experti Peter Erben a Gio Kobachidze z Mezin\u00e1rodn\u00ed nadace pro volebn\u00ed syst\u00e9my, neziskov\u00e9 organizace se s\u00eddlem v USA.<\/p>\n<p>Navzdory tomu Kellogg \u0159ekl, \u017ee &#8222;volby jsou na Ukrajin\u011b nezbytn\u00e9&#8220;.<\/p>\n<p><strong>Kellogg \u0159ekl, \u017ee volby by se mohly konat do konce roku, zejm\u00e9na pokud bude dosa\u017eeno p\u0159\u00edm\u011b\u0159\u00ed s Ruskem, ale dodal, \u017ee takov\u00e1 hlasov\u00e1n\u00ed &#8222;mus\u00ed b\u00fdt provedena&#8220;.<\/strong><\/p>\n<p>Zelenskyj ji\u017e d\u0159\u00edve \u0159ekl, \u017ee na Ukrajin\u011b by se mohly letos konat volby, pokud skon\u010d\u00ed boje a budou dohodnuty bezpe\u010dnostn\u00ed z\u00e1ruky, kter\u00e9 odrad\u00ed Rusko od jak\u00e9hokoli obnoven\u00ed nep\u0159\u00e1telstv\u00ed.<\/p>\n<p>O v\u00edkendu Zelenskyj varoval p\u0159ed t\u00edm, aby USA a Rusko vylou\u010dily Kyjev z jedn\u00e1n\u00ed o ukon\u010den\u00ed v\u00e1lky. &#8222;Mohou m\u00edt sv\u00e9 vlastn\u00ed vztahy, ale mluvit o Ukrajin\u011b bez n\u00e1s je nebezpe\u010dn\u00e9 pro v\u0161echny,&#8220; dodal.<\/p>\n<p>Trump v ned\u011bli \u0159ekl, \u017ee jeho poradci ji\u017e jednaj\u00ed s rusk\u00fdmi \u00fa\u0159ady o ukon\u010den\u00ed v\u00e1lky.<\/p>\n<p>&#8222;Budeme spolu mluvit a mysl\u00edm, \u017ee mo\u017en\u00e1 ud\u011bl\u00e1me n\u011bco, co bude v\u00fdznamn\u00e9,&#8220; \u0159ekl Trump novin\u00e1\u0159\u016fm v B\u00edl\u00e9m dom\u011b. &#8222;Mus\u00ed to p\u0159estat.&#8220;<\/p>\n<p>(upraveno a zkr\u00e1ceno)<\/p>\n<p><em>J.V. Ten p\u0159\u00edsp\u011bvek je pro n\u00e1s opozi\u010dn\u011b c\u00edt\u00edc\u00ed \u010cechy o to povzbuzov\u011bj\u0161\u00ed, kdy\u017e n\u00e1\u0161 ministr zahrani\u010d\u00ed sv\u00fdm obvykl\u00fdm nadut\u00fdm zp\u016fsobem prohl\u00e1sil, \u017ee Z\u00e1pad donut\u00ed Putina, aby se Zelensk\u00fdm jednal. Kroutil jsem p\u0159i tom hlavou a ptal se: A jak toho chce, hlup\u00e1\u010dek, doc\u00edlit?<\/em><\/p>\n<p><a href=\"https:\/\/vasevec.info\/clanky\/ukrajina-sili-protoze-usa-rusko-tlaci-na-volby\">Ji\u0159\u00ed Vyvadil<\/a><\/p>\n<p><img decoding=\"async\" loading=\"lazy\" class=\"alignnone size-medium wp-image-16474\" src=\"http:\/\/www.infokuryr.cz\/n\/wp-content\/uploads\/2022\/10\/jiri-vyvadil-300x200.jpg\" alt=\"\" width=\"300\" height=\"200\" srcset=\"https:\/\/www.infokuryr.cz\/n\/wp-content\/uploads\/2022\/10\/jiri-vyvadil-300x200.jpg 300w, https:\/\/www.infokuryr.cz\/n\/wp-content\/uploads\/2022\/10\/jiri-vyvadil-768x512.jpg 768w, https:\/\/www.infokuryr.cz\/n\/wp-content\/uploads\/2022\/10\/jiri-vyvadil.jpg 800w\" sizes=\"(max-width: 300px) 100vw, 300px\" \/><\/p>\n<p>&nbsp;<\/p>\n","protected":false},"excerpt":{"rendered":"<p>J.V. Port\u00e1l Politico.eu p\u0159ich\u00e1z\u00ed (3. \u00fanora) se zaj\u00edmav\u00fdm \u010dl\u00e1nkem Jamie Dettmera, \u017ee Rusko a USA&#8230;<\/p>\n","protected":false},"author":2,"featured_media":50626,"comment_status":"closed","ping_status":"closed","sticky":false,"template":"","format":"standard","meta":[],"categories":[6],"tags":[1503,26,27],"_links":{"self":[{"href":"https:\/\/www.infokuryr.cz\/n\/wp-json\/wp\/v2\/posts\/71545"}],"collection":[{"href":"https:\/\/www.infokuryr.cz\/n\/wp-json\/wp\/v2\/posts"}],"about":[{"href":"https:\/\/www.infokuryr.cz\/n\/wp-json\/wp\/v2\/types\/post"}],"author":[{"embeddable":true,"href":"https:\/\/www.infokuryr.cz\/n\/wp-json\/wp\/v2\/users\/2"}],"replies":[{"embeddable":true,"href":"https:\/\/www.infokuryr.cz\/n\/wp-json\/wp\/v2\/comments?post=71545"}],"version-history":[{"count":0,"href":"https:\/\/www.infokuryr.cz\/n\/wp-json\/wp\/v2\/posts\/71545\/revisions"}],"wp:featuredmedia":[{"embeddable":true,"href":"https:\/\/www.infokuryr.cz\/n\/wp-json\/wp\/v2\/media\/50626"}],"wp:attachment":[{"href":"https:\/\/www.infokuryr.cz\/n\/wp-json\/wp\/v2\/media?parent=71545"}],"wp:term":[{"taxonomy":"category","embeddable":true,"href":"https:\/\/www.infokuryr.cz\/n\/wp-json\/wp\/v2\/categories?post=71545"},{"taxonomy":"post_tag","embeddable":true,"href":"https:\/\/www.infokuryr.cz\/n\/wp-json\/wp\/v2\/tags?post=71545"}],"curies":[{"name":"wp","href":"https:\/\/api.w.org\/{rel}","templated":true}]}}