{"id":71530,"date":"2025-02-04T00:30:42","date_gmt":"2025-02-03T23:30:42","guid":{"rendered":"https:\/\/www.infokuryr.cz\/n\/?p=71530"},"modified":"2025-02-03T19:09:17","modified_gmt":"2025-02-03T18:09:17","slug":"ondrej-prokop-rekordni-bonusy-623-milionu-a-pry-ze-se-musi-setrit-zoufaly-hrib-seka-ruce","status":"publish","type":"post","link":"https:\/\/www.infokuryr.cz\/n\/2025\/02\/04\/ondrej-prokop-rekordni-bonusy-623-milionu-a-pry-ze-se-musi-setrit-zoufaly-hrib-seka-ruce\/","title":{"rendered":"Ond\u0159ej Prokop: Rekordn\u00ed bonusy 623 milion\u016f? A pr\u00fd, \u017ee se mus\u00ed \u0161et\u0159it. Zoufal\u00fd H\u0159ib sek\u00e1 ruce."},"content":{"rendered":"<div id=\"fb-root\"><\/div>\n<p>Minist\u0159i rozdali na odm\u011bn\u00e1ch neuv\u011b\u0159iteln\u00fdch 623 milion\u016f korun. Rekordman je V\u00edt Raku\u0161an, kter\u00fd rozdal skoro 100 milion\u016f. To v\u0161e v dob\u011b, kdy vl\u00e1da ob\u010dan\u016fm nakazuje, aby si utahovali opasky, a st\u00e1tn\u00ed dluh roste raketov\u00fdm tempem. \u0158ekn\u011bte sami. Nen\u00ed to u\u017e sm\u011b\u0161n\u00e9?<\/p>\n<p>\ud83d\udc49 &#8222;O igelitk\u00e1ch s pen\u011bzi nic nev\u00edm,&#8220; reagoval Fiala na ot\u00e1zky kolem vybran\u00fdch stovek milion\u016f z pochybn\u00e9 kampeli\u010dky, kde byl pod\u00edln\u00edkem. Svoje poradce, kte\u0159\u00ed v z\u00e1lo\u017en\u011b machinovali s podivn\u00fdmi transakcemi, pr\u00fd rozhodn\u011b nevyhod\u00ed. Ozna\u010dil je za \u0161pi\u010dkov\u00e9 lidi.<\/p>\n<p>\ud83d\udc49 Pokud ODS a Spolu zase vyhraj\u00ed volby, \u010dek\u00e1 \u010cesko a na\u0161e pen\u011b\u017eenky dal\u0161\u00ed zda\u0148ovac\u00ed bal\u00ed\u010dek, uvedl ministr Stanjura. Alespo\u0148 mluv\u00ed narovinu. Bohu\u017eel zvy\u0161ovat dan\u011b je jedin\u00e1 v\u011bc, kter\u00e1 t\u00e9to vl\u00e1d\u011b jde velmi dob\u0159e.<\/p>\n<p>\ud83d\udc49 ANO cht\u011blo zmrazit platy politik\u016fm a zabr\u00e1nit jejich dal\u0161\u00edmu nenasytn\u00e9mu zvy\u0161ov\u00e1n\u00ed. Vl\u00e1dn\u00ed koalice n\u00e1s p\u0159ehlasovala a novela pro\u0161la Sen\u00e1tem. Dokonce i Soudcovsk\u00e1 unie vyzvala prezidenta, aby zm\u011bny v platech vetoval.<\/p>\n<p>\ud83d\udc49 Senior\u016fm zdra\u017e\u00ed v\u00fdb\u011bry d\u016fchod\u016f v hotovosti. T\u00fdkat se to bude a\u017e 365 tis\u00edc star\u0161\u00edch spoluob\u010dan\u016f. Vl\u00e1da jim z\u00e1rove\u0148 odm\u00edt\u00e1 p\u0159iznat st\u00e1tn\u00ed p\u0159\u00edsp\u011bvek k penzijn\u00edmu spo\u0159en\u00ed. Jsou zrovna bezbrann\u00ed d\u016fchodci ti, na kter\u00fdch by se m\u011blo vyd\u011bl\u00e1vat a \u0161et\u0159it? Za m\u011b p\u011bkn\u00e1 pras\u00e1rna.<\/p>\n<p>\ud83d\udc49 Metro D v Praze op\u011bt zamrzlo. Antimonopoln\u00ed \u00fa\u0159ad zru\u0161il v\u00fdb\u011br dodavatele na jeho druhou \u010d\u00e1st. Dokon\u010den\u00ed se t\u00edm zase odsouv\u00e1 a prodra\u017euje. P\u0159ed rokem jsem na dozor\u010d\u00ed rad\u011b navrhoval, aby se \u0159\u00edzen\u00ed p\u0159ezkoumalo a vyhnulo se tak probl\u00e9m\u016fm. Jedin\u00fd, kdo m\u016fj n\u00e1vrh podpo\u0159il, byl Adam Scheinherr. H\u0159ib i prim\u00e1tor odm\u00edtli a takhle to dopadlo.<\/p>\n<p>\ud83d\udc49 Ex\u0161\u00e9f dopravn\u00edho podniku, kter\u00fd m\u011bl mimo jin\u00e9 na starosti i metro D, ale litovat nemus\u00ed. Dostal milionov\u00e9 od\u0161kodn\u00e9, kter\u00e9 mu schv\u00e1lil osobn\u011b Zden\u011bk H\u0159ib. Jakto? Proto\u017ee i p\u0159es na\u0161i urgenci dodnes nezm\u011bnil smlouvy t\u011bmto vysok\u00fdm mana\u017eer\u016fm DPP.<\/p>\n<p>\ud83d\udc49 Praha pod veden\u00edm ODS a Pir\u00e1t\u016f chyst\u00e1 &#8222;p\u0159evratnou&#8220; prom\u011bnu magistr\u00e1ly. Zas a znovu z\u00fa\u017e\u00ed dopravn\u00ed pruhy, ale dopravy se to podle nich pr\u00fd nedotkne. To je vtip? Dokud nebude hotov\u00fd M\u011bstsk\u00fd okruh a dal\u0161\u00ed infrastruktura, tak to zad\u011bl\u00e1 akor\u00e1t na je\u0161t\u011b v\u011bt\u0161\u00ed dopravn\u00ed peklo.<\/p>\n<p>\ud83d\udc49 Zoufal\u00fd Zden\u011bk H\u0159ib u\u017e nev\u00ed, jak se zal\u00edbit. Nato\u010dil nov\u00e9 video, ve kter\u00e9m sek\u00e1 ruce europoslanci Turkovi. Tohle je ta jejich hodnotov\u00e1 politika a lep\u0161\u00ed kultura? Trapn\u00fd pokus, ale co mu asi zb\u00fdv\u00e1 po tolika af\u00e9r\u00e1ch?<\/p>\n<p>To v\u0161e a mnohem v\u00edc se dozv\u00edte v 119. d\u00edlu m\u00e9ho politick\u00e9ho podcastu. D\u011bkuji v\u00e1m p\u0159edem za zhl\u00e9dnut\u00ed a pros\u00edm o dal\u0161\u00ed sd\u00edlen\u00ed, a\u0165 se pravdu dozv\u00ed co nejv\u00edc lid\u00ed! T\u011b\u0161\u00edm se na dotazy i koment\u00e1\u0159e!<\/p>\n<p><iframe loading=\"lazy\" title=\"Rekordn\u00ed bonusy 623 milion\u016f? A pr\u00fd, \u017ee se mus\u00ed \u0161et\u0159it. Zoufal\u00fd H\u0159ib sek\u00e1 ruce. | \u010cau Praho #119\" width=\"640\" height=\"360\" src=\"https:\/\/www.youtube.com\/embed\/54RhmR425q0?feature=oembed\" frameborder=\"0\" allow=\"accelerometer; autoplay; clipboard-write; encrypted-media; gyroscope; picture-in-picture; web-share\" referrerpolicy=\"strict-origin-when-cross-origin\" allowfullscreen><\/iframe><\/p>\n<p><span style=\"font-size: 14pt;\"><strong>Ing. On\u0159ej Prokop, p\u0159edseda hnut\u00ed ANO v Praze<\/strong><\/span><\/p>\n<p>&nbsp;<\/p>\n","protected":false},"excerpt":{"rendered":"<p>Minist\u0159i rozdali na odm\u011bn\u00e1ch neuv\u011b\u0159iteln\u00fdch 623 milion\u016f korun. Rekordman je V\u00edt Raku\u0161an, kter\u00fd rozdal skoro&#8230;<\/p>\n","protected":false},"author":2,"featured_media":67844,"comment_status":"closed","ping_status":"closed","sticky":false,"template":"","format":"standard","meta":[],"categories":[6],"tags":[45,192,35,889],"_links":{"self":[{"href":"https:\/\/www.infokuryr.cz\/n\/wp-json\/wp\/v2\/posts\/71530"}],"collection":[{"href":"https:\/\/www.infokuryr.cz\/n\/wp-json\/wp\/v2\/posts"}],"about":[{"href":"https:\/\/www.infokuryr.cz\/n\/wp-json\/wp\/v2\/types\/post"}],"author":[{"embeddable":true,"href":"https:\/\/www.infokuryr.cz\/n\/wp-json\/wp\/v2\/users\/2"}],"replies":[{"embeddable":true,"href":"https:\/\/www.infokuryr.cz\/n\/wp-json\/wp\/v2\/comments?post=71530"}],"version-history":[{"count":0,"href":"https:\/\/www.infokuryr.cz\/n\/wp-json\/wp\/v2\/posts\/71530\/revisions"}],"wp:featuredmedia":[{"embeddable":true,"href":"https:\/\/www.infokuryr.cz\/n\/wp-json\/wp\/v2\/media\/67844"}],"wp:attachment":[{"href":"https:\/\/www.infokuryr.cz\/n\/wp-json\/wp\/v2\/media?parent=71530"}],"wp:term":[{"taxonomy":"category","embeddable":true,"href":"https:\/\/www.infokuryr.cz\/n\/wp-json\/wp\/v2\/categories?post=71530"},{"taxonomy":"post_tag","embeddable":true,"href":"https:\/\/www.infokuryr.cz\/n\/wp-json\/wp\/v2\/tags?post=71530"}],"curies":[{"name":"wp","href":"https:\/\/api.w.org\/{rel}","templated":true}]}}