{"id":71517,"date":"2025-02-04T00:33:13","date_gmt":"2025-02-03T23:33:13","guid":{"rendered":"https:\/\/www.infokuryr.cz\/n\/?p=71517"},"modified":"2025-02-03T18:28:25","modified_gmt":"2025-02-03T17:28:25","slug":"donalda-trumpa-proklel-prznitel-dusi-nasich-deti-clovek-v-tisni-lehkozivka-strachota-pujde-pracovat","status":"publish","type":"post","link":"https:\/\/www.infokuryr.cz\/n\/2025\/02\/04\/donalda-trumpa-proklel-prznitel-dusi-nasich-deti-clovek-v-tisni-lehkozivka-strachota-pujde-pracovat\/","title":{"rendered":"Donalda Trumpa proklel prznitel du\u0161\u00ed na\u0161ich d\u011bt\u00ed \u010clov\u011bk v t\u00edsni: lehko\u017eivka Strachota p\u016fjde pracovat?"},"content":{"rendered":"<div id=\"fb-root\"><\/div>\n<div class=\"introtext\">\n<p><span style=\"font-size: 14pt;\"><strong>Politickou neziskovku &#8222;\u010clov\u011bka v t\u00edsni&#8220; vyrazili z Ruska, proto\u017ee m\u00edsto pom\u00e1h\u00e1n\u00ed lidem nah\u00e1n\u011bli mlad\u00e9 do depres\u00ed a sebevra\u017ed\u00e1m. Bohulib\u00fd n\u00e1zev byl podvod a nyn\u00ed v\u0159\u00edskaj\u00ed, \u017ee pracovat nikdy nep\u016fjdou!<\/strong><\/span><\/p>\n<\/div>\n<div class=\"fulltext\">\n<p>\u010clov\u011bku v t\u00edsni hroz\u00ed, \u017ee p\u0159ijde zhruba o \u010dtvrtinu sv\u00e9ho v\u00edce ne\u017e \u0161estimiliardov\u00e9ho ro\u010dn\u00edho rozpo\u010dtu. Bez stovek tis\u00edc korun se m\u016f\u017ee ocitnout tak\u00e9 \u0159ada men\u0161\u00edch, lok\u00e1ln\u00edch organizac\u00ed. T\u0159eba brn\u011bnsk\u00fd spolek Vesna. A nap\u0159\u00edklad velk\u00e1 organizace ADRA se ob\u00e1v\u00e1, \u017ee po ztr\u00e1t\u011b pen\u011bz z USA p\u0159ijde i o n\u011bkter\u00e9 spolupracuj\u00edc\u00ed partnery. \u010c\u00e1st projekt\u016f proto pozastavila.<\/p>\n<p><span style=\"font-size: 18pt;\"><strong>Pr\u00fd je to z\u00e1sadn\u011b neziskovka, pom\u00e1haj\u00edc\u00ed v t\u00edsni <\/strong><\/span><strong><span style=\"font-size: 18pt;\">a\u00a0p\u0159itom takto vym\u00fdvali a vym\u00fdvaj\u00ed va\u0161im d\u011btem hlavy, koho maj\u00ed volit: na to pen\u00edze byly!<\/span><\/strong><\/p>\n<p><img decoding=\"async\" loading=\"lazy\" class=\"aligncenter\" src=\"https:\/\/www.skrytapravda.cz\/images\/blogy\/805\/2025\/cenzura\/Sn%C3%ADmek_obrazovky_12681_d6e0e_ddba3.webp\" alt=\"Sn\u00edmek obrazovky 12681 d6e0e ddba3\" width=\"917\" height=\"626\" \/><\/p>\n<p>Studentsk\u00e9 volby \u201enane\u010disto\u201c, kter\u00e9 se konaly mezi st\u0159edo\u0161kol\u00e1ky\u00a0<strong>nad 15 let<\/strong>, suver\u00e9nn\u011b ovl\u00e1dla ekonomka\u00a0<strong>Danu\u0161e Nerudov\u00e1. Z\u00edskala 54 procent hlas\u016f. Druh\u00e9 m\u00edsto obsadil gener\u00e1l ve v\u00fdslu\u017eb\u011b Petr Pavel, t\u0159et\u00ed skon\u010dil p\u0159edseda hnut\u00ed ANO Andrej Babi\u0161.<\/strong>\u00a0<span class=\"c_eG\">Po\u0159adatelem vzd\u011bl\u00e1vac\u00edho projektu, v\u00a0r\u00e1mci kter\u00e9ho se po\u0159\u00e1daj\u00ed\u00a0<a class=\"c_at\" href=\"https:\/\/www.jsns.cz\/projekty\/studentske-volby\/vysledky-studentskych-voleb\" target=\"_blank\" rel=\"noopener\" data-dot=\"atm-link\">studentsk\u00e9 prezidentsk\u00e9 volby<\/a>, je spole\u010dnost\u00a0<strong>\u010clov\u011bk v\u00a0t\u00edsni<\/strong>\u00a0prost\u0159ednictv\u00edm sv\u00e9ho programu\u00a0<strong>Jeden sv\u011bt na \u0161kol\u00e1ch (JSNS).<\/strong><\/span><\/p>\n<p>V\u0161imli jste si, \u017ee tito se dostali do fin\u00e1le a do funkc\u00ed, proto\u017ee dementn\u00ed studenti nad 18 let je volili?\u00a0<strong>A takto se manipuluje s voli\u010di: vym\u00fdv\u00e1n\u00ed mozk\u016f mlad\u00fdm lidem!<\/strong><\/p>\n<p>A Strachota si mast\u00ed kapsy: \u017e\u00e1dn\u00e1 zodpov\u011bdnost a pen\u00edzky se hrnou!<\/p>\n<p><img decoding=\"async\" class=\"aligncenter\" src=\"https:\/\/www.skrytapravda.cz\/images\/blogy\/805\/2025\/cenzura\/Sn%C3%ADmek_obrazovky_12682_b1c29_f09a2.webp\" alt=\"Sn\u00edmek obrazovky 12682 b1c29 f09a2\" \/><\/p>\n<p>Najednou je v\u0161e smazan\u00e9, proto\u017ee za\u010dal z\u00e1jem lid\u00ed zjistit, co vlastn\u011b tito dareb\u00e1ci s miliardami dotac\u00ed d\u011blaj\u00ed. A sta\u010dil jedem podpis Donalda Trumpa, aby za\u010dala \u0161p\u00edna a sliz vyt\u00e9kat ven.<\/p>\n<h2>A pak se dozv\u00edte, jak jsou \u00fa\u017easn\u011b nezi\u0161tn\u00ed a ob\u011btav\u00ed.<\/h2>\n<p><span class=\"c_eG\">\u201eAmerick\u00e9 zdroje vyu\u017e\u00edv\u00e1me hlavn\u011b na pomoc lidem na Ukrajin\u011b, v S\u00fdrii, Demokratick\u00e9 republice Kongo a v Arm\u00e9nii, v drtiv\u00e9 v\u011bt\u0161in\u011b na humanit\u00e1rn\u00ed pomoc,\u201c uvedl pro Novinky Tom\u00e1\u0161 Urban z \u010clov\u011bka v t\u00edsni, kter\u00fd tamn\u00edm lidem zprost\u0159edkov\u00e1v\u00e1 zejm\u00e9na l\u00e9ka\u0159skou p\u00e9\u010di, j\u00eddlo i nouzov\u00e9 ubytov\u00e1n\u00ed.\u00a0<\/span><span class=\"c_eG\">Po vln\u011b kritiky p\u0159ijal ve st\u0159edu \u0161\u00e9f americk\u00e9 diplomacie Marco Rubio v\u00fdjimku pro projekty zachra\u0148uj\u00edc\u00ed \u017eivoty. Vztahuje se na zaji\u0161t\u011bn\u00ed z\u00e1kladn\u00ed medic\u00edny, l\u00e9ka\u0159sk\u00e9 slu\u017eby, j\u00eddla, p\u0159\u00edst\u0159e\u0161\u00ed a\u00a0s t\u00edm souvisej\u00edc\u00edch n\u00e1klad\u016f. Interrupce (um\u011bl\u00e9 p\u0159eru\u0161en\u00ed t\u011bhotenstv\u00ed),\u00a0<strong>gender nebo t\u0159eba diverzita<\/strong>\u00a0jsou z\u00a0toho vylou\u010deny.<\/span><\/p>\n<p><span class=\"c_eG\">P\u0159i\u0161krcen\u00ed pen\u011bz ohro\u017euje podporu, kterou zaji\u0161\u0165uje ukrajinsk\u00fdm rodin\u00e1m i\u00a0Organizace pro pomoc uprchl\u00edk\u016fm.<\/span><\/p>\n<p><em>Pardubick\u00e9 Komunitn\u00ed centrum Kalyna, kter\u00e9 pom\u00e1h\u00e1 p\u0159ev\u00e1\u017en\u011b Ukrajinc\u016fm, uv\u00e1d\u00ed, \u017ee p\u0159i\u0161lo o p\u016fl milionu korun. Pen\u00edze podle \u0159editelky Petry Srd\u00ednkov\u00e9 budou chyb\u011bt na aktivity i mzdy.<\/em><\/p>\n<p>Prost\u011b se p\u0159iprav\u00ed program o minulosti, kter\u00fd je pravdiv\u00fd, i kdyby nebyl pravdiv\u00fd. Franta je m\u00e1ma a m\u00e1ma je nevlastn\u00ed vnu\u010dka. Milion lid\u00ed se v\u00e1l\u00ed v Erasmus+, vytv\u00e1\u0159\u00ed dal\u0161\u00ed milion d\u011bt\u00ed, kte\u0159\u00ed pak budou spr\u00e1vn\u011b myslet a to v\u0161e se nau\u010d\u00ed ve \u0161kol\u00e1ch. Um\u011bt zn\u00e1t v\u00fduku nestoj\u00ed za to.\u00a0Hlavn\u011b se nau\u010dit poslouchat a uv\u011bdom\u011ble jednat. Pak sta\u010d\u00ed nat\u00e1hnout ruku a pen\u00edzky se sypaj\u00ed.<\/p>\n<p><a href=\"https:\/\/www.skrytapravda.cz\/z-domova\/2368-donalda-trumpa-proklel-prznitel-nasich-deti-clovek-v-tisni-lekozivka-strachota-pujde-pracovat\">Petr Pokorn\u00fd<\/a><\/p>\n<p>&nbsp;<\/p>\n<\/div>\n","protected":false},"excerpt":{"rendered":"<p>Politickou neziskovku &#8222;\u010clov\u011bka v t\u00edsni&#8220; vyrazili z Ruska, proto\u017ee m\u00edsto pom\u00e1h\u00e1n\u00ed lidem nah\u00e1n\u011bli mlad\u00e9 do&#8230;<\/p>\n","protected":false},"author":2,"featured_media":71518,"comment_status":"closed","ping_status":"closed","sticky":false,"template":"","format":"standard","meta":[],"categories":[6],"tags":[384,45,1503],"_links":{"self":[{"href":"https:\/\/www.infokuryr.cz\/n\/wp-json\/wp\/v2\/posts\/71517"}],"collection":[{"href":"https:\/\/www.infokuryr.cz\/n\/wp-json\/wp\/v2\/posts"}],"about":[{"href":"https:\/\/www.infokuryr.cz\/n\/wp-json\/wp\/v2\/types\/post"}],"author":[{"embeddable":true,"href":"https:\/\/www.infokuryr.cz\/n\/wp-json\/wp\/v2\/users\/2"}],"replies":[{"embeddable":true,"href":"https:\/\/www.infokuryr.cz\/n\/wp-json\/wp\/v2\/comments?post=71517"}],"version-history":[{"count":1,"href":"https:\/\/www.infokuryr.cz\/n\/wp-json\/wp\/v2\/posts\/71517\/revisions"}],"predecessor-version":[{"id":71519,"href":"https:\/\/www.infokuryr.cz\/n\/wp-json\/wp\/v2\/posts\/71517\/revisions\/71519"}],"wp:featuredmedia":[{"embeddable":true,"href":"https:\/\/www.infokuryr.cz\/n\/wp-json\/wp\/v2\/media\/71518"}],"wp:attachment":[{"href":"https:\/\/www.infokuryr.cz\/n\/wp-json\/wp\/v2\/media?parent=71517"}],"wp:term":[{"taxonomy":"category","embeddable":true,"href":"https:\/\/www.infokuryr.cz\/n\/wp-json\/wp\/v2\/categories?post=71517"},{"taxonomy":"post_tag","embeddable":true,"href":"https:\/\/www.infokuryr.cz\/n\/wp-json\/wp\/v2\/tags?post=71517"}],"curies":[{"name":"wp","href":"https:\/\/api.w.org\/{rel}","templated":true}]}}