{"id":71476,"date":"2025-02-03T07:47:41","date_gmt":"2025-02-03T06:47:41","guid":{"rendered":"https:\/\/www.infokuryr.cz\/n\/?p=71476"},"modified":"2025-02-03T19:38:03","modified_gmt":"2025-02-03T18:38:03","slug":"petr-michalu-miroslava-nemcova-nar-1952-ceska-senatorka-s-nacistickym-fanatickym-presvedcenim","status":"publish","type":"post","link":"https:\/\/www.infokuryr.cz\/n\/2025\/02\/03\/petr-michalu-miroslava-nemcova-nar-1952-ceska-senatorka-s-nacistickym-fanatickym-presvedcenim\/","title":{"rendered":"Petr Michal\u016f: Miroslava N\u011bmcov\u00e1 (nar. 1952)  \u2013 \u010desk\u00e1 sen\u00e1torka s nacistick\u00fdm fanatick\u00fdm p\u0159esv\u011bd\u010den\u00edm"},"content":{"rendered":"<div id=\"fb-root\"><\/div>\n<p><u>Tak tato<\/u> <strong>Miroslava N\u011bmcov\u00e1<\/strong> \u2013 je\u0161t\u011b v ned\u00e1vn\u00e9 minulosti \u201eproslul\u00e1\u201c zlod\u011bjka, kter\u00e1 kradla v samoobsluze rohl\u00edky, a jej\u00ed stejn\u011b \u201epoveden\u00fd\u201c syn\u00e1\u010dek zneu\u017e\u00edval postaven\u00ed sv\u00e9 matinky a suver\u00e9nn\u011b vyu\u017e\u00edval jej\u00ed slu\u017eebn\u00ed auto ke sv\u00fdm soukrom\u00fdm cest\u00e1m na \u00fa\u010det \u010desk\u00fdch da\u0148ov\u00fdch poplatn\u00edk\u016f\u00a0<u>se v\u00a0den<\/u> (27. leden), kdy cel\u00e9 Rusko oslavovalo <strong>81. v\u00fdro\u010d\u00ed legend\u00e1rn\u00edho prolomen\u00ed n\u011bmeck\u00e9 nacistick\u00e9 blok\u00e1dy m\u011bsta Leningradu<\/strong> (27. leden 1944) <u>nechvaln\u011b<\/u>,<u> hanebn\u011b<\/u>, <u>zviditelnila a <\/u>\u201ep<u>roslula<\/u>\u201c sv\u00fdm nehor\u00e1zn\u00fdm p\u0159\u00edsp\u011bvkem na soci\u00e1ln\u00ed s\u00edti X, kdy zve\u0159ejnila toto:<\/p>\n<p><strong><em>\u201eEU dnes roz\u0161\u00ed\u0159ila sankce proti Rusku. Nepovol\u00edme sev\u0159en\u00ed. Rusko vede hybridn\u00ed v\u00e1lku se Z\u00e1padem a ni\u010d\u00ed Ukrajince. Zat\u00edmco si p\u0159ipom\u00edn\u00e1me ob\u011bti holocaustu a jsme sv\u011bdky genocidy ukrajinsk\u00e9ho lidu, Rusko dnes slav\u00ed v\u00fdro\u010d\u00ed osvobozen\u00ed Leningradu z oble\u017een\u00ed b\u011bhem druh\u00e9 sv\u011btov\u00e9 v\u00e1lky. I kdy\u017e nepot\u0159ebuj\u00ed slavit, ale za\u017e\u00edt to znovu.\u201c<\/em><\/strong><\/p>\n<p><strong>1.N\u011bmcov\u00e1<\/strong> sv\u00fdm cynismem, fanatick\u00fdm nacismem, sv\u00fdm smrdut\u00fdm projevem <strong><em>(a je naprosto jedno, jestli p\u00edsemn\u00fdm, nebo n\u011bkde i verb\u00e1ln\u00edm!)<\/em><\/strong> nejen poplivala jedovat\u00fdmi slinami, ale p\u0159\u00edmo i pok\u00e1lela pam\u00e1tku milionu a v\u00edce ob\u011bt\u00ed leningradsk\u00e9 blok\u00e1dy, pok\u00e1lela den\u00edk leningradsk\u00e9 blok\u00e1dn\u00ed \u0161kola\u010dky T\u00e1ni Nikolajevny Savi\u010dovov\u00e9, pok\u00e1lela ob\u011bti legend\u00e1rn\u00ed Cesty \u017eivota, znemo\u017enila se p\u0159ed cel\u00fdm sv\u011btem a znemo\u017enila tak p\u0159ed cel\u00fdm sv\u011btem tak\u00e9 \u010desk\u00fd n\u00e1rod!<\/p>\n<p><img decoding=\"async\" loading=\"lazy\" class=\"wp-image-71478 aligncenter\" src=\"http:\/\/www.infokuryr.cz\/n\/wp-content\/uploads\/2025\/02\/Tanya_Savicheva_Diary-300x243.jpg\" alt=\"\" width=\"778\" height=\"630\" srcset=\"https:\/\/www.infokuryr.cz\/n\/wp-content\/uploads\/2025\/02\/Tanya_Savicheva_Diary-300x243.jpg 300w, https:\/\/www.infokuryr.cz\/n\/wp-content\/uploads\/2025\/02\/Tanya_Savicheva_Diary-768x622.jpg 768w, https:\/\/www.infokuryr.cz\/n\/wp-content\/uploads\/2025\/02\/Tanya_Savicheva_Diary.jpg 874w\" sizes=\"(max-width: 778px) 100vw, 778px\" \/><\/p>\n<p><strong>Leningradsk\u00e1 blok\u00e1da nacistick\u00fdm N\u011bmeckem<\/strong> a v\u0161emi jeho evropsk\u00fdmi vazaly spojen\u00fdmi Hitlerem, fa\u0161ismem, nacismem a nen\u00e1vist\u00ed k\u00a0Sov\u011btsk\u00e9mu svazu <strong><em>(ji\u017e tehdy to byl \u201ekolektivn\u011b sjednocen\u00fd z\u00e1pad se sv\u00fdmi civiliza\u010dn\u00edmi evropsk\u00fdmi hodnotami\u201c)<\/em><\/strong> trvala od <u>8<\/u>.<u> z\u00e1\u0159\u00ed 1941 do 27<\/u>.<u> ledna 1944<\/u>.<\/p>\n<p>Trvale p\u0159esn\u011b <strong>872<\/strong> krut\u00fdch, neskute\u010dn\u011b dlouh\u00fdch dn\u00ed a noc\u00ed <strong><em>(zaokrouhluje se na 900 dn\u00ed a noc\u00ed)<\/em><\/strong>. B\u011bhem cel\u00e9 t\u00e9to doby zahynulo ve m\u011bst\u011b <strong>v\u00edce jak 1.000.000<\/strong> obyvatel, bezbrann\u00fdch \u017een, d\u011bt\u00ed, novorozenc\u016f, \u0161kol\u00e1k\u016f, pracuj\u00edc\u00edch, star\u00fdch lid\u00ed, nemocn\u00fdch.<\/p>\n<p>Podle r\u016fzn\u00fdch rusk\u00fdch zdroj\u016f, nap\u0159. podle rusk\u00fdch statistick\u00fdch \u00fadaj\u016f a dat rusk\u00e9 prokuratury, zahynul\u00fdch obyvatel <strong>nebylo m\u00e9n\u011b ne\u017e 1.100.000<\/strong>, sp\u00ed\u0161e ale <strong>a\u017e 1.500.000<\/strong> obyvatel. <em>(Kdo to dnes v\u016fbec je schopen spo\u010d\u00edtat?!)<\/em><\/p>\n<p><strong>Lid\u00e9 v obkl\u00ed\u010den\u00e9m\u00a0Leningrad\u011b um\u00edrali<\/strong> v\u00a0d\u016fsledku neust\u00e1l\u00e9ho bombardov\u00e1n\u00ed n\u011bmeck\u00fdm letectvem a ost\u0159elov\u00e1n\u00ed m\u011bsta n\u011bmeck\u00fdm d\u011blost\u0159electvem. <strong>ALE hlavn\u011b<\/strong> um\u00edrali v\u00a0d\u016fsledku nedostatku v\u0161eho pot\u0159ebn\u00e9ho pro \u017eivot. Absolutn\u00ed nedostatek potravin, nedostatek l\u00e9k\u016f, obvaz\u016f, zdravotnick\u00e9ho materi\u00e1lu, nedostatek \u0161atstva a obuvi, nedostatek tepla, uhl\u00ed, d\u0159eva a elektrick\u00e9 energie.<\/p>\n<p><strong>Lid\u00e9 proto po tis\u00edc\u00edch denn\u011b um\u00edrali<\/strong> hladem, zimou, vy\u010derp\u00e1n\u00edm, absenc\u00ed l\u00e9k\u016f a l\u00e9ka\u0159sk\u00e9 p\u00e9\u010de, \u00fapln\u00fdm vys\u00edlen\u00edm. Byly dny, kdy jen b\u011bhem jedin\u00e9ho dne zem\u0159elo p\u0159\u00edmo na ulic\u00edch, n\u00e1m\u011bst\u00edch, na chodb\u00e1ch a schodi\u0161t\u00edch dom\u016f, ve zni\u010den\u00fdch bombami bytech a domech <strong>7.000 lid\u00ed!! Ano \u2013 b\u011bhem jen jedin\u00e9ho dne zem\u0159elo 7.000 lid\u00ed!<\/strong> Jak neuv\u011b\u0159iteln\u00e9, zoufal\u00e9, krut\u00e9! B\u011b\u017en\u011b um\u00edraly denn\u011b 3 \u2013 4 tis\u00edce lid\u00ed! Pt\u00e1m se N\u011bmcov\u00e9, \u010d\u00edm se provinili tyto lid\u00e9?!<\/p>\n<p><img decoding=\"async\" loading=\"lazy\" class=\"wp-image-71479 aligncenter\" src=\"http:\/\/www.infokuryr.cz\/n\/wp-content\/uploads\/2025\/02\/LENINGRAD-BLOKADA-300x226.jpg\" alt=\"\" width=\"787\" height=\"593\" srcset=\"https:\/\/www.infokuryr.cz\/n\/wp-content\/uploads\/2025\/02\/LENINGRAD-BLOKADA-300x226.jpg 300w, https:\/\/www.infokuryr.cz\/n\/wp-content\/uploads\/2025\/02\/LENINGRAD-BLOKADA.jpg 705w\" sizes=\"(max-width: 787px) 100vw, 787px\" \/><\/p>\n<p><strong>Blok\u00e1dn\u00ed leningradsk\u00e1 \u0161kola\u010dka T\u00e1\u0148a Nikolajevna Savi\u010dov\u00e1<\/strong> <strong><em>(\u0422\u0430\u0442\u044c\u044f\u043d\u0430 \u041d\u0438\u043a\u043e\u043b\u0430\u0435\u0432\u043d\u0430 \u0421\u0430\u0432\u0438\u0447\u0435\u0432\u0430)<\/em><\/strong> byla rusk\u00e1, leningradsk\u00e1 \u017e\u00e1kyn\u011b, kter\u00e1 ve v\u011bku sv\u00fdch jeden\u00e1cti a dvan\u00e1cti let si vedla z\u00e1pisky v\u00a0LENINGRAD\u011a obkl\u00ed\u010den\u00e9m, blokovan\u00e9m, bombardovan\u00e9m a odst\u0159elovan\u00e9m n\u011bmeck\u00fdmi fa\u0161isty. <strong>Mal\u00e1 hol\u010di\u010dka, \u0161kola\u010dka psala o smrti sv\u00fdch nejbli\u017e\u0161\u00edch p\u0159\u00edbuzn\u00fdch (setra, babi\u010dka, str\u00fdcov\u00e9, bratr, maminka)\u2026 do oby\u010dejn\u00e9ho se\u0161itu.<\/strong><\/p>\n<p><strong><u>Den\u00edk T\u00e1ni Nikola<\/u>j<u>evn<\/u>y<u> Savi\u010dov\u00e9<\/u>:<\/strong><\/p>\n<p><strong><em>\u201e28. prosince 1941 um\u0159ela \u017de\u0148a, ve 12:30 dopoledne<\/em><\/strong><\/p>\n<p><strong><em>Babi\u010dka um\u0159ela 25. ledna 1942, ve 3 hod. odpoledne<\/em><\/strong><\/p>\n<p><strong><em>Ljoka um\u0159el 17. b\u0159ezna, o 5. r\u00e1no<\/em><\/strong><\/p>\n<p><strong><em>Str\u00fd\u010dek Vasja um\u0159el 13. dubna ve 2 hod. v noci<\/em><\/strong><\/p>\n<p><strong><em>Str\u00fd\u010dek Ljo\u0161a 10. kv\u011btna, ve 4. odpoledne<\/em><\/strong><\/p>\n<p><strong><em>M\u00e1ma \u2014 13. kv\u011btna 1942, 7:30 r\u00e1no<\/em><\/strong><\/p>\n<p><strong><em>Savi\u010devovi um\u0159eli<\/em><\/strong><\/p>\n<p><strong><em>Um\u0159eli v\u0161ichni<\/em><\/strong><\/p>\n<p><strong><em>Z\u016fstala jenom T\u00e1\u0148a&#8220;<\/em><\/strong><\/p>\n<p><img decoding=\"async\" loading=\"lazy\" class=\"wp-image-71480 aligncenter\" src=\"http:\/\/www.infokuryr.cz\/n\/wp-content\/uploads\/2025\/02\/ffc739u-960-300x219.jpg\" alt=\"\" width=\"825\" height=\"602\" srcset=\"https:\/\/www.infokuryr.cz\/n\/wp-content\/uploads\/2025\/02\/ffc739u-960-300x219.jpg 300w, https:\/\/www.infokuryr.cz\/n\/wp-content\/uploads\/2025\/02\/ffc739u-960-768x561.jpg 768w, https:\/\/www.infokuryr.cz\/n\/wp-content\/uploads\/2025\/02\/ffc739u-960.jpg 908w\" sizes=\"(max-width: 825px) 100vw, 825px\" \/><\/p>\n<p>\u0160\u00edlen\u00e9, hrozn\u00e9, krut\u00e9, nelidsk\u00e9, zoufal\u00e9!! Tento jej\u00ed den\u00ed\u010dek pak p\u0159i Norimbersk\u00e9m procesu s n\u011bmeck\u00fdmi (a s\u00a0dal\u0161\u00edmi fa\u0161istick\u00fdmi a nacistick\u00fdmi zlo\u010dinci) figuroval i jako jeden st\u0159\u00edpe\u010dek z hromady st\u0159ep\u016f mozaiky ob\u017ealoby ze zlo\u010din\u016f a zv\u011brstev nacistick\u00e9ho N\u011bmecka a stal se i jedn\u00edm z d\u016fkaz\u016f t\u011bchto besti\u00e1ln\u00edch zlo\u010din\u016f.<\/p>\n<p><strong>N\u011bmcov\u00e1, byl jsem mnohokr\u00e1t na Pisk\u00e1revsk\u00e9m h\u0159bitov\u011b v Leningrad\u011b<\/strong>, kde je zejm\u00e9na v\u00a0hromadn\u00fdch hrobech, poh\u0159beno v\u00edce jak <strong>500.000 obyvatel<\/strong> Leningradu!! <strong>V\u00edce jak 500.000!!<\/strong> V\u0161ech!! \u017den, mu\u017e\u016f, d\u011bt\u00ed, \u0161kol\u00e1k\u016f, novorozenc\u016f, batolat, pracuj\u00edc\u00edch, star\u00fdch, mlad\u00fdch, hodn\u011b mlad\u00fdch\u2026 V\u011bt\u0161ina jich le\u017e\u00ed v\u00a0obrovsk\u00fdch hromadn\u00fdch hrobech. V\u00a0jednom takov\u00e9m tis\u00edc, dva i p\u011bt tis\u00edc lid\u00ed! Takov\u00fdch hrob\u016f jsou tam des\u00edtky.<\/p>\n<p>Leningra\u010fan\u00e9 jim nejen ve v\u00fdro\u010dn\u00edch a v\u00fdznamn\u00fdch dnech <em>(po\u010d\u00e1tek blok\u00e1dy, prolomen\u00ed blok\u00e1dy, osvobozen\u00ed m\u011bsta, v\u00a0Den V\u00cdT\u011aZSTV\u00cd 9. kv\u011btna ap.)<\/em> nos\u00ed pravideln\u011b kv\u011btiny, kyti\u010dky, d\u011btem na hroby pokl\u00e1daj\u00ed hra\u010dky, symbolicky pokl\u00e1daj\u00ed na hroby kraj\u00ed\u010dky chleba, bonbony, su\u0161enky.<\/p>\n<p>P\u0159i ka\u017ed\u00e9 m\u00e9 n\u00e1v\u0161t\u011bv\u011b h\u0159bitova jsem pokl\u00e1dal rud\u00e9 karafi\u00e1ty, p\u0159i v\u00fdznamn\u00fdch v\u00fdro\u010d\u00edch dokonce za \u010cECHOSLOV\u00c1KY velk\u00e9 kytice se stuhami a n\u00e1pisy v\u00a0\u010desk\u00e9m a rusk\u00e9m jazyce. J\u00e1 nejsem zr\u016fda, jako ty! A to jsem chlap! Ale tam\u2026 v\u017edy se mi draly a budou dr\u00e1t slzy do o\u010d\u00ed! Tebe, N\u011bmcov\u00e1, bych na toto pietn\u00ed m\u00edsto nikdy nevzal, nebo\u0165 bych to pova\u017eoval za zneuct\u011bn\u00ed v\u0161ech t\u011bch, kte\u0159\u00ed tam jsou pochov\u00e1ni a ti\u0161e le\u017e\u00ed.<\/p>\n<p><strong>N\u011bmcov\u00e1, byl jsem mnohokr\u00e1t v\u00a0Parku V\u00edt\u011bzstv\u00ed v\u00a0Leningrad\u011b.<\/strong> Je to obrovsk\u00fd are\u00e1l, n\u00e1dhern\u00fd park, cesti\u010dky, z\u00e1hony, louky, rybn\u00edky\u2026 Na jednom m\u00edst\u011b v parku na pomn\u00ed\u010dku je n\u00e1pis \u2013 <strong><em>\u201e\u0161lapete po popelu ze zde sp\u00e1len\u00fdch lid\u00ed\u201c. <\/em><\/strong>Ano, v\u0161ude kolem, na t\u011bch cest\u00e1ch, z\u00e1honech, louk\u00e1ch, i v\u00a0t\u011bch rybn\u00edk\u00e1ch je vysyp\u00e1n a rozpt\u00fdlen popel ze sp\u00e1len\u00fdch t\u011bl zem\u0159el\u00fdch lid\u00ed b\u011bhem blok\u00e1dy Leningradu. <strong>Je zde popel z\u00a0v\u00edce jak 400.000 t\u011bl lid\u00ed!! <\/strong>Tebe, N\u011bmcov\u00e1, bych na toto pietn\u00ed m\u00edsto nikdy nevzal, nebo\u0165 bych to pova\u017eoval za zneuct\u011bn\u00ed v\u0161ech t\u011bch, jejich\u017e popel je zde vysyp\u00e1n a rozpt\u00fdlen!<\/p>\n<p>Do blok\u00e1dy Leningradu to nebyl park. Tehdy zde byla cihelna. Vyr\u00e1b\u011bly se zde a p\u00e1lily cihly. A\u017e v\u00a0dob\u011b blok\u00e1dy a hromadn\u00e9ho um\u00edr\u00e1n\u00ed obyvatel m\u011bsta z\u00a0oby\u010dejn\u00e9 cihelny ud\u011blali obrovsk\u00e9 krematorium, p\u0159istav\u011bli obrovsk\u00e9 krema\u010dn\u00ed pece a spalovali v\u00a0nich lidi. Nest\u00edhali.<\/p>\n<p><img decoding=\"async\" loading=\"lazy\" class=\"wp-image-71482 aligncenter\" src=\"http:\/\/www.infokuryr.cz\/n\/wp-content\/uploads\/2025\/02\/IMG_4389-300x225.jpg\" alt=\"\" width=\"850\" height=\"637\" srcset=\"https:\/\/www.infokuryr.cz\/n\/wp-content\/uploads\/2025\/02\/IMG_4389-300x225.jpg 300w, https:\/\/www.infokuryr.cz\/n\/wp-content\/uploads\/2025\/02\/IMG_4389-1024x768.jpg 1024w, https:\/\/www.infokuryr.cz\/n\/wp-content\/uploads\/2025\/02\/IMG_4389-768x576.jpg 768w, https:\/\/www.infokuryr.cz\/n\/wp-content\/uploads\/2025\/02\/IMG_4389-1536x1152.jpg 1536w, https:\/\/www.infokuryr.cz\/n\/wp-content\/uploads\/2025\/02\/IMG_4389.jpg 1600w\" sizes=\"(max-width: 850px) 100vw, 850px\" \/><\/p>\n<p><strong>A ty, N\u011bmcov\u00e1, vyz\u00fdv\u00e1\u0161 k\u00a0zopakov\u00e1n\u00ed blok\u00e1dy Leningradu! <\/strong>Ty nejsi \u010dlov\u011bk, ty jsi lidsk\u00e1 zr\u016fda, stv\u016fra, \u010di (ne)stv\u016fra! Ty nem\u00e1\u0161 s\u00a0lidskost\u00ed v\u016fbec nic spole\u010dn\u00e9ho! Douf\u00e1m, \u017ee si tento \u010dl\u00e1nek, aspo\u0148 jednou, p\u0159e\u010dte i tv\u016fj, poveden\u00fd, syn\u00e1\u010dek a tv\u00ed p\u0159\u00edbuzn\u00ed, zn\u00e1m\u00ed a p\u0159\u00e1tel\u00e9 (u nich ostatn\u011b nev\u011b\u0159\u00edm, \u017ee n\u011bjak\u00e9 m\u00e1\u0161)<\/p>\n<p><strong>Po obrovsk\u00e9 vln\u011b kritiky a rozho\u0159\u010den\u00ed lid\u00ed na soci\u00e1ln\u00edch s\u00edt\u00edch Miroslava N\u011bmcov\u00e1 sv\u016fj p\u0159\u00edsp\u011bvek odstranila, smazala. <\/strong><\/p>\n<p>A takov\u00ed \u010de\u0161t\u00ed medi\u00e1ln\u00ed \u201evelik\u00e1ni\u201c jako jsou nap\u0159. seznam, forum24, novinky, media a jin\u00e9 \u201ehodnov\u011brn\u00e9\u201c zdroje informac\u00ed, aby \u201ezam\u00e1zli stopy\u201c, ihned p\u0159i\u0161li se zaru\u010den\u00fdmi zpr\u00e1vami, \u017ee v\u00fdrok, \u010di p\u0159\u00edsp\u011bvek, sen\u00e1torky N\u011bmcov\u00e9 ve skute\u010dnosti byla rusk\u00e1 dezinformace, rusk\u00e1 propaganda, \u010di dokonce hra rusk\u00fdch tajn\u00fdch slu\u017eeb apod., nebo\u0165 po\u010destn\u00e1 m\u00edrumilovn\u00e1 N\u011bmcov\u00e1 nikdy nic takov\u00e9ho ne\u0159ekla, ani nenapsala. Takto se j\u00ed zastal i nejzn\u00e1m\u011bj\u0161\u00ed \u010desk\u00fd pravdomluvec Petr Fiala a \u201egenit\u00e1ln\u00ed velik\u00e1n\u201c \u010desk\u00e9 diplomacie Jan Lipavsk\u00fd.<\/p>\n<p><strong>J\u00e1 za sebe \u0159\u00edk\u00e1m a jsem p\u0159esv\u011bd\u010den\u00fd o tom, \u017ee \u010d\u00edm m\u00e9n\u011b na sv\u011bt\u011b bude takov\u00fdch nacistick\u00fdch besti\u00ed, jako je \u010ce\u0161ka Miroslava N\u011bmcov\u00e1, t\u00edm svobodn\u011bj\u0161\u00ed bude sv\u011bt a t\u00edm \u0161\u0165astn\u011bj\u0161\u00edm bude cel\u00e9 lidstvo!<\/strong><\/p>\n<p>Ve svobodn\u00e9m a demokratick\u00e9m a spravedliv\u00e9m sv\u011bt\u011b by za tyto svoje v\u00fdroky st\u00e1la p\u0159ed soudy, ale v\u00a0\u010desk\u00e9 fa\u0161istick\u00e9 kolonii, pochopiteln\u011b, za sv\u00e9 v\u00fdroky p\u0159ed soudem nestane. \u010cesk\u00e9 soudy jsou fa\u0161istick\u00e9, nebo\u0165 pln\u011b slou\u017e\u00ed v\u00a0\u010desk\u00e9 republice <em>(\u00famysln\u011b p\u00ed\u0161i mal\u00e9 p\u00edsmeno \u201e\u010d\u201c)<\/em> nastolen\u00e9mu fa\u0161istick\u00e9mu, bruselsko-ukronacistick\u00e9mu, proamerick\u00e9mu re\u017eimu. Pln\u011b v\u00a0duchu hesla \u2013 koho chleba j\u00ed\u0161, toho p\u00edse\u0148 zp\u00edvej!<\/p>\n<p>P\u0159esto, \u017ee v\u00edm, \u017ee se tak <em>(z mnou v\u00fd\u0161e popsan\u00fdch d\u016fvod\u016f nestane)<\/em>, pro sv\u00e9 \u010dist\u00e9 sv\u011bdom\u00ed a mor\u00e1ln\u00ed p\u0159esv\u011bd\u010den\u00ed, kdy spravedlnost je pro m\u011b jednou z priorit a na hodn\u011b vysok\u00e9m stupni \u017eeb\u0159\u00ed\u010dku hodnot,\u00a0<strong>\u017e\u00e1d\u00e1m t\u00edmto org\u00e1ny \u010dinn\u00e9 v\u00a0trestn\u00edm \u0159\u00edzen\u00ed<\/strong>, aby okam\u017eit\u011b za\u010daly konat ohledn\u011b hanebn\u00fdch v\u00fdroky Miroslavy N\u011bmcov\u00e9, kter\u00fdmi pop\u00edr\u00e1 genocidu rusk\u00e9ho obyvatelstva b\u011bhem blok\u00e1dy Leningradu za druh\u00e9 sv\u011btov\u00e9 v\u00e1lky, vysm\u00edv\u00e1 se ob\u011btem t\u00e9to genocidy, <strong>dokonce ve\u0159ejn\u011b p\u0159es sd\u011blovac\u00ed prost\u0159edky, nav\u00edc i jako ve\u0159ejn\u00fd \u010dinitel, vyz\u00fdv\u00e1 k\u00a0opakov\u00e1n\u00ed t\u00e9to genocidy rusk\u00e9ho obyvatelstva!<\/strong><\/p>\n<p><strong>\u017d\u00e1d\u00e1m t\u00edmto prezidenta \u010dr a vl\u00e1du \u010dr<\/strong>, aby okam\u017eit\u011b odvolali ze v\u0161ech funkc\u00ed Miroslavu N\u011bmcovou a vydali ji org\u00e1n\u016fm \u010dinn\u00fdm v\u00a0trestn\u00edm \u0159\u00edzen\u00ed.<\/p>\n<p><strong>\u017d\u00e1d\u00e1m Miroslavu N\u011bmcovou<\/strong>, aby se okam\u017eit\u011b ve\u0159ejn\u011b omluvila cel\u00e9mu rusk\u00e9mu n\u00e1rodu, zvl\u00e1\u0161t\u011b pak obyvatel\u016fm <strong>Leningradu<\/strong> <em>(nyn\u011bj\u0161\u00edho Sankt-P\u011bterburgu)<\/em>, aby se omluvila prezidentu Rusk\u00e9 federace Vladim\u00edru Vladim\u00edrovi\u010di Putinovi za sv\u00e9 hanebn\u00e9 a zcela nep\u0159ijateln\u00e9 v\u00fdroky.<\/p>\n<p><img decoding=\"async\" loading=\"lazy\" class=\"wp-image-71481 aligncenter\" src=\"http:\/\/www.infokuryr.cz\/n\/wp-content\/uploads\/2025\/02\/IMG_4388-300x225.jpg\" alt=\"\" width=\"744\" height=\"558\" srcset=\"https:\/\/www.infokuryr.cz\/n\/wp-content\/uploads\/2025\/02\/IMG_4388-300x225.jpg 300w, https:\/\/www.infokuryr.cz\/n\/wp-content\/uploads\/2025\/02\/IMG_4388-1024x768.jpg 1024w, https:\/\/www.infokuryr.cz\/n\/wp-content\/uploads\/2025\/02\/IMG_4388-768x576.jpg 768w, https:\/\/www.infokuryr.cz\/n\/wp-content\/uploads\/2025\/02\/IMG_4388-1536x1152.jpg 1536w, https:\/\/www.infokuryr.cz\/n\/wp-content\/uploads\/2025\/02\/IMG_4388.jpg 1600w\" sizes=\"(max-width: 744px) 100vw, 744px\" \/><\/p>\n<p><strong>Prohl\u00e1\u0161en\u00ed:<\/strong><\/p>\n<p>J\u00e1, \u010cechoslov\u00e1k <em>(\u010cech)<\/em>, Petr Michal\u016f se d\u016frazn\u011b distancuji nejen od t\u00e9to \u010desk\u00e9 fa\u0161istick\u00e9 sen\u00e1torky Miroslavy N\u011bmcov\u00e9, ale naprosto od v\u0161ech \u010desk\u00fdch fa\u0161istick\u00fdch, nacistick\u00fdch, bruselsko-ukronacistick\u00fdch zr\u016fd, a\u0165 jsou to politici <em>(prezident, cel\u00e1 vl\u00e1da)<\/em>, herci, zp\u011bv\u00e1ci, sportovci, \u010di jen oby\u010dejn\u00ed, naprosto bezv\u00fdznamn\u00ed lid\u00e9 zmanipulovan\u00ed propagandou a trp\u00edc\u00ed fanatickou, nep\u0159\u00ed\u010detnou rusofobi\u00ed, to je nen\u00e1vist\u00ed ke v\u0161emu rusk\u00e9mu (\u010di d\u0159\u00edve sov\u011btsk\u00e9mu).<\/p>\n<p>Za cel\u00fd sv\u016fj \u017eivot jsem nikdy nezradil p\u0159\u00e1telstv\u00ed \u010deskoslovensk\u00e9ho lidu, \u010desk\u00e9ho n\u00e1roda k\u00a0sov\u011btsk\u00fdm n\u00e1rod\u016fm, k\u00a0rusk\u00e9mu n\u00e1rodu. My, na\u0161e n\u00e1rody, jsme p\u0159\u00e1tel\u00e9 a slovan\u0161t\u00ed brat\u0159i. I p\u0159esto, \u017ee n\u00e1s na\u0161i spole\u010dn\u00ed zap\u0159is\u00e1hl\u00ed nep\u0159\u00e1tel\u00e9 ji\u017e tak dlouho (v\u00edce ne\u017e 35 let) c\u00edlen\u011b \u0161tvou, po\u0161tv\u00e1vaj\u00ed a stav\u00ed proti sob\u011b. Napravit zp\u0159etrhan\u00e9, \u00famysln\u011b zni\u010den\u00e9, zdegenerovan\u00e9 vztahy mezi na\u0161imi n\u00e1rody bude velice t\u011b\u017ek\u00e9, ne-li nemo\u017en\u00e9. P\u0159esto se o to mus\u00edme pokusit. Chci st\u00e1le v\u011b\u0159it, \u017ee se to n\u00e1m, nebo na\u0161im potomk\u016fm, nakonec povede. Ano, chci tomu v\u011b\u0159it. V\u017edy\u0165 jsme slovan\u0161t\u00ed brat\u0159i!<\/p>\n<p><strong><u>Na samotn\u00fd z\u00e1v\u011br se pt\u00e1m<\/u>:<\/strong><\/p>\n<p>&#8211; Nen\u00ed hanebn\u00e9, skand\u00e1ln\u00ed, odsouzen\u00edhodn\u00e9 chov\u00e1n\u00ed a prohl\u00e1\u0161en\u00ed sen\u00e1torky Miroslavy N\u011bmcov\u00e9 a jedn\u00e1n\u00ed v\u0161ech jej\u00edch soukmenovc\u016f zcela nejp\u0159esv\u011bd\u010div\u011bj\u0161\u00edm a dal\u0161\u00edm z mnoha \u201edo o\u010d\u00ed bij\u00edc\u00edm\u201c d\u016fkazem toho, \u017ee <strong>je nezbytn\u00e9 prov\u00e9st i d\u016fslednou a d\u016fkladnou denacifikaci, <\/strong>a samoz\u0159ejm\u011b s\u00a0t\u00edm i souvisej\u00edc\u00ed <strong>deukrajinizaci,<\/strong> i cel\u00e9ho \u010desk\u00e9ho prostoru?!<\/p>\n<p><em>Mgr. Petr Michal\u016f<\/em><\/p>\n<p><img decoding=\"async\" loading=\"lazy\" class=\"alignnone size-medium wp-image-35494\" src=\"http:\/\/www.infokuryr.cz\/n\/wp-content\/uploads\/2023\/09\/petr-michalu-300x251.jpg\" alt=\"\" width=\"300\" height=\"251\" srcset=\"https:\/\/www.infokuryr.cz\/n\/wp-content\/uploads\/2023\/09\/petr-michalu-300x251.jpg 300w, https:\/\/www.infokuryr.cz\/n\/wp-content\/uploads\/2023\/09\/petr-michalu-768x641.jpg 768w, https:\/\/www.infokuryr.cz\/n\/wp-content\/uploads\/2023\/09\/petr-michalu.jpg 801w\" sizes=\"(max-width: 300px) 100vw, 300px\" \/><\/p>\n<p>&nbsp;<\/p>\n","protected":false},"excerpt":{"rendered":"<p>Tak tato Miroslava N\u011bmcov\u00e1 \u2013 je\u0161t\u011b v ned\u00e1vn\u00e9 minulosti \u201eproslul\u00e1\u201c zlod\u011bjka, kter\u00e1 kradla v samoobsluze&#8230;<\/p>\n","protected":false},"author":2,"featured_media":71477,"comment_status":"closed","ping_status":"closed","sticky":false,"template":"","format":"standard","meta":[],"categories":[6],"tags":[6671,864,811],"_links":{"self":[{"href":"https:\/\/www.infokuryr.cz\/n\/wp-json\/wp\/v2\/posts\/71476"}],"collection":[{"href":"https:\/\/www.infokuryr.cz\/n\/wp-json\/wp\/v2\/posts"}],"about":[{"href":"https:\/\/www.infokuryr.cz\/n\/wp-json\/wp\/v2\/types\/post"}],"author":[{"embeddable":true,"href":"https:\/\/www.infokuryr.cz\/n\/wp-json\/wp\/v2\/users\/2"}],"replies":[{"embeddable":true,"href":"https:\/\/www.infokuryr.cz\/n\/wp-json\/wp\/v2\/comments?post=71476"}],"version-history":[{"count":0,"href":"https:\/\/www.infokuryr.cz\/n\/wp-json\/wp\/v2\/posts\/71476\/revisions"}],"wp:featuredmedia":[{"embeddable":true,"href":"https:\/\/www.infokuryr.cz\/n\/wp-json\/wp\/v2\/media\/71477"}],"wp:attachment":[{"href":"https:\/\/www.infokuryr.cz\/n\/wp-json\/wp\/v2\/media?parent=71476"}],"wp:term":[{"taxonomy":"category","embeddable":true,"href":"https:\/\/www.infokuryr.cz\/n\/wp-json\/wp\/v2\/categories?post=71476"},{"taxonomy":"post_tag","embeddable":true,"href":"https:\/\/www.infokuryr.cz\/n\/wp-json\/wp\/v2\/tags?post=71476"}],"curies":[{"name":"wp","href":"https:\/\/api.w.org\/{rel}","templated":true}]}}