{"id":71464,"date":"2025-02-03T07:23:11","date_gmt":"2025-02-03T06:23:11","guid":{"rendered":"https:\/\/www.infokuryr.cz\/n\/?p=71464"},"modified":"2025-02-03T07:23:11","modified_gmt":"2025-02-03T06:23:11","slug":"washington-oznamena-identita-pilota-havarie-vrtulniku","status":"publish","type":"post","link":"https:\/\/www.infokuryr.cz\/n\/2025\/02\/03\/washington-oznamena-identita-pilota-havarie-vrtulniku\/","title":{"rendered":"Washington: Ozn\u00e1mena identita pilota hav\u00e1rie vrtuln\u00edku"},"content":{"rendered":"<div id=\"fb-root\"><\/div>\n<div class=\"elementor-element elementor-element-ce0c00d articlestyle elementor-widget elementor-widget-theme-post-content\" data-id=\"ce0c00d\" data-element_type=\"widget\" data-widget_type=\"theme-post-content.default\">\n<div class=\"elementor-widget-container\" style=\"text-align: left;\">\n<p><strong><span>\u00dadajn\u011b kv\u016fli \u201epravicov\u00fdm f\u00e1m\u00e1m\u201c byla toto\u017enost t\u0159et\u00edho pilota vrtuln\u00edku z letadla zapojen\u00e9ho do ni\u010div\u00e9 leteck\u00e9 hav\u00e1rie, p\u0159i n\u00ed\u017e zahynulo 67 lid\u00ed, odhalena a\u017e velmi pozd\u011b. Extr\u00e9mn\u011b hloup\u00e1 v\u00fdmluva, pokud \u00fa\u0159ady jednaj\u00ed okam\u017eit\u011b transparentn\u011b, nemohou v prvn\u00ed \u0159ad\u011b vzniknout f\u00e1my. Report24 tak opravuje sv\u00e9 zpravodajstv\u00ed, kter\u00e9 vych\u00e1zelo z n\u011bkolika americk\u00fdch zdroj\u016f, a poskytuje kompletn\u00ed informace jako obvykle.<\/span><\/strong><\/p>\n<p><span>T\u0159et\u00edm pilotem na palub\u011b vojensk\u00e9ho vrtuln\u00edku byla kapit\u00e1nka Rebecca M. Lobach z Durhamu v Severn\u00ed Karol\u00edn\u011b. B\u011bhem Bidenovy administrativy pracovala jako soci\u00e1ln\u00ed asistentka v B\u00edl\u00e9m dom\u011b. Jej\u00ed jm\u00e9no ale nebylo z piety v \u017e\u00e1dn\u00e9m p\u0159\u00edpad\u011b utajov\u00e1no. Agenti m\u011bli v posledn\u00edch dnech sp\u00ed\u0161e pln\u00e9 ruce pr\u00e1ce s \u00faklidem \u00fa\u010dt\u016f na soci\u00e1ln\u00edch s\u00edt\u00edch 28let\u00e9ho mlad\u00edka.<\/span><\/p>\n<p><span>Je nanejv\u00fd\u0161 podivn\u00e9, pro\u010d by n\u011bkdo m\u011bl zv\u00fd\u0161en\u00fd z\u00e1jem o vymaz\u00e1n\u00ed p\u0159\u00edtomnosti mlad\u00e9 \u017eeny na soci\u00e1ln\u00edch s\u00edt\u00edch tak d\u016fkladn\u011b, ne\u017e bude jej\u00ed jm\u00e9no p\u0159edstaveno ve\u0159ejnosti. Do t\u00e9 doby se spekulovalo o tom, \u017ee na palub\u011b letadla byla depresivn\u00ed transgender pilotka \u2013 viz: Z\u00e1hadn\u00e1 hav\u00e1rie americk\u00e9ho letadla:\u00a0<\/span><a href=\"https:\/\/report24.news\/raetselhafter-us-flugzeugcrash-trump-hassende-transgender-copilotin-fuerchtete-um-job\/\" target=\"_blank\" rel=\"noreferrer noopener\"><span>Trump-nen\u00e1vid\u00edc\u00ed transgender kopilotka se b\u00e1la o svou pr\u00e1ci<\/span><\/a><span>\u00a0.<\/span><\/p>\n<p><span>Ot\u00e1zkou je, co je d\u016fle\u017eit\u011bj\u0161\u00ed: aby ameri\u010dt\u00ed demokrat\u00e9 skr\u00fdvali pravdy, kter\u00e9 jsou jim nep\u0159\u00edjemn\u00e9 \u2013 nebo aby ve\u0159ejnost byla pln\u011b informov\u00e1na o pozad\u00ed, kter\u00e9 vedlo ke smrti tolika lid\u00ed. Ale nejen jej\u00ed p\u0159\u00edtomnost na soci\u00e1ln\u00edch s\u00edt\u00edch byla odstran\u011bna, dokonce se poh\u0159e\u0161uj\u00ed i \u200b\u200bjej\u00ed nejbli\u017e\u0161\u00ed rodinn\u00ed p\u0159\u00edslu\u0161n\u00edci.<\/span><\/p>\n<figure class=\"wp-block-embed is-type-rich is-provider-twitter wp-block-embed-twitter\">\n<div class=\"wp-block-embed__wrapper\">\n<div class=\"twitter-tweet twitter-tweet-rendered\"><iframe id=\"twitter-widget-0\" class=\"\" title=\"P\u0159\u00edsp\u011bvek X\" src=\"https:\/\/platform.twitter.com\/embed\/Tweet.html?dnt=true&amp;embedId=twitter-widget-0&amp;features=eyJ0ZndfdGltZWxpbmVfbGlzdCI6eyJidWNrZXQiOltdLCJ2ZXJzaW9uIjpudWxsfSwidGZ3X2ZvbGxvd2VyX2NvdW50X3N1bnNldCI6eyJidWNrZXQiOnRydWUsInZlcnNpb24iOm51bGx9LCJ0ZndfdHdlZXRfZWRpdF9iYWNrZW5kIjp7ImJ1Y2tldCI6Im9uIiwidmVyc2lvbiI6bnVsbH0sInRmd19yZWZzcmNfc2Vzc2lvbiI6eyJidWNrZXQiOiJvbiIsInZlcnNpb24iOm51bGx9LCJ0ZndfZm9zbnJfc29mdF9pbnRlcnZlbnRpb25zX2VuYWJsZWQiOnsiYnVja2V0Ijoib24iLCJ2ZXJzaW9uIjpudWxsfSwidGZ3X21peGVkX21lZGlhXzE1ODk3Ijp7ImJ1Y2tldCI6InRyZWF0bWVudCIsInZlcnNpb24iOm51bGx9LCJ0ZndfZXhwZXJpbWVudHNfY29va2llX2V4cGlyYXRpb24iOnsiYnVja2V0IjoxMjA5NjAwLCJ2ZXJzaW9uIjpudWxsfSwidGZ3X3Nob3dfYmlyZHdhdGNoX3Bpdm90c19lbmFibGVkIjp7ImJ1Y2tldCI6Im9uIiwidmVyc2lvbiI6bnVsbH0sInRmd19kdXBsaWNhdGVfc2NyaWJlc190b19zZXR0aW5ncyI6eyJidWNrZXQiOiJvbiIsInZlcnNpb24iOm51bGx9LCJ0ZndfdXNlX3Byb2ZpbGVfaW1hZ2Vfc2hhcGVfZW5hYmxlZCI6eyJidWNrZXQiOiJvbiIsInZlcnNpb24iOm51bGx9LCJ0ZndfdmlkZW9faGxzX2R5bmFtaWNfbWFuaWZlc3RzXzE1MDgyIjp7ImJ1Y2tldCI6InRydWVfYml0cmF0ZSIsInZlcnNpb24iOm51bGx9LCJ0ZndfbGVnYWN5X3RpbWVsaW5lX3N1bnNldCI6eyJidWNrZXQiOnRydWUsInZlcnNpb24iOm51bGx9LCJ0ZndfdHdlZXRfZWRpdF9mcm9udGVuZCI6eyJidWNrZXQiOiJvbiIsInZlcnNpb24iOm51bGx9fQ%3D%3D&amp;frame=false&amp;hideCard=false&amp;hideThread=false&amp;id=1885904781798932693&amp;lang=cs&amp;origin=https%3A%2F%2Freport24.news%2Fwashington-identitaet-der-hubschrauber-unglueckspilotin-bekanntgegeben%2F&amp;sessionId=189ab227c4a7954b71ba49ae4265b359dd8da5e1&amp;theme=light&amp;widgetsVersion=2615f7e52b7e0%3A1702314776716&amp;width=550px\" frameborder=\"0\" scrolling=\"no\" allowfullscreen=\"allowfullscreen\" data-tweet-id=\"1885904781798932693\" data-mce-fragment=\"1\"><\/iframe><\/div>\n<\/div>\n<\/figure>\n<p><span>Ve Spojen\u00fdch st\u00e1tech propukly vzru\u0161en\u00e9 debaty o kvalifikaci voj\u00e1k\u016f a zam\u011bstnanc\u016f \u0159\u00edzen\u00ed letov\u00e9ho provozu naj\u00edman\u00fdch podle sm\u011brnic DEI. V obou p\u0159\u00edpadech byly pozice p\u0159id\u011bleny m\u00e9n\u011b kvalifikovan\u00fdm lidem z rasov\u00fdch nebo genderov\u00fdch d\u016fvod\u016f. Neschopnost hasi\u010d\u016f v Los Angeles b\u011bhem ni\u010div\u00fdch po\u017e\u00e1r\u016f ji\u017e uk\u00e1zala, \u017ee to m\u016f\u017ee m\u00edt v kritick\u00fdch profes\u00edch fat\u00e1ln\u00ed n\u00e1sledky.<\/span><\/p>\n<figure class=\"wp-block-image size-full\"><img decoding=\"async\" loading=\"lazy\" class=\"wp-image-137957 aligncenter\" src=\"https:\/\/report24.news\/wp-content\/uploads\/2025\/02\/GiyGc9HXIAAownN.jpg\" sizes=\"(max-width: 906px) 100vw, 906px\" srcset=\"https:\/\/report24.news\/wp-content\/uploads\/2025\/02\/GiyGc9HXIAAownN.jpg 906w, https:\/\/report24.news\/wp-content\/uploads\/2025\/02\/GiyGc9HXIAAownN-768x686.jpg 768w, https:\/\/report24.news\/wp-content\/uploads\/2025\/02\/GiyGc9HXIAAownN-600x536.jpg 600w\" alt=\"\" width=\"675\" height=\"602\" \/><figcaption class=\"wp-element-caption\"><span>Lobach byl \u00fazce spojen s americk\u00fdmi demokraty v Bidenov\u011b administrativ\u011b.<\/span><\/figcaption><\/figure>\n<p><span>Ob\u010dan\u0161t\u00ed novin\u00e1\u0159i v sou\u010dasn\u00e9 dob\u011b prohled\u00e1vaj\u00ed internet a hledaj\u00ed informace o Lobachovi. Co mus\u00ed okol\u00ed Joea Bidena skr\u00fdvat? Co bylo pot\u0159eba tak nal\u00e9hav\u011b smazat? Bude zaj\u00edmav\u00e9 sledovat, co dal\u0161\u00edho v t\u00e9to v\u011bci vyjde najevo.<\/span><\/p>\n<figure class=\"wp-block-embed is-type-rich is-provider-twitter wp-block-embed-twitter\">\n<div class=\"wp-block-embed__wrapper\">\n<div class=\"twitter-tweet twitter-tweet-rendered\"><iframe id=\"twitter-widget-1\" class=\"\" title=\"P\u0159\u00edsp\u011bvek X\" src=\"https:\/\/platform.twitter.com\/embed\/Tweet.html?dnt=true&amp;embedId=twitter-widget-1&amp;features=eyJ0ZndfdGltZWxpbmVfbGlzdCI6eyJidWNrZXQiOltdLCJ2ZXJzaW9uIjpudWxsfSwidGZ3X2ZvbGxvd2VyX2NvdW50X3N1bnNldCI6eyJidWNrZXQiOnRydWUsInZlcnNpb24iOm51bGx9LCJ0ZndfdHdlZXRfZWRpdF9iYWNrZW5kIjp7ImJ1Y2tldCI6Im9uIiwidmVyc2lvbiI6bnVsbH0sInRmd19yZWZzcmNfc2Vzc2lvbiI6eyJidWNrZXQiOiJvbiIsInZlcnNpb24iOm51bGx9LCJ0ZndfZm9zbnJfc29mdF9pbnRlcnZlbnRpb25zX2VuYWJsZWQiOnsiYnVja2V0Ijoib24iLCJ2ZXJzaW9uIjpudWxsfSwidGZ3X21peGVkX21lZGlhXzE1ODk3Ijp7ImJ1Y2tldCI6InRyZWF0bWVudCIsInZlcnNpb24iOm51bGx9LCJ0ZndfZXhwZXJpbWVudHNfY29va2llX2V4cGlyYXRpb24iOnsiYnVja2V0IjoxMjA5NjAwLCJ2ZXJzaW9uIjpudWxsfSwidGZ3X3Nob3dfYmlyZHdhdGNoX3Bpdm90c19lbmFibGVkIjp7ImJ1Y2tldCI6Im9uIiwidmVyc2lvbiI6bnVsbH0sInRmd19kdXBsaWNhdGVfc2NyaWJlc190b19zZXR0aW5ncyI6eyJidWNrZXQiOiJvbiIsInZlcnNpb24iOm51bGx9LCJ0ZndfdXNlX3Byb2ZpbGVfaW1hZ2Vfc2hhcGVfZW5hYmxlZCI6eyJidWNrZXQiOiJvbiIsInZlcnNpb24iOm51bGx9LCJ0ZndfdmlkZW9faGxzX2R5bmFtaWNfbWFuaWZlc3RzXzE1MDgyIjp7ImJ1Y2tldCI6InRydWVfYml0cmF0ZSIsInZlcnNpb24iOm51bGx9LCJ0ZndfbGVnYWN5X3RpbWVsaW5lX3N1bnNldCI6eyJidWNrZXQiOnRydWUsInZlcnNpb24iOm51bGx9LCJ0ZndfdHdlZXRfZWRpdF9mcm9udGVuZCI6eyJidWNrZXQiOiJvbiIsInZlcnNpb24iOm51bGx9fQ%3D%3D&amp;frame=false&amp;hideCard=false&amp;hideThread=false&amp;id=1885835890099999029&amp;lang=cs&amp;origin=https%3A%2F%2Freport24.news%2Fwashington-identitaet-der-hubschrauber-unglueckspilotin-bekanntgegeben%2F&amp;sessionId=189ab227c4a7954b71ba49ae4265b359dd8da5e1&amp;theme=light&amp;widgetsVersion=2615f7e52b7e0%3A1702314776716&amp;width=550px\" frameborder=\"0\" scrolling=\"no\" allowfullscreen=\"allowfullscreen\" data-tweet-id=\"1885835890099999029\" data-mce-fragment=\"1\"><\/iframe><\/div>\n<\/div>\n<\/figure>\n<p><span>Existuje mnoho dobr\u00fdch d\u016fvod\u016f se domn\u00edvat, \u017ee pan\u00ed Lobachov\u00e1 byla sou\u010d\u00e1st\u00ed \u00fasil\u00ed Levice DEI. N\u011bkter\u00e9 reklamn\u00ed obr\u00e1zky americk\u00e9 arm\u00e1dy p\u0159e\u017eily vymaz\u00e1vac\u00ed orgie.<\/span><\/p>\n<figure class=\"wp-block-gallery has-nested-images columns-default is-cropped wp-block-gallery-1 is-layout-flex wp-block-gallery-is-layout-flex\">\n<figure class=\"wp-block-image size-large\"><img decoding=\"async\" loading=\"lazy\" class=\"wp-image-137955 aligncenter\" src=\"https:\/\/report24.news\/wp-content\/uploads\/2025\/02\/GixRKWTaAAAUh4C.jpg\" sizes=\"(max-width: 1078px) 100vw, 1078px\" srcset=\"https:\/\/report24.news\/wp-content\/uploads\/2025\/02\/GixRKWTaAAAUh4C.jpg 1078w, https:\/\/report24.news\/wp-content\/uploads\/2025\/02\/GixRKWTaAAAUh4C-768x1056.jpg 768w, https:\/\/report24.news\/wp-content\/uploads\/2025\/02\/GixRKWTaAAAUh4C-600x825.jpg 600w\" alt=\"\" width=\"576\" height=\"792\" data-id=\"137955\" \/><\/figure>\n<figure class=\"wp-block-image size-large\"><img decoding=\"async\" loading=\"lazy\" class=\"wp-image-137954 aligncenter\" src=\"https:\/\/report24.news\/wp-content\/uploads\/2025\/02\/GixRKWVboAANM86.jpg\" sizes=\"(max-width: 697px) 100vw, 697px\" srcset=\"https:\/\/report24.news\/wp-content\/uploads\/2025\/02\/GixRKWVboAANM86.jpg 697w, https:\/\/report24.news\/wp-content\/uploads\/2025\/02\/GixRKWVboAANM86-230x230.jpg 230w, https:\/\/report24.news\/wp-content\/uploads\/2025\/02\/GixRKWVboAANM86-400x400.jpg 400w, https:\/\/report24.news\/wp-content\/uploads\/2025\/02\/GixRKWVboAANM86-600x602.jpg 600w, https:\/\/report24.news\/wp-content\/uploads\/2025\/02\/GixRKWVboAANM86-150x150.jpg 150w\" alt=\"\" width=\"697\" height=\"699\" data-id=\"137954\" \/><\/figure>\n<\/figure>\n<p><span>Mezi detaily, kter\u00e9 se staly zn\u00e1m\u00fdmi, pat\u0159\u00ed skute\u010dnost, \u017ee Lobach byl majitelem domu v hodnot\u011b 520 000 dolar\u016f &#8211; po dvou letech platu jako kapit\u00e1n v americk\u00e9 arm\u00e1d\u011b. Nab\u00edz\u00ed se tak\u00e9 ot\u00e1zka, jak m\u016f\u017ee \u010dlov\u011bk s tak mal\u00fdmi letov\u00fdmi zku\u0161enostmi slou\u017eit v tak d\u016fle\u017eit\u00e9 arm\u00e1dn\u00ed jednotce, kter\u00e1 je zodpov\u011bdn\u00e1 za z\u00e1chranu vrcholn\u00fdch politik\u016f a \u00fa\u0159edn\u00edk\u016f v p\u0159\u00edpad\u011b katastrofy.<\/span><\/p>\n<figure class=\"wp-block-image size-full\"><img decoding=\"async\" loading=\"lazy\" class=\"wp-image-137963 aligncenter\" src=\"https:\/\/report24.news\/wp-content\/uploads\/2025\/02\/image-3.png\" sizes=\"(max-width: 730px) 100vw, 730px\" srcset=\"https:\/\/report24.news\/wp-content\/uploads\/2025\/02\/image-3.png 730w, https:\/\/report24.news\/wp-content\/uploads\/2025\/02\/image-3-600x557.png 600w\" alt=\"\" width=\"730\" height=\"678\" \/><\/figure>\n<figure class=\"wp-block-image size-full\"><img decoding=\"async\" loading=\"lazy\" class=\"wp-image-137966 aligncenter\" src=\"https:\/\/report24.news\/wp-content\/uploads\/2025\/02\/image-4.png\" sizes=\"(max-width: 692px) 100vw, 692px\" srcset=\"https:\/\/report24.news\/wp-content\/uploads\/2025\/02\/image-4.png 692w, https:\/\/report24.news\/wp-content\/uploads\/2025\/02\/image-4-600x643.png 600w\" alt=\"\" width=\"692\" height=\"742\" \/><\/figure>\n<\/div>\n<\/div>\n<div class=\"elementor-element elementor-element-ef8547e elementor-widget elementor-widget-shortcode\" data-id=\"ef8547e\" data-element_type=\"widget\" data-widget_type=\"shortcode.default\">\n<div class=\"elementor-widget-container\">\n<div class=\"elementor-shortcode\">\n<div class=\"cadblock hidemobile\" data-taxes=\"-1\" data-pos=\"main\" data-num=\"1\">\n<div class=\"cxt\">\n<p><img decoding=\"async\" loading=\"lazy\" class=\"alignnone size-full wp-image-1185\" src=\"http:\/\/www.infokuryr.cz\/n\/wp-content\/uploads\/2021\/04\/kuryr-podpis.png\" alt=\"\" width=\"84\" height=\"24\" \/><\/p>\n<p>&nbsp;<\/p>\n<\/div>\n<\/div>\n<\/div>\n<\/div>\n<\/div>\n","protected":false},"excerpt":{"rendered":"<p>\u00dadajn\u011b kv\u016fli \u201epravicov\u00fdm f\u00e1m\u00e1m\u201c byla toto\u017enost t\u0159et\u00edho pilota vrtuln\u00edku z letadla zapojen\u00e9ho do ni\u010div\u00e9 leteck\u00e9&#8230;<\/p>\n","protected":false},"author":2,"featured_media":71465,"comment_status":"closed","ping_status":"closed","sticky":false,"template":"","format":"standard","meta":[],"categories":[7],"tags":[1421,1314,37],"_links":{"self":[{"href":"https:\/\/www.infokuryr.cz\/n\/wp-json\/wp\/v2\/posts\/71464"}],"collection":[{"href":"https:\/\/www.infokuryr.cz\/n\/wp-json\/wp\/v2\/posts"}],"about":[{"href":"https:\/\/www.infokuryr.cz\/n\/wp-json\/wp\/v2\/types\/post"}],"author":[{"embeddable":true,"href":"https:\/\/www.infokuryr.cz\/n\/wp-json\/wp\/v2\/users\/2"}],"replies":[{"embeddable":true,"href":"https:\/\/www.infokuryr.cz\/n\/wp-json\/wp\/v2\/comments?post=71464"}],"version-history":[{"count":0,"href":"https:\/\/www.infokuryr.cz\/n\/wp-json\/wp\/v2\/posts\/71464\/revisions"}],"wp:featuredmedia":[{"embeddable":true,"href":"https:\/\/www.infokuryr.cz\/n\/wp-json\/wp\/v2\/media\/71465"}],"wp:attachment":[{"href":"https:\/\/www.infokuryr.cz\/n\/wp-json\/wp\/v2\/media?parent=71464"}],"wp:term":[{"taxonomy":"category","embeddable":true,"href":"https:\/\/www.infokuryr.cz\/n\/wp-json\/wp\/v2\/categories?post=71464"},{"taxonomy":"post_tag","embeddable":true,"href":"https:\/\/www.infokuryr.cz\/n\/wp-json\/wp\/v2\/tags?post=71464"}],"curies":[{"name":"wp","href":"https:\/\/api.w.org\/{rel}","templated":true}]}}