{"id":71463,"date":"2025-02-03T06:35:17","date_gmt":"2025-02-03T05:35:17","guid":{"rendered":"https:\/\/www.infokuryr.cz\/n\/?p=71463"},"modified":"2025-02-03T06:35:56","modified_gmt":"2025-02-03T05:35:56","slug":"michael-svatos-trump-se-chysta-sejmout-zelenskeho-okamura-i-putin-se-vcera-dokonale-shodli","status":"publish","type":"post","link":"https:\/\/www.infokuryr.cz\/n\/2025\/02\/03\/michael-svatos-trump-se-chysta-sejmout-zelenskeho-okamura-i-putin-se-vcera-dokonale-shodli\/","title":{"rendered":"Michael Svato\u0161: Trump se chyst\u00e1 sejmout Zelensk\u00e9ho! Okamura i Putin se v\u010dera dokonale shodli!"},"content":{"rendered":"<div id=\"fb-root\"><\/div>\n<p>\u010cesk\u00fd mainstream nyn\u00ed velmi \u010dasto \u0161\u00ed\u0159\u00ed o Vladim\u00edru Putinovi podl\u00e9 narativy,\u00a0<a href=\"https:\/\/zpravy.aktualne.cz\/zahranici\/jednat-o-miru-muzu-jen-s-parlamentem-putin-rozjel-falesnou-s\/r~10ea1eccdf1211efbeca0cc47ab5f122\/\">\u017ee nechce s ukrajinsk\u00fdm prezidentem Zelensk\u00fdm vyjedn\u00e1vat o m\u00edru, proto\u017ee \u201cnen\u00ed legitimn\u00edm prezidentem Ukrajiny\u201d, nebo\u0165 jeho mand\u00e1t u\u017e zanikl<\/a>.\u00a0Tato nejnov\u011bj\u0161\u00ed pomlouva\u010dn\u00e1 kampa\u0148 \u010desk\u00fdch m\u00e9di\u00ed proti moskevsk\u00e9mu Gosudarovi se u\u017e dokonce dostala i do rozporu s posledn\u00edmi hl\u00e1\u0161en\u00edmi kyjevsk\u00fdch m\u00e9di\u00ed. Ta o v\u00edkendu jasn\u011b napsala:<em>\u00a0Putin sice tvrd\u00ed, \u017ee Zelenskyj je nelegitimn\u00ed p\u0159edstavitel st\u00e1tu, proto\u017ee jeho mand\u00e1t u\u017e prob\u011bhl, a nem\u016f\u017ee tak z\u00e1v\u011bre\u010dnou dohodu mezi ob\u011bma znep\u0159\u00e1telen\u00fdmi st\u00e1ty podepsat, ale m\u016f\u017ee jedn\u00e1n\u00ed o m\u00edru zah\u00e1jit, a \u00fa\u010dastnit se ho, ale mus\u00ed nejprve odvolat z\u00e1kaz, jednat s Ruskem jakkoli o m\u00edru, dokud je Putin je u moci<\/em>. (<a href=\"https:\/\/www.kyivpost.com\/post\/46435\">Zelensky could take part in negotiations in the meantime but must first revoke a 2022 decree he signed banning talks with Russia for as long as Putin is in charge.<\/a>)<\/p>\n<p>Na cel\u00e9m tomto rozporu mezi navz\u00e1jem si odporuj\u00edc\u00edmi tvrzen\u00edmi \u010desk\u00fdch a kyjevsk\u00fdch m\u00e9di\u00ed je nejzaj\u00edmav\u011bj\u0161\u00ed, pro\u010d ta kyjevsk\u00e1 tak n\u00e1hle p\u0159es tento v\u00edkend zm\u011bnila sv\u016fj t\u00f3n.<\/p>\n<p><span style=\"font-size: 18pt;\"><strong>(1)<\/strong><\/span> Prvn\u00edm p\u0159\u00edznakem t\u00e9to n\u00e1hl\u00e9 zm\u011bny bylo u\u017e p\u0159ed p\u00e1r dny ne\u010dekan\u00e9 prozrazen\u00ed cit\u00e1tu zavil\u00e9ho Putinova nep\u0159\u00edtele ukrajinsk\u00e9ho gener\u00e1la Budanova, \u0161\u00e9fa tajn\u00e9 slu\u017eby HUR, kter\u00fd pronesl na p\u0159\u00edsn\u011b tajn\u00e9 V\u00e1le\u010dn\u00e9 rad\u011b Ukrajiny, a v n\u011bm\u017e varoval, \u017ee nastane nezvratn\u00fd konec Ukrajiny, pokud neza\u010dnou do leto\u0161n\u00edho l\u00e9ta v\u00e1\u017en\u011b m\u00edn\u011bn\u00e1 m\u00edrov\u00e1 jedn\u00e1n\u00ed.<\/p>\n<p><a href=\"https:\/\/www.michalapetr.com\/map-2209-ceska-vlada-se-v-bruselu-snazila-hodit-vidle-do-planu-trumpa-na-rychly-mir-na-ukrajine-dokonce-hodla-vyhnat-rusy-ze-syrie-a-privlect-putina-a-dalsi-rusy-pred-soud-a-rusko-donutit-zaplatit-v\/\">Jakmile tento gener\u00e1l\u016fv cit\u00e1t ukrajinsk\u00e1 m\u00e9dia zve\u0159ejnila<\/a>, Zelenskyj nejprve okam\u017eit\u011b na\u0159\u00eddil trestn\u00ed st\u00edh\u00e1n\u00ed v\u0161ech zr\u00e1dc\u016f, kte\u0159\u00ed Budanovu informaci vynesli, a \u0161\u00ed\u0159ili. A t\u00e9m\u011b\u0159 z\u00e1rove\u0148 se v kyjevsk\u00fdch m\u00e9di\u00edch za\u010daly n\u011bjakou n\u00e1hodou \u0161\u00ed\u0159it zpr\u00e1vy nejvy\u0161\u0161\u00edch gener\u00e1l\u016f kyjevsk\u00e9 Soldatesky,\u00a0<a href=\"https:\/\/kyivindependent.com\/north-korean-troops-not-seen-for-3-weeks-in-parts-of-kursk-oblast-ukraines-special-forces-say\/\">\u017ee \u017e\u00e1dn\u00ed Severokorejci u\u017e n\u011bkolik t\u00fddn\u016f na rusk\u00e9 front\u011b nebojuj\u00ed<\/a>, a\u010dkoli \u0161\u00e9f ukrajinsk\u00e9 tajn\u00e9 slu\u017eby HUR\u00a0<a href=\"https:\/\/www.kyivpost.com\/post\/46411\">gener\u00e1l Budanov celou tu dobu tvrd\u00ed, \u017ee je jeho speci\u00e1ln\u00ed odd\u00edly likviduj\u00ed po tis\u00edc\u00edch<\/a>. A Budanov si to nenechal l\u00edbit. A ihned v p\u0159\u00edm\u00fdch vystoupen\u00edch v ukrajinsk\u00fdch m\u00e9di\u00edch, zaryt\u011b tvrdit, \u017ee tyto zpr\u00e1vy o sta\u017een\u00ed Severokorejc\u016f z fronty, \u0161\u00ed\u0159en\u00e9 hlavn\u011b vysok\u00fdmi d\u016fstojn\u00edky ze speci\u00e1ln\u00edch arm\u00e1dn\u00edch sil pod\u0159\u00edzen\u00fdch gener\u00e1lu\u00a0 Syrsk\u00e9mu,\u00a0 se absolutn\u011b nezakl\u00e1daj\u00ed na pravd\u011b, (<a href=\"https:\/\/www.kyivpost.com\/post\/46411\">were simply wrong<\/a>).<\/p>\n<p>Z t\u00e9to ve\u0159ejn\u00e9 medi\u00e1ln\u00ed p\u0159est\u0159elky mezi Zelensk\u00fdm a gener\u00e1lem Budanovem, kte\u0159\u00ed byli dosud pova\u017eov\u00e1ni za pevn\u00e9 spojence, bylo jasn\u00e9, \u017ee nejvy\u0161\u0161\u00ed politick\u00e9 patro Ukrajiny se v lednu leto\u0161n\u00edho roku dostalo do prudk\u00e9ho sporu o dal\u0161\u00ed\u00a0 sm\u011b\u0159ov\u00e1n\u00ed sv\u00e9 v\u00e1le\u010dn\u00e9 strategie. Budanov, \u0161\u00e9f tajn\u00e9 slu\u017eby HUR, m\u00e1 ur\u010dit\u011b ty nejlep\u0161\u00ed informace nejen z ukrajinsk\u00fdch zdroj\u016f, a o ukrajinsk\u00fdch tajn\u00fdch slu\u017eb\u00e1ch je nav\u00edc zn\u00e1mo, \u017ee \u00fazce spolupracuj\u00ed s t\u011bmi americk\u00fdmi. A Je tak nav\u00fdsost nep\u0159ekvapiv\u00e9, \u017ee o u\u017e o tomto v\u00edkendu za\u010dalo druh\u00e9 kolo t\u00e9to p\u0159est\u0159elky.<\/p>\n<p><span style=\"font-size: 18pt;\"><strong>(2)<\/strong><\/span> Ve druh\u00e9m kole je u\u017e ov\u0161em mnohem z\u0159ejm\u011bj\u0161\u00ed, a potvrzuj\u00ed to i z\u00e1padn\u00ed zpravodajsk\u00e9 zdroje,<a href=\"https:\/\/www.kyivpost.com\/post\/46435\">\u00a0\u017ee Trump u\u017e jde Zelensk\u00e9mu ost\u0159e po krku, aby vy\u010distil cestu budouc\u00edm m\u00edrov\u00fdm jedn\u00e1n\u00edm Ukrajiny s Ruskem, bez komplikac\u00ed se Zelensk\u00fdm<\/a>. Trump\u016fv hlavn\u00ed m\u00edrov\u00fd vyjednava\u010d gener\u00e1l Kellogg se u\u017e r\u00e1zn\u011b v\u010dera nechal sly\u0161et, \u017ee na Ukrajin\u011b mus\u00ed prob\u011bhnout nov\u00e9 volby, a kyjevsk\u00e1 m\u00e9dia jeho po\u017eadavek pochopila zcela jasn\u011b:\u00a0<a href=\"https:\/\/www.kyivpost.com\/post\/46435\">Kellogg: Hold Elections in Ukraine Now!<\/a>\u201c, (Volby na Ukrajin\u011b vykonat ihned!), a\u010dkoli s\u00e1m Kellogg diplomaticky \u0159ekl,\u00a0<em>nejpozd\u011bji po dosa\u017een\u00ed p\u0159\u00edm\u011b\u0159\u00ed<\/em>, tedy ov\u0161em je\u0161t\u011b p\u0159ed jedn\u00e1n\u00edm o m\u00edru.<\/p>\n<p>Za setrv\u00e1n\u00ed Zelensk\u00e9ho v \u00fa\u0159adu, a proti rychl\u00fdm volb\u00e1m, po\u017eadovan\u00fdm nyn\u00ed striktn\u011b Washingtonem,\u00a0<a href=\"https:\/\/www.kyivpost.com\/post\/46440\">se okam\u017eit\u011b jednozna\u010dn\u011b postavil i Petr Poro\u0161enko<\/a>, vn\u00edman\u00fd kupodivu jako Zelensk\u00e9ho hlavn\u00ed dom\u00e1c\u00ed rival. \u00a0Argumenty obou ex-prezident\u016f Ukrajiny, Zelensk\u00e9ho i Poro\u0161enka \u2013 hlavn\u00edch odp\u016frc\u016f voleb, \u017ee jejich kon\u00e1n\u00ed by v sou\u010dasn\u00e9 rozvr\u00e1cen\u00e9 Ukrajin\u011b vyneslo k moci Putinovy p\u0159isluhova\u010de, (rozum\u011bj \u2013 zcela novou politickou garnituru, na n\u00ed\u017e by oba posledn\u00ed prezidenti, ani oligarchov\u00e9, ani korup\u010dn\u00edci, u\u017e pravd\u011bpodobn\u011b nem\u011bli \u017e\u00e1dn\u00fd mocensk\u00fd vliv), jasn\u011b ukazuj\u00ed, o\u010d sou\u010dasn\u00fdm ukrajinsk\u00fdm vl\u00e1dnouc\u00edm elit\u00e1m vlastn\u011b jde \u2013 o setrv\u00e1n\u00ed u moci a koryt, i kdyby to m\u011blo znamenat konec Ukrajiny, a smrt milion\u016f jejich ob\u010dan\u016f. P\u0159esn\u011b tak jak jsem v b\u0159eznu 2022 na YouTube odvys\u00edlal v posledn\u00edm po\u0159adu, po n\u011bm\u017e mi okam\u017eit\u011b vymazali kan\u00e1l \u2013 Ukrajinsk\u00e1 v\u00e1lka skon\u010d\u00ed t\u00edm, \u017ee oby\u010dejn\u00ed Ukrajinci u\u017e nad\u00e1le nebudou ochotni pokl\u00e1dat sv\u00e9 \u017eivoty jen proto, aby si jejich papal\u00e1\u0161i, korup\u010dn\u00edci a oligarchov\u00e9, mohli je\u0161t\u011b naposledy po\u0159\u00e1dn\u011b namastit sv\u00e9 kapsy, ne\u017e definitivn\u011b pl\u00e1chnou ze zni\u010den\u00e9 zem\u011b! Gener\u00e1l Kellogg p\u0159itom argumentoval z\u0159eteln\u011b:\u00a0<em>Ve v\u011bt\u0161in\u011b demokratick\u00fdch n\u00e1rod\u016f prob\u00edhaly volby i za v\u00e1lek. Mysl\u00edm proto, \u017ee je d\u016fle\u017eit\u00e9 t\u00e9to skute\u010dnosti se dr\u017eet. Mysl\u00edm, \u017ee to je dobr\u00e9 pro demokracii. N\u00e1dhern\u00e9 na skute\u010dn\u00e9 demokracii je, \u017ee existuje v\u00edce jak jedna osoba, kter\u00e1 m\u016f\u017ee b\u00fdt potencion\u00e1ln\u011b vybr\u00e1na vl\u00e1dnout<\/em>. (<a href=\"https:\/\/www.kyivpost.com\/post\/46435\">Most democratic nations have elections in their time of war. I think it is important they do so. I think it is good for democracy. That\u2019s the beauty of a solid democracy, you have more than one person potentially running.<\/a>)<\/p>\n<p><span style=\"font-size: 18pt;\"><strong>(3)<\/strong><\/span> Pro\u010d tak Washington i Budanov nyn\u00ed \u0161turmuj\u00ed, aby rychle odstranili \u010dist\u011b form\u00e1ln\u00ed p\u0159ek\u00e1\u017eky definovan\u00e9 Putinem za brzdu zah\u00e1jen\u00ed m\u00edrov\u00fdch jedn\u00e1n\u00ed, je tak\u00e9 z\u0159ejm\u00e9.<\/p>\n<p>Na Ukrajin\u011b se v lednu za\u010daly bezprecedentn\u011b \u0161\u00ed\u0159it vra\u017eedn\u00e9 \u00fatoky na Zelensk\u00e9ho mobiliza\u010dn\u00ed komisa\u0159e a komisari\u00e1ty. Jestli je\u0161t\u011b p\u0159ed p\u016flrokem platilo, \u017ee mlad\u00ed Ukrajinci, podle ukrajinsk\u00fdch tajn\u00fdch slu\u017eeb naverbovan\u00ed rusk\u00fdmi \u0161picly, podpaluj\u00ed po noc\u00edch vojensk\u00e1 auta, trafostanice a \u0159\u00edd\u00edc\u00ed stanice automatick\u00e9ho \u0159\u00edzen\u00ed \u017eelezni\u010dn\u00ed dopravy, a Ukrajinky se shlukuj\u00ed a bij\u00ed na ulic\u00edch komisa\u0159e lov\u00edc\u00ed tam pro kyjevsk\u00e9ho up\u00edra \u010derstvou krev do jeho frontov\u00fdch z\u00e1kop\u016f, pak s p\u0159elomem roku prasklo, \u017ee v Charkov\u011b byl vyhozen do vzduchu mobiliza\u010dn\u00ed komisari\u00e1t i jeho n\u00e1\u010deln\u00edkem, v Poltav\u011b byl p\u0159epaden transport Ukrajinc\u016f odloven\u00fdch na frontu, a jejich str\u00e1\u017ece zast\u0159elen, na banderovsk\u00e9 Volyni,\u00a0<a href=\"https:\/\/www.bbc.com\/ukrainian\/articles\/c2l0gj58vn8o\">ve m\u011bst\u011b Rivne nezn\u00e1m\u00fd pachatel vyhodil dokonce cel\u00e9 mobiliza\u010dn\u00ed centrum rovnou do vzduchu<\/a>,\u00a0(1 mrtv\u00fd + 6 zran\u011bn\u00fdch), a\u00a0<a href=\"https:\/\/24tv.ua\/ru\/vzryv-vozle-tck-v-pavlograde-02022025-muzhchina-sbezhal-na-mashine-posle-incidenta-24-kanal_n2743713\">v Pavlograd\u011b nezn\u00e1m\u00fd pachatel<\/a>,\u00a0(ujel z m\u00edsta \u010dinu v automobilu), sp\u00e1chal v noci na v\u010derej\u0161ek atent\u00e1t proti tamn\u00edmu s\u00eddlu mobiliza\u010dn\u00edch komisa\u0159\u016f, a\u017e se n\u00e1sledkem v\u00fdbuchu po okol\u00ed rozbila okenn\u00ed skla, (1 zran\u011bn\u00fd no\u010dn\u00ed technik komisari\u00e1tu).<\/p>\n<p>Ukrajinsk\u00e1 tajn\u00e1 slu\u017eba SBU jako v\u017edy z atent\u00e1t\u016f vin\u00ed mlad\u00e9 lidi naverbovan\u00e9 Putinov\u00fdmi agenty. Jen\u017ee, i n\u00e1siln\u00e1 mobilizace na Ukrajin\u011b u\u017e selhala, a nepomohly p\u0159i n\u00ed ani star\u00e9 osv\u011bd\u010den\u00e9 nacistick\u00e9 metody, pou\u017e\u00edvan\u00e9 nap\u0159\u00edklad v Polsku, kdy se uzav\u0159e cel\u00e1 ulice, a lid\u00e9 v n\u00ed hromadn\u011b pochytaj\u00ed, a poprav\u00ed, v odvet\u011b za vra\u017eedn\u00fd \u00fatok na nacistick\u00e9ho voj\u00e1ka, nebo n\u011bjak\u00e9ho gestap\u00e1ka. Zelensk\u00e9ho komisa\u0159i sice sv\u00e9 vlastn\u00ed, takto nacisticky odloven\u00e9 mu\u017ee, nepopravovali na p\u0159\u00edmo, ale jejich okam\u017eitou dopravou do z\u00e1kop\u016f, bez pat\u0159i\u010dn\u00e9ho v\u00fdcviku, je odsoudili k vykon\u00e1n\u00ed stejn\u00e9ho ortelu smrti, jako nacist\u00e9. (Viz\u00a0<a href=\"https:\/\/www.michalapetr.com\/map-2204-porazka-ukrajiny-v-bitve-velikou-novosilku-sokujici-soudni-pripad-majora-konstantyna-k-poprve-oficialne-odhalil-desive-ztraty-ukrajinske-armady-naprostou-tupost-kyjevske-generality-i-nesk\/\">Proces s majorem Konstantynem K<\/a>,\u00a0p\u0159i n\u011bm\u017e vy\u0161lo najevo, \u017ee jeho jednotku, kter\u00e1 byla vysl\u00e1na do sebevra\u017eedn\u00e9ho \u00fatoku proti rusk\u00fdm pozic\u00edm tvo\u0159ilo 10% \u010derstv\u011b pochytan\u00fdch a do uniforem okam\u017eit\u011b navle\u010den\u00fdch voj\u00e1k\u016f, absolutn\u011b bez \u017e\u00e1dn\u00e9ho v\u00fdcviku, a dal\u0161\u00edch 12% voj\u00e1k\u016f, kte\u0159\u00ed ani nebyli l\u00e9ka\u0159i uzn\u00e1ni schopn\u00fdmi k vojensk\u00e9 slu\u017eb\u011b.) Samotn\u00e1 britsk\u00e1 BBC tento t\u00fdden referovala \u017ee, Zelensk\u00e9ho mobiliza\u010dn\u00ed komisa\u0159i jsou nejnen\u00e1vid\u011bn\u011bj\u0161\u00ed slo\u017ekou ukrajinsk\u00e9ho st\u00e1tn\u00edho apar\u00e1tu, a d\u016fv\u011b\u0159uje jim jen 11% Ukrajinc\u016f. Rusov\u00e9 nav\u00edc za\u010dali tvrdit, s odkazem na ukrajinsk\u00e9 d\u016fstojn\u00edky, \u017ee \u010derstv\u011b pochytan\u00ed Ukrajinci jsou pos\u00edl\u00e1ni na frontu k m\u011bstu Pokrovsk, tam dostanou 2 z\u00e1sobn\u00edky n\u00e1boj\u016f, a jsou vysl\u00e1ni bez d\u011blost\u0159eleck\u00e9ho kryt\u00ed do sebevra\u017eedn\u00e9 zte\u010de!<\/p>\n<p><span style=\"font-size: 18pt;\"><strong>(4)<\/strong><\/span> Co k tomu v\u0161emu dodat? Snad jen, \u017ee\u00a0<a href=\"https:\/\/www.parlamentnilisty.cz\/arena\/monitor\/-Co-si-to-vymyslite-Vy-jste-mimo-Zivy-vstup-Okamura-a-Lipavsky-v-sobe-768734\">Fial\u016fv diplomatick\u00fd ka\u0161p\u00e1rek Lipavsk\u00fd v\u010dera v ned\u011bli 2. ledna zase p\u0159esv\u011bd\u010doval n\u00e1\u010deln\u00edka opozi\u010dn\u00ed SPD Okamuru<\/a>,\u00a0\u017ee\u00a0<a href=\"https:\/\/www.michalapetr.com\/map-2209-ceska-vlada-se-v-bruselu-snazila-hodit-vidle-do-planu-trumpa-na-rychly-mir-na-ukrajine-dokonce-hodla-vyhnat-rusy-ze-syrie-a-privlect-putina-a-dalsi-rusy-pred-soud-a-rusko-donutit-zaplatit-v\/\">M\u00edr prost\u0159ednictv\u00edm s\u00edly<\/a>,\u00a0je jedin\u00e1 alternativa, jak pro Ukrajinu, tak pro \u010cR. A z debaty tak jasn\u011b vyplynulo, \u017ee i SPD m\u00e1 u\u017e te\u010f lep\u0161\u00ed adepty na \u0159\u00edzen\u00ed \u010desk\u00e9 diplomacie, ne\u017e m\u00e1 Fiala k dispozici ka\u0161p\u00e1rky<em>.\u00a0<\/em>A \u017ee pr\u016fb\u011bh debaty tak potvrdil platnost Putinov\u00fdch v\u010derej\u0161\u00edch slov:<em>\u00a0\u201c<a href=\"https:\/\/www.kp.ru\/daily\/27659.5\/5044180\/\">Sou\u010dasn\u00ed evrop\u0161t\u00ed politici jsou m\u00e9n\u011bcenn\u00ed, a nedaj\u00ed se nijak srovn\u00e1vat s politick\u00fdmi velik\u00e1ny jako byli de Gaulle, Mitterrand, Chirac, Willy Brandt, Kohl, nebo Schroeder. A nav\u00edc n\u011bkte\u0159\u00ed z nich u\u017e ani nemaj\u00ed odpov\u00eddaj\u00edc\u00ed vzd\u011bl\u00e1n\u00ed.<\/a>\u201c. \u00a0<\/em><\/p>\n<p>Proto\u017ee v\u010dera ve\u010der jsem k\u00fdvnul,\u00a0<a href=\"https:\/\/www.youtube.com\/@ProtiproudTV\">\u017ee ve st\u0159edu 5. \u00fanora budu op\u011bt s Petrem H\u00e1jkem na Protiproud TV<\/a>, pokud zdrav\u00ed ne\u010dekan\u011b nezak\u00e1\u017ee, rozeb\u00edrat nejnov\u011bj\u0161\u00ed ot\u00e1zky kolem Ukrajiny, a Trupov\u00fdch m\u00edrov\u00fdch a v\u00e1le\u010dn\u00fdch pl\u00e1n\u016f, sl\u00edben\u00ed \u010dervi budou a\u017e po debat\u011b. EU p\u0159ipraven\u00fd text zve\u0159ejn\u00ed stejn\u011b teprve koncem \u00fanora, a tak to neho\u0159\u00ed, ale j\u00e1 mus\u00edm dr\u017eet tempo s ukrajinsk\u00fdmi ud\u00e1lostmi, a ty nab\u00edraj\u00ed strhuj\u00edc\u00ed tempo. D\u011bkuji za pochopen\u00ed.\u00a0V pond\u011bl\u00ed 27. ledna jsem taky diskutoval s Josefem Sk\u00e1lou na TV Bure\u0161,\u00a0<a class=\"mfp-iframe lightbox-added\" href=\"https:\/\/www.youtube.com\/watch?v=eGqOqSkh7zw\">po\u0159ad najdete zde na YouTube<\/a>.<\/p>\n<p><a href=\"https:\/\/www.michalapetr.com\/map-2211-trump-se-chysta-sejmout-zelenskeho-okamura-i-putin-se-vcera-dokonale-shodli\/\">Michael Svato\u0161<\/a><\/p>\n<p><img decoding=\"async\" loading=\"lazy\" class=\"alignnone size-full wp-image-27204\" src=\"http:\/\/www.infokuryr.cz\/n\/wp-content\/uploads\/2023\/05\/Michael_Svatos.png\" alt=\"\" width=\"180\" height=\"180\" srcset=\"https:\/\/www.infokuryr.cz\/n\/wp-content\/uploads\/2023\/05\/Michael_Svatos.png 180w, https:\/\/www.infokuryr.cz\/n\/wp-content\/uploads\/2023\/05\/Michael_Svatos-150x150.png 150w\" sizes=\"(max-width: 180px) 100vw, 180px\" \/><\/p>\n<p>&nbsp;<\/p>\n","protected":false},"excerpt":{"rendered":"<p>\u010cesk\u00fd mainstream nyn\u00ed velmi \u010dasto \u0161\u00ed\u0159\u00ed o Vladim\u00edru Putinovi podl\u00e9 narativy,\u00a0\u017ee nechce s ukrajinsk\u00fdm prezidentem&#8230;<\/p>\n","protected":false},"author":2,"featured_media":63762,"comment_status":"closed","ping_status":"closed","sticky":false,"template":"","format":"standard","meta":[],"categories":[6],"tags":[1042,122,452,26,1000],"_links":{"self":[{"href":"https:\/\/www.infokuryr.cz\/n\/wp-json\/wp\/v2\/posts\/71463"}],"collection":[{"href":"https:\/\/www.infokuryr.cz\/n\/wp-json\/wp\/v2\/posts"}],"about":[{"href":"https:\/\/www.infokuryr.cz\/n\/wp-json\/wp\/v2\/types\/post"}],"author":[{"embeddable":true,"href":"https:\/\/www.infokuryr.cz\/n\/wp-json\/wp\/v2\/users\/2"}],"replies":[{"embeddable":true,"href":"https:\/\/www.infokuryr.cz\/n\/wp-json\/wp\/v2\/comments?post=71463"}],"version-history":[{"count":0,"href":"https:\/\/www.infokuryr.cz\/n\/wp-json\/wp\/v2\/posts\/71463\/revisions"}],"wp:featuredmedia":[{"embeddable":true,"href":"https:\/\/www.infokuryr.cz\/n\/wp-json\/wp\/v2\/media\/63762"}],"wp:attachment":[{"href":"https:\/\/www.infokuryr.cz\/n\/wp-json\/wp\/v2\/media?parent=71463"}],"wp:term":[{"taxonomy":"category","embeddable":true,"href":"https:\/\/www.infokuryr.cz\/n\/wp-json\/wp\/v2\/categories?post=71463"},{"taxonomy":"post_tag","embeddable":true,"href":"https:\/\/www.infokuryr.cz\/n\/wp-json\/wp\/v2\/tags?post=71463"}],"curies":[{"name":"wp","href":"https:\/\/api.w.org\/{rel}","templated":true}]}}