{"id":71461,"date":"2025-02-03T06:31:31","date_gmt":"2025-02-03T05:31:31","guid":{"rendered":"https:\/\/www.infokuryr.cz\/n\/?p=71461"},"modified":"2025-02-03T06:31:31","modified_gmt":"2025-02-03T05:31:31","slug":"zapadnim-dedictvim-je-30-let-lzi-a-masakru-na-blizkem-vychode","status":"publish","type":"post","link":"https:\/\/www.infokuryr.cz\/n\/2025\/02\/03\/zapadnim-dedictvim-je-30-let-lzi-a-masakru-na-blizkem-vychode\/","title":{"rendered":"Z\u00e1padn\u00edm d\u011bdictv\u00edm je 30 let l\u017e\u00ed a masakr\u016f na Bl\u00edzk\u00e9m v\u00fdchod\u011b"},"content":{"rendered":"<div id=\"fb-root\"><\/div>\n<p><strong><span>Z\u00e1padn\u00ed \u201ev\u00e1lka proti terorismu\u201c se op\u00edr\u00e1 o \u0159adu l\u017e\u00ed, kter\u00e9 n\u00e1s maj\u00ed p\u0159esv\u011bd\u010dit, \u017ee na\u0161i v\u016fdci bojuj\u00ed proti islamistick\u00e9mu extremismu, i kdy\u017e ho ve skute\u010dnosti podporuj\u00ed.<\/span><\/strong><\/p>\n<p><strong><span>P\u0159\u00edb\u011bh<\/span><\/strong><span>\u00a0: V\u011b\u0159ili jste p\u0159ed 30 lety, \u017ee dohody z Osla p\u0159inesou m\u00edr na Bl\u00edzk\u00fd v\u00fdchod, jak n\u00e1m bylo \u0159e\u010deno? \u017de by se Izrael kone\u010dn\u011b st\u00e1hl z palestinsk\u00fdch \u00fazem\u00ed, kter\u00e1 po desetilet\u00ed nez\u00e1konn\u011b okupoval, ukon\u010dil brut\u00e1ln\u00ed represe v\u016f\u010di palestinsk\u00e9mu lidu a umo\u017enil vytvo\u0159en\u00ed palestinsk\u00e9ho st\u00e1tu? \u017de by kone\u010dn\u011b skon\u010dilo nejdel\u0161\u00ed utrpen\u00ed arabsk\u00e9ho a muslimsk\u00e9ho sv\u011bta?<\/span><\/p>\n<p><strong><span>Realita<\/span><\/strong><span>\u00a0: Ve skute\u010dnosti b\u011bhem \u00e9ry Osla Izrael ukradl v\u00edce palestinsk\u00e9 p\u016fdy a roz\u0161\u00ed\u0159il v\u00fdstavbu neleg\u00e1ln\u00edch \u017eidovsk\u00fdch osad rychlej\u0161\u00edm tempem ne\u017e kdykoli p\u0159edt\u00edm. Izrael se stal je\u0161t\u011b n\u00e1siln\u011bji represivn\u00edm: postavil\u00a0<\/span><a title=\"\" href=\"https:\/\/www.chroniquepalestine.com\/se-souvenir-quinze-ans-apres-de-la-condamnation-par-la-cij-du-mur-israelien-apartheid\/\" target=\"_blank\" rel=\"noopener\"><span>v\u011bze\u0148sk\u00e9 zdi<\/span><\/a><span>\u00a0kolem Gazy a Z\u00e1padn\u00edho b\u0159ehu, p\u0159i\u010dem\u017e je nad\u00e1le okupoval a mu\u010dednil obyvatelstvo. Ehud Barak, tehdej\u0161\u00ed izraelsk\u00fd premi\u00e9r, \u201e\u00a0<\/span><em><span>vyhodil do vzduchu<\/span><\/em><span>\u00a0\u201c \u2013 slovy jednoho ze sv\u00fdch hlavn\u00edch poradc\u016f \u2013 jedn\u00e1n\u00ed podporovan\u00e1 USA v Camp Davidu v roce 2000.<\/span><\/p>\n<p><span>O n\u011bkolik t\u00fddn\u016f pozd\u011bji, kdy\u017e okupovan\u00e1 palestinsk\u00e1 \u00fazem\u00ed byla ve zmatku, opozi\u010dn\u00ed v\u016fdce Ariel \u0160aron, podporovan\u00fd tis\u00edcovkou ozbrojen\u00fdch izraelsk\u00fdch voj\u00e1k\u016f, vtrhl do me\u0161ity al-Aks\u00e1 v okupovan\u00e9m Jeruzal\u00e9m\u011b, jednoho z nejposv\u00e1tn\u011bj\u0161\u00edch m\u00edst na sv\u011bt\u011b pro muslimy. Byla to posledn\u00ed kapka, kter\u00e1 vyvolala palestinsk\u00e9 povst\u00e1n\u00ed, kter\u00e9 by Izrael rozdrtil ni\u010divou vojenskou silou, a p\u0159esunula lidovou podporu od sekul\u00e1rn\u00edho veden\u00ed Fatahu k isl\u00e1msk\u00e9 odbojov\u00e9 skupin\u011b Hamas.<\/span><\/p>\n<p><span>Nav\u00edc, st\u00e1le v\u00edce zneu\u017e\u00edvaj\u00edc\u00ed zach\u00e1zen\u00ed Izraele s Palestinci a jeho postupn\u00e9 Z\u00e1padem podporovan\u00e9 p\u0159evzet\u00ed Al-Aks\u00e1 jen d\u00e1le radikalizovalo d\u017eih\u00e1distickou skupinu Al-K\u00e1ida, kter\u00e1 je podle \u00fa\u0159ad\u016f v pop\u0159ed\u00ed palestinsk\u00e9 v\u011bci \u00fatok na Dvoj\u010data v New Yorku v roce 2001.<\/span><\/p>\n<p><strong><span>Vypr\u00e1v\u011bn\u00ed<\/span><\/strong><span>\u00a0: V\u011b\u0159ili jste v roce 2001, po \u00fatoc\u00edch z 11. z\u00e1\u0159\u00ed, \u017ee jedin\u00fd zp\u016fsob, jak zabr\u00e1nit Talibanu ukr\u00fdvat al-K\u00e1idu v Afgh\u00e1nist\u00e1nu, by bylo, \u017ee Spojen\u00e9 st\u00e1ty a Spojen\u00e9 kr\u00e1lovstv\u00ed napadnou a \u201evyvedou je\u201c z jejich jeskyn\u011b &#8222;vykou\u0159en\u00edm&#8220;, jak n\u00e1m bylo \u0159e\u010deno? A \u017ee by t\u00edm Z\u00e1pad zachr\u00e1nil afgh\u00e1nsk\u00e9 d\u00edvky a \u017eeny p\u0159ed \u00fatlakem?<\/span><\/p>\n<p><strong><span>Realita<\/span><\/strong><span>\u00a0: Jakmile padly prvn\u00ed americk\u00e9 bomby, Taliban prohl\u00e1sil, \u017ee je p\u0159ipraven p\u0159edat moc americk\u00e9 loutce Ham\u00eddu Karz\u00e1\u00edmu, st\u00e1hnout se z afgh\u00e1nsk\u00e9 politiky a p\u0159edat Us\u00e1mu bin L\u00e1dina, v\u016fdce al-K\u00e1idy, t\u0159et\u00ed zemi ob\u011bma stranami.<\/span><\/p>\n<p><span>Spojen\u00e9 st\u00e1ty st\u00e1le napadly Afgh\u00e1nist\u00e1n, kter\u00fd okupovaly 20 let, zabily nejm\u00e9n\u011b 240 000 Afgh\u00e1nc\u016f, v\u011bt\u0161inou civilist\u016f, a\u00a0<\/span><a title=\"\" href=\"https:\/\/www.chroniquepalestine.com\/desastre-pour-peuple-afghan-mais-succes-pour-complexe-militaro-industriel-us\/\" target=\"_blank\" rel=\"noopener\"><span>utratily<\/span><\/a><span>\u00a0p\u0159ibli\u017en\u011b 2 biliony dolar\u016f na podporu sv\u00e9 n\u00e1siln\u00e9 okupace zem\u011b. Nen\u00e1vist, kterou vyvolali, u\u010dinila Taliban siln\u011bj\u0161\u00ed ne\u017e kdy jindy a v roce 2021 donutil americkou arm\u00e1du\u00a0<\/span><a title=\"\" href=\"https:\/\/www.chroniquepalestine.com\/afghanistan-quand-histoire-reprend-ses-droits\/\" target=\"_blank\" rel=\"noopener\"><span>st\u00e1hnout se<\/span><\/a><span>\u00a0.<\/span><\/p>\n<p><strong><span>P\u0159\u00edb\u011bh<\/span><\/strong><span>\u00a0: V\u011b\u0159ili jste v roce 2003, \u017ee v Ir\u00e1ku existuj\u00ed zbran\u011b hromadn\u00e9ho ni\u010den\u00ed schopn\u00e9 zni\u010dit Evropu b\u011bhem n\u011bkolika minut, jak n\u00e1m bylo \u0159e\u010deno? \u017de ir\u00e1ck\u00fd v\u016fdce Sadd\u00e1m Husajn byl nov\u00fd Hitler a spojil s\u00edly s Al-K\u00e1idou, aby zni\u010dili Dvoj\u010data? A \u017ee z t\u011bchto d\u016fvod\u016f nem\u011bly Spojen\u00e9 st\u00e1ty a Spojen\u00e9 kr\u00e1lovstv\u00ed jinou mo\u017enost, ne\u017e preventivn\u011b napadnout Ir\u00e1k, i kdy\u017e Spojen\u00e9 n\u00e1rody odm\u00edtly \u00fatok povolit.<\/span><\/p>\n<p><strong><span>Realita<\/span><\/strong><span>\u00a0: Ir\u00e1k je pod p\u0159\u00edsn\u00fdmi sankcemi po bezohledn\u00e9m rozhodnut\u00ed Sadd\u00e1ma Husajna invazi do Kuvajtu, invazi, kter\u00e1 zvr\u00e1tila region\u00e1ln\u00ed \u0159\u00e1d v Persk\u00e9m z\u00e1livu, kter\u00fd m\u011bl udr\u017eet tok ropy na Z\u00e1pad, u\u017e roky. Spojen\u00e9 st\u00e1ty odpov\u011bd\u011bly decimov\u00e1n\u00edm ir\u00e1ck\u00e9 arm\u00e1dy v jednom z jej\u00edch obvykl\u00fdch p\u0159ehnan\u00fdch projev\u016f vojensk\u00e9 s\u00edly. V pr\u016fb\u011bhu devades\u00e1t\u00fdch let byla politika zadr\u017eov\u00e1n\u00ed, v\u010detn\u011b sank\u010dn\u00edho re\u017eimu, kter\u00fd podle odhad\u016f zabil nejm\u00e9n\u011b p\u016fl milionu ir\u00e1ck\u00fdch d\u011bt\u00ed \u2013 cenu, za kterou ministryn\u011b zahrani\u010d\u00ed tehdej\u0161\u00ed americk\u00e9 st\u00e1tn\u00edky\u00a0<\/span><a title=\"\" href=\"https:\/\/www.chroniquepalestine.com\/mort-madeleine-albright-genocidaire\/\" target=\"_blank\" rel=\"noopener\"><span>Madeline Albrightov\u00e9<\/span><\/a><span>\u00a0slavn\u011b prohl\u00e1sila, \u017ee\u00a0<\/span><em><span>st\u00e1lo to &#8222;za to<\/span><\/em><span>\u00a0&#8222;.<\/span><\/p>\n<p><span>Sadd\u00e1m Husajn se tak\u00e9 musel pod\u0159\u00eddit programu pokra\u010duj\u00edc\u00edch zbrojn\u00edch inspekc\u00ed prov\u00e1d\u011bn\u00fdch experty OSN. Inspekto\u0159i dosp\u011bli s vysokou m\u00edrou jistoty k z\u00e1v\u011bru, \u017ee v Ir\u00e1ku nebyly \u017e\u00e1dn\u00e9 zbran\u011b hromadn\u00e9ho ni\u010den\u00ed. Zpr\u00e1va, \u017ee Sadd\u00e1m Husajn mohl st\u0159\u00edlet na Evropu a dostat se k n\u00ed za 30 minut, byla podvod, kone\u010dn\u011b se objevila, vymy\u0161len\u00e1 britskou rozv\u011bdkou. Pokud jde o tvrzen\u00ed, \u017ee Sadd\u00e1m Husajn m\u011bl napojen\u00ed na al-K\u00e1idu, nejen \u017ee nebylo podlo\u017eeno d\u016fkazy, ale bylo zjevn\u011b absurdn\u00ed. Sadd\u00e1m\u016fv velmi sekul\u00e1rn\u00ed, i kdy\u017e brut\u00e1ln\u00ed re\u017eim byl hluboce proti n\u00e1bo\u017eensk\u00e9mu fanatismu al-K\u00e1idy a ob\u00e1val se ho.<\/span><\/p>\n<p><span>Americko-britsk\u00e1 invaze a okupace a krut\u00e1 sekt\u00e1\u0159sk\u00e1 ob\u010dansk\u00e1 v\u00e1lka, kterou vyvolala mezi sunnitsk\u00fdmi a \u0161\u00editsk\u00fdmi muslimy, by podle nejlep\u0161\u00edch odhad\u016f zabily v\u00edce ne\u017e milion Ir\u00e1\u010dan\u016f a vyhnaly \u010dty\u0159i miliony dal\u0161\u00edch. Ir\u00e1k se stal n\u00e1borem pro isl\u00e1msk\u00fd extremismus a vedl k vytvo\u0159en\u00ed nov\u00e9ho, mnohem nihilisti\u010dt\u011bj\u0161\u00edho sunnitsk\u00e9ho konkurenta al-K\u00e1idy, zvan\u00e9ho Isl\u00e1msk\u00fd st\u00e1t. Pos\u00edlila tak\u00e9 moc ir\u00e1ck\u00e9 \u0161\u00editsk\u00e9 v\u011bt\u0161iny, kter\u00e1 p\u0159evzala moc od sunnit\u016f a vytvo\u0159ila u\u017e\u0161\u00ed spojenectv\u00ed s \u00cdr\u00e1nem.<\/span><\/p>\n<p><strong><span>Vypr\u00e1v\u011bn\u00ed<\/span><\/strong><span>\u00a0: V\u011b\u0159ili jste v roce 2011, \u017ee Z\u00e1pad podporuje\u00a0<\/span><a title=\"\" href=\"https:\/\/www.chroniquepalestine.com\/un-nouveau-printemps-arabe-devra-tirer-les-lecons-du-passe\/\" target=\"_blank\" rel=\"noopener\"><span>arabsk\u00e9 jaro<\/span><\/a><span>\u00a0, aby p\u0159ineslo demokracii na Bl\u00edzk\u00fd v\u00fdchod, a \u017ee Egypt \u2013 nejv\u011bt\u0161\u00ed arabsk\u00fd st\u00e1t \u2013 byl v \u010dele progresivismu p\u0159i svr\u017een\u00ed sv\u00e9ho autorit\u00e1\u0159sk\u00e9ho prezidenta Husn\u00edho Mubaraka, jako jsme byli my? \u0159ekl?<\/span><\/p>\n<p><strong><span>Realita<\/span><\/strong><span>\u00a0: Mubarak byl po t\u0159i desetilet\u00ed podporov\u00e1n Z\u00e1padem jako egyptsk\u00fd tyran a ka\u017ed\u00fd rok dost\u00e1val od Washingtonu miliardy \u201ezahrani\u010dn\u00ed pomoci\u201c \u2013 v podstat\u011b \u00faplatek za opu\u0161t\u011bn\u00ed Palestinc\u016f a udr\u017een\u00ed m\u00edru s Izraelem podle podm\u00ednek dohod z Camp Davidu z roku 1979. Ale Spojen\u00e9 st\u00e1ty se neochotn\u011b oto\u010dily z\u00e1dy k Mubarakovi, kdy\u017e si uv\u011bdomily, \u017ee nemohou rozdrtit revolu\u010dn\u00ed s\u00edly osvobozen\u00e9 Arabsk\u00fdm jarem \u2013 sm\u011bs sekul\u00e1rn\u00edch liber\u00e1l\u016f a isl\u00e1msk\u00fdch skupin veden\u00fdch Muslimsk\u00fdm bratrstvem. Kdy\u017e se arm\u00e1da dr\u017eela zp\u00e1tky, demonstranti zv\u00edt\u011bzili. Bratrstvo vyhr\u00e1lo volby do \u010dela nov\u00e9 demokratick\u00e9 vl\u00e1dy.<\/span><\/p>\n<p><span>V z\u00e1kulis\u00ed v\u0161ak Pentagon utu\u017eoval sv\u00e9 styky se zbytky star\u00e9ho Mubarakova re\u017eimu a nov\u00fdm uchaze\u010dem o korunu, gener\u00e1lem\u00a0<\/span><a title=\"\" href=\"https:\/\/www.chroniquepalestine.com\/debauche-executions-prisonniers-politiques-en-egypte\/\" target=\"_blank\" rel=\"noopener\"><span>Abdel Fattah al-Sisi<\/span><\/a><span>\u00a0. S jistotou, \u017ee neexistuje \u017e\u00e1dn\u00e9 riziko americk\u00e9 odvety, nakonec al-Sisi v roce 2013 zah\u00e1jil pu\u010d s c\u00edlem vr\u00e1tit Egypt pod vojenskou diktaturu. Izrael nal\u00e9hal, aby zajistil, \u017ee al-Sisiho vojensk\u00e1 diktatura bude nad\u00e1le dost\u00e1vat miliardy eur v ro\u010dn\u00ed americk\u00e9 pomoci. U moci S\u00eds\u00ed nastolil stejn\u00fd represivn\u00ed syst\u00e9m jako Mubarak, nemilosrdn\u011b rozdrtil Bratrstvo a p\u0159ipojil se k Izraeli v udu\u0161en\u00ed Gazy pod blok\u00e1dou zam\u011b\u0159enou na izolaci Hamasu, palestinsk\u00e9 verze Bratrstva. T\u00edm pos\u00edlil isl\u00e1msk\u00fd extremismus a na Sinaji se prosadil Isl\u00e1msk\u00fd st\u00e1t. Z\u00e1vazek Spojen\u00fdch st\u00e1t\u016f v\u016f\u010di arabsk\u00e9mu jaru a demokratick\u00fdm hnut\u00edm na Bl\u00edzk\u00e9m v\u00fdchod\u011b byl p\u0159edv\u00eddateln\u011b prchav\u00fd.<\/span><\/p>\n<p><strong><span>Vypr\u00e1v\u011bn\u00ed<\/span><\/strong><span>\u00a0: V\u011b\u0159ili jste je\u0161t\u011b v roce 2011, \u017ee libyjsk\u00fd dikt\u00e1tor Muammar Kadd\u00e1f\u00ed p\u0159edstavuje stra\u0161livou hrozbu pro sv\u00e9 vlastn\u00ed obyvatelstvo a \u017ee dokonce dal sv\u00fdm voj\u00e1k\u016fm viagru, aby se dopou\u0161t\u011bli hromadn\u00e9ho zn\u00e1sil\u0148ov\u00e1n\u00ed, jak n\u00e1m \u0159ekli? \u017de by jedin\u00fdm zp\u016fsobem, jak ochr\u00e1nit libyjsk\u00e9 ob\u010dany, bylo NATO v \u010dele s USA, Velkou Brit\u00e1ni\u00ed a Franci\u00ed bombardovat zemi a pomoci opozi\u010dn\u00edm skupin\u00e1m svrhnout Kadd\u00e1f\u00edho?<\/span><\/p>\n<p><strong><span>Realita<\/span><\/strong><span>\u00a0: Obvin\u011bn\u00ed proti Kadd\u00e1f\u00edmu, stejn\u011b jako obvin\u011bn\u00ed proti Sadd\u00e1mu Husajnovi, nebyla zalo\u017eena na \u017e\u00e1dn\u00fdch d\u016fkazech, jak skon\u010dilo britsk\u00e9 parlamentn\u00ed vy\u0161et\u0159ov\u00e1n\u00ed o p\u011bt let pozd\u011bji, v roce 2016. Z\u00e1pad v\u0161ak pot\u0159eboval z\u00e1minku ke svr\u017een\u00ed libyjsk\u00e9ho v\u016fdce, kter\u00fd je pova\u017eov\u00e1n za hrozbu pro Z\u00e1pad. geopolitick\u00e9 z\u00e1jmy. Zve\u0159ejn\u011bn\u00ed americk\u00fdch diplomatick\u00fdch depe\u0161\u00ed WikiLeaks uk\u00e1zalo, \u017ee Washington byl znepokojen Kadd\u00e1f\u00edho snahami o vytvo\u0159en\u00ed Spojen\u00fdch st\u00e1t\u016f africk\u00fdch, kter\u00e9 by kontrolovaly zdroje kontinentu a rozv\u00edjely nez\u00e1vislou zahrani\u010dn\u00ed politiku. Libye, kter\u00e1 m\u00e1 nejv\u011bt\u0161\u00ed z\u00e1soby ropy v Africe, vytvo\u0159ila nebezpe\u010dn\u00fd precedens t\u00edm, \u017ee Rusku a \u010c\u00edn\u011b nab\u00eddla nov\u00e9 smlouvy na pr\u016fzkum ropy a znovu vyjednala st\u00e1vaj\u00edc\u00ed smlouvy se z\u00e1padn\u00edmi ropn\u00fdmi spole\u010dnostmi za m\u00e9n\u011b v\u00fdhodn\u00fdch podm\u00ednek. Kadd\u00e1f\u00ed tak\u00e9 p\u011bstoval u\u017e\u0161\u00ed vojensk\u00e9 a ekonomick\u00e9 vazby s Ruskem a \u010c\u00ednou.<\/span><\/p>\n<p><span>Bombardov\u00e1n\u00ed Libye NATO nikdy nem\u011blo za c\u00edl chr\u00e1nit obyvatelstvo. Zem\u011b byla po svr\u017een\u00ed Kadd\u00e1f\u00edho okam\u017eit\u011b opu\u0161t\u011bna a stala se ne\u00fasp\u011b\u0161n\u00fdm st\u00e1tem, kter\u00e9mu vl\u00e1dli v\u00e1le\u010dn\u00edci a prosperuj\u00edc\u00ed trhy s otroky. \u010c\u00e1sti Libye se staly ba\u0161tou Isl\u00e1msk\u00e9ho st\u00e1tu. Z\u00e1padn\u00ed zbran\u011b dod\u00e1van\u00e9 \u201erebel\u016fm\u201c nakonec pos\u00edlily Isl\u00e1msk\u00fd st\u00e1t a podpo\u0159ily sekt\u00e1\u0159sk\u00e9 krveprolit\u00ed v S\u00fdrii a Ir\u00e1ku.<\/span><\/p>\n<p><strong><span>P\u0159\u00edb\u011bh<\/span><\/strong><span>\u00a0: V\u011b\u0159\u00edte, \u017ee od roku 2011 se Syrsk\u00e9 demokratick\u00e9 s\u00edly sna\u017e\u00ed svrhnout dikt\u00e1tora Ba\u0161\u00e1ra Asada a \u017ee zem\u011b byla na vrcholu revoluce ve stylu arabsk\u00e9ho jara, kter\u00e1 by osvobodila jej\u00ed lid, jak to nikdy nebylo? p\u0159edt\u00edm n\u00e1m p\u0159estal \u0159\u00edkat?<\/span><\/p>\n<p><strong><span>Realita<\/span><\/strong><span>\u00a0: Nen\u00ed pochyb o tom, \u017ee Asad\u016fv re\u017eim v kombinaci se suchem a ne\u00farodou zp\u016fsobenou klimatick\u00fdmi zm\u011bnami vedl v roce 2011 k rostouc\u00edm nepokoj\u016fm v \u010d\u00e1stech S\u00fdrie. Je tak\u00e9 pravda, \u017ee na rozd\u00edl od jin\u00fdch sekul\u00e1rn\u00edch arabsk\u00fdch re\u017eim\u016f zalo\u017een\u00fdch na vl\u00e1d\u011b Men\u0161inov\u00e1 sekta, Assadova vl\u00e1da spol\u00e9hala na brut\u00e1ln\u00ed autorit\u00e1\u0159stv\u00ed, aby si udr\u017eela svou moc nad jin\u00fdmi, v\u011bt\u0161\u00edmi \u010d\u00e1stmi populace. Ale to nen\u00ed d\u016fvod, pro\u010d byla S\u00fdrie uvr\u017eena do krvav\u00e9 13let\u00e9 ob\u010dansk\u00e9 v\u00e1lky, kter\u00e1 p\u0159il\u00e1kala pozornost a\/nebo intervenci \u0159ady akt\u00e9r\u016f, od \u00cdr\u00e1nu a Ruska po Izrael, p\u0159es Turecko, Al-K\u00e1idu a ISIS. Je to z velk\u00e9 \u010d\u00e1sti proto, \u017ee Washington a Izrael op\u011bt prosazuj\u00ed sv\u00e9 geostrategick\u00e9 z\u00e1jmy.<\/span><\/p>\n<p><span>Skute\u010dn\u00fdm probl\u00e9mem pro Washington nebylo Asadovo autorit\u00e1\u0159stv\u00ed \u2013 nejmocn\u011bj\u0161\u00ed spojenci Spojen\u00fdch st\u00e1t\u016f v regionu byli v\u0161ichni autoritativn\u00ed \u2013 ale dva dal\u0161\u00ed kritick\u00e9 faktory.<\/span><\/p>\n<p><span>Za prv\u00e9, Asad pat\u0159il k alavitsk\u00e9 men\u0161in\u011b, sekt\u011b \u0161\u00editsk\u00e9ho isl\u00e1mu, kter\u00e1 byla po stalet\u00ed v teologick\u00e9m a sekt\u00e1\u0159sk\u00e9m konfliktu s dominantn\u00edm sunnitsk\u00fdm isl\u00e1mem v regionu. \u00cdr\u00e1n je tak\u00e9 \u0161\u00editsk\u00fd. Ir\u00e1ck\u00e1 \u0161\u00editsk\u00e1 v\u011bt\u0161ina p\u0159evzala moc pot\u00e9, co Washington v roce 2003 vykuchal sunnitsk\u00fd re\u017eim Sadd\u00e1ma Husajna. Kone\u010dn\u011b, libanonsk\u00e1 milice Hizball\u00e1hu je \u0161\u00editsk\u00e1. Spole\u010dn\u011b tvo\u0159\u00ed to, co Washington st\u00e1le v\u00edce popisuje jako \u201eosu zla\u201c.<\/span><\/p>\n<p><span>Za druh\u00e9, S\u00fdrie sd\u00edl\u00ed dlouhou hranici s Izraelem, a co je d\u016fle\u017eit\u00e9, tvo\u0159\u00ed hlavn\u00ed geografick\u00fd koridor spojuj\u00edc\u00ed \u00cdr\u00e1n a Ir\u00e1k s gerilov\u00fdmi silami Hizball\u00e1hu v severn\u00edm Izraeli v Libanonu. V pr\u016fb\u011bhu desetilet\u00ed \u00cdr\u00e1n propa\u0161oval des\u00edtky tis\u00edc st\u00e1le siln\u011bj\u0161\u00edch raket a raket do ji\u017en\u00edho Libanonu, bl\u00edzko severn\u00ed hranice Izraele. Tento arzen\u00e1l slou\u017eil po v\u011bt\u0161inu tohoto obdob\u00ed jako obrann\u00fd de\u0161tn\u00edk, hlavn\u00ed odstra\u0161uj\u00edc\u00ed prost\u0159edek, kter\u00fd m\u011bl zabr\u00e1nit Izraeli v invazi a okupaci Libanonu, jak tomu bylo po mnoho let, dokud ho bojovn\u00edci Hizball\u00e1hu v roce 2000 nedonutili st\u00e1hnout se. Ale tak\u00e9 slou\u017eil k odstra\u0161en\u00ed Izraele. z invaze do S\u00fdrie a \u00fatoku na \u00cdr\u00e1n.<\/span><\/p>\n<p><span>Dny po 11. z\u00e1\u0159\u00ed p\u0159edstavitel Pentagonu uk\u00e1zal vysoce postaven\u00e9mu americk\u00e9mu gener\u00e1lovi Wesleymu Clarkovi dokument o reakci USA na kolaps Dvoj\u010dat. Spojen\u00e9 st\u00e1ty se rozhodly b\u011bhem p\u011bti let \u201esejmout\u201c sedm zem\u00ed. V\u011bt\u0161ina c\u00edl\u016f byly \u0161\u00editsk\u00e9 ba\u0161ty na Bl\u00edzk\u00e9m v\u00fdchod\u011b: Ir\u00e1k, S\u00fdrie, Libanon a \u00cdr\u00e1n. (Je t\u0159eba poznamenat, \u017ee pachatel\u00e9 11. z\u00e1\u0159\u00ed byli sunnit\u00e9, v\u011bt\u0161inou ze Sa\u00fadsk\u00e9 Ar\u00e1bie.) \u00cdr\u00e1n a jeho spojenci odol\u00e1vali man\u00e9vr\u016fm Washingtonu \u2013 podporovan\u00fdm st\u00e1le otev\u0159en\u011bji sunnitsk\u00fdmi st\u00e1ty, zejm\u00e9na t\u011bmi v Persk\u00e9m z\u00e1livu bohat\u00e9m na ropu. ustanovit Izrael jako region\u00e1ln\u00edho hegemona a umo\u017enit mu vymazat palestinsk\u00fd lid z mapy.<\/span><\/p>\n<p><span>Jsou to st\u00e1le stejn\u00e9 c\u00edle, kter\u00e9 Izrael a Washington v t\u00e9to dob\u011b sleduj\u00ed. A S\u00fdrie m\u011bla v\u017edy z\u00e1sadn\u00ed v\u00fdznam pro realizaci jejich pl\u00e1nu. To je d\u016fvod, pro\u010d v r\u00e1mci operace Timber Sycamore Spojen\u00e9 st\u00e1ty tajn\u011b nalily obrovsk\u00e9 sumy pen\u011bz do v\u00fdcviku sv\u00fdch b\u00fdval\u00fdch nep\u0159\u00e1tel Al-K\u00e1idy, aby vytvo\u0159ily protiasadovsk\u00e9 milice, kter\u00e9 p\u0159itahovaly sunnitsk\u00e9 d\u017eih\u00e1distick\u00e9 bojovn\u00edky z cel\u00e9ho regionu, stejn\u011b jako zbran\u011b z ne\u00fasp\u011b\u0161n\u00fdch st\u00e1ty jako Libye. Pl\u00e1n finan\u010dn\u011b podpo\u0159ily st\u00e1ty Persk\u00e9ho z\u00e1livu s vojenskou a zpravodajskou pomoc\u00ed Turecka, Izraele a Spojen\u00e9ho kr\u00e1lovstv\u00ed.<\/span><\/p>\n<p><span>Koncem roku 2024 byli Asadovi kl\u00ed\u010dov\u00ed spojenci sami v probl\u00e9mech: Rusko uv\u00edzlo v z\u00e1stupn\u00e9 v\u00e1lce NATO na Ukrajin\u011b, zat\u00edmco Teher\u00e1n se pot\u00fdkal s probl\u00e9my kv\u016fli izraelsk\u00fdm \u00fatok\u016fm na Libanon, S\u00fdrii a samotn\u00fd \u00cdr\u00e1n. Tehdy se HTS \u2013 p\u0159ezna\u010den\u00e1 organizace al-K\u00e1idy \u2013 bleskov\u011b zmocnila Dama\u0161ku a donutila Asada uprchnout do Moskvy.<\/span><\/p>\n<p><span>Pokud jste v\u011b\u0159ili v\u0161em t\u011bmto p\u0159\u00edb\u011bh\u016fm a st\u00e1le v\u011b\u0159\u00edte, \u017ee Z\u00e1pad d\u011bl\u00e1 v\u0161e pro potla\u010den\u00ed isl\u00e1msk\u00e9ho extremismu a \u00fadajn\u00e9ho rusk\u00e9ho imperialismu na Ukrajin\u011b, pak pravd\u011bpodobn\u011b tak\u00e9 v\u011b\u0159\u00edte, \u017ee Izrael srovnal se zem\u00ed Gazu, zni\u010dil v\u0161echny sv\u00e9 nemocnice a nechal vyhladov\u011bt celou svou populaci. 2,3 milionu jednodu\u0161e na \u201eeliminaci Ham\u00e1su\u201c, i kdy\u017e Ham\u00e1s odstran\u011bn nebyl.<\/span><\/p>\n<p><span>Pravd\u011bpodobn\u011b si mysl\u00edte, \u017ee Mezin\u00e1rodn\u00ed soudn\u00ed dv\u016fr se t\u00e9m\u011b\u0159 p\u0159ed rokem m\u00fdlil, kdy\u017e rozhodl, \u017ee Izrael pravd\u011bpodobn\u011b p\u00e1ch\u00e1 genocidu v Gaze. Pravd\u011bpodobn\u011b si mysl\u00edte, \u017ee i ti nejopatrn\u011bj\u0161\u00ed izrael\u0161t\u00ed experti na holocaust se loni v kv\u011btnu m\u00fdlili, kdy\u017e dosp\u011bli k z\u00e1v\u011bru, \u017ee Izrael nepochybn\u011b vstoupil do genocidn\u00ed f\u00e1ze, kdy\u017e zni\u010dil \u201ebezpe\u010dnou z\u00f3nu\u201c Rafah, kde shrom\u00e1\u017edil v\u011bt\u0161inu obyvatel Gazy. A pravd\u011bpodobn\u011b si mysl\u00edte, \u017ee v\u0161echny hlavn\u00ed lidskopr\u00e1vn\u00ed skupiny se m\u00fdlily, kdy\u017e koncem minul\u00e9ho roku po dlouh\u00e9m v\u00fdzkumu, aby se ochr\u00e1nily p\u0159ed poskvrny Izraele a jeho p\u0159\u00edznivc\u016f, dosp\u011bly k z\u00e1v\u011bru, \u017ee izraelsk\u00e1 devastace p\u00e1sma Gazy m\u011bla v\u0161echny znaky genocidy.<\/span><\/p>\n<p><span>Pravd\u011bpodobn\u011b tak\u00e9 v\u011b\u0159\u00edte, \u017ee dlouhodob\u00fd pl\u00e1n Washingtonu na \u201ecelospektr\u00e1ln\u00ed glob\u00e1ln\u00ed dominanci\u201c je benevolentn\u00ed a \u017ee Izrael a Spojen\u00e9 st\u00e1ty nemaj\u00ed \u00cdr\u00e1n a \u010c\u00ednu v hled\u00e1\u010dku.<\/span><\/p>\n<p><span>Pokud ano, budete jist\u011b i nad\u00e1le v\u011b\u0159it v\u0161emu, co v\u00e1m \u0159\u00edkaj\u00ed \u2013 i kdy\u017e jako lum\u00edci b\u011b\u017e\u00edme, abychom se vrhli ze sk\u00e1ly, jsme si jisti, \u017ee tentokr\u00e1t bude v\u0161e v po\u0159\u00e1dku.<\/span><\/p>\n<p><em>Anal\u00fdza od <strong>Jonathana Cooka<\/strong><\/em><\/p>\n<p>&nbsp;<\/p>\n<p>&nbsp;<\/p>\n","protected":false},"excerpt":{"rendered":"<p>Z\u00e1padn\u00ed \u201ev\u00e1lka proti terorismu\u201c se op\u00edr\u00e1 o \u0159adu l\u017e\u00ed, kter\u00e9 n\u00e1s maj\u00ed p\u0159esv\u011bd\u010dit, \u017ee na\u0161i&#8230;<\/p>\n","protected":false},"author":2,"featured_media":71462,"comment_status":"closed","ping_status":"closed","sticky":false,"template":"","format":"standard","meta":[],"categories":[7],"tags":[1854,8279,2703,8535],"_links":{"self":[{"href":"https:\/\/www.infokuryr.cz\/n\/wp-json\/wp\/v2\/posts\/71461"}],"collection":[{"href":"https:\/\/www.infokuryr.cz\/n\/wp-json\/wp\/v2\/posts"}],"about":[{"href":"https:\/\/www.infokuryr.cz\/n\/wp-json\/wp\/v2\/types\/post"}],"author":[{"embeddable":true,"href":"https:\/\/www.infokuryr.cz\/n\/wp-json\/wp\/v2\/users\/2"}],"replies":[{"embeddable":true,"href":"https:\/\/www.infokuryr.cz\/n\/wp-json\/wp\/v2\/comments?post=71461"}],"version-history":[{"count":0,"href":"https:\/\/www.infokuryr.cz\/n\/wp-json\/wp\/v2\/posts\/71461\/revisions"}],"wp:featuredmedia":[{"embeddable":true,"href":"https:\/\/www.infokuryr.cz\/n\/wp-json\/wp\/v2\/media\/71462"}],"wp:attachment":[{"href":"https:\/\/www.infokuryr.cz\/n\/wp-json\/wp\/v2\/media?parent=71461"}],"wp:term":[{"taxonomy":"category","embeddable":true,"href":"https:\/\/www.infokuryr.cz\/n\/wp-json\/wp\/v2\/categories?post=71461"},{"taxonomy":"post_tag","embeddable":true,"href":"https:\/\/www.infokuryr.cz\/n\/wp-json\/wp\/v2\/tags?post=71461"}],"curies":[{"name":"wp","href":"https:\/\/api.w.org\/{rel}","templated":true}]}}