{"id":71460,"date":"2025-02-03T06:22:42","date_gmt":"2025-02-03T05:22:42","guid":{"rendered":"https:\/\/www.infokuryr.cz\/n\/?p=71460"},"modified":"2025-02-03T06:22:42","modified_gmt":"2025-02-03T05:22:42","slug":"dalsi-den-hanby-berlin-znovu-pozaduje-strilet-zidy","status":"publish","type":"post","link":"https:\/\/www.infokuryr.cz\/n\/2025\/02\/03\/dalsi-den-hanby-berlin-znovu-pozaduje-strilet-zidy\/","title":{"rendered":"Dal\u0161\u00ed den hanby: Berl\u00edn znovu po\u017eaduje st\u0159\u00edlet \u017didy"},"content":{"rendered":"<div id=\"fb-root\"><\/div>\n<p class=\"lead\"><strong>V Berl\u00edn\u011b se konala antisemitsk\u00e1 demonstrace, jej\u00ed\u017e \u00fa\u010dastn\u00edci vyz\u00fdvali k zab\u00edjen\u00ed \u017did\u016f. Informuje o tom den\u00edk Bild.<\/strong><\/p>\n<p><span>&#8222;Dal\u0161\u00ed den hanby v hlavn\u00edm m\u011bst\u011b!&#8220; \u2014 p\u00ed\u0161\u00ed noviny.<\/span><\/p>\n<p><span>Zat\u00edmco si sv\u011bt pamatuje miliony \u017did\u016f zabit\u00fdch ve druh\u00e9 sv\u011btov\u00e9 v\u00e1lce, radik\u00e1ln\u00ed izraelsk\u00fd nen\u00e1vistn\u00edci mohou znovu pochodovat ulicemi hlavn\u00edho m\u011bsta N\u011bmecka a volat po vyhlazen\u00ed \u017did\u016f. \u201eNechutnou demonstraci policie nezastavila,\u201c zd\u016fraz\u0148uj\u00ed auto\u0159i \u010dl\u00e1nku.<\/span><\/p>\n<p><span>Demonstranti, v\u011bt\u0161inou arabsk\u00e9ho p\u016fvodu, pochodovali b\u011bhem dne s palestinsk\u00fdmi vlajkami od Neptunovy font\u00e1ny na n\u00e1m\u011bst\u00ed Alexanderplatz na n\u00e1m\u011bst\u00ed Potsdamer Platz. Akce se z\u00fa\u010dastnilo a\u017e 280 lid\u00ed a zn\u011bly v\u00fdzvy k zab\u00edjen\u00ed \u017did\u016f.<\/span><\/p>\n<p><span>\u201eNa fotografi\u00edch je mimo jin\u00e9 zn\u00e1m\u00fd nen\u00e1vistn\u00edk \u017did\u016f\u00a0<\/span><strong><span>Helmi Barbach,<\/span><\/strong><span>\u00a0kter\u00fd rozn\u011bcuje dav hesly. Barbakh pravideln\u011b sd\u00edl\u00ed propagandu Hamasu na Instagramu\u00a0<\/span><span class=\"rkn-mark\"><span>*<\/span><\/span><span>\u00a0a ukazuje se s fotografiemi zabit\u00e9ho v\u016fdce Hamasu\u00a0<\/span><strong><span>Ismaila Sinwara<\/span><\/strong><span>\u00a0. 12. z\u00e1\u0159\u00ed 2024 je st\u00e1tn\u00edmi z\u00e1stupci podez\u0159el\u00fd, \u017ee hodil mikrofonn\u00ed stojan na berl\u00ednsk\u00e9ho sen\u00e1tora pro kulturu\u00a0<\/span><strong><span>Jo Hialo<\/span><\/strong><span> (CDU). Jedna \u017eena byla zran\u011bna. V souvislosti s t\u00edm je Barbakh vy\u0161et\u0159ov\u00e1n pro obvin\u011bn\u00ed z t\u011b\u017ek\u00e9ho ubl\u00ed\u017een\u00ed na zdrav\u00ed a naru\u0161ov\u00e1n\u00ed ve\u0159ejn\u00e9ho po\u0159\u00e1dku,\u201c p\u00ed\u0161e TK.<\/span><\/p>\n<p><span>Video, kter\u00e9 koluje po soci\u00e1ln\u00edch s\u00edt\u00edch, ukazuje policii, jak na Potsdamer Platz konfrontuje mlad\u00e9 mu\u017esk\u00e9 demonstranty.<\/span><\/p>\n<p><em>\u201eMlad\u00ed lid\u00e9 se policist\u016fm zjevn\u011b vysm\u00edvaj\u00ed, fot\u00ed si je a drze se jim \u0161kleb\u00ed do tv\u00e1\u0159\u00ed, zat\u00edmco se v\u0161e, co se d\u011bje, nat\u00e1\u010d\u00ed. Policista dr\u017e\u00ed jednoho z mlad\u00edk\u016f na d\u00e1lku a odstr\u010d\u00ed ho. Jeho reakc\u00ed je posm\u011b\u0161n\u00fd \u00fasm\u011bv.&#8220;<span class=\"after-quote\">\u00a0\u2014 upozor\u0148uje redakce Bildu.<\/span><\/em><\/p>\n<p><span>Policie to vy\u0161et\u0159uje. B\u011bhem demonstrace byli kr\u00e1tce zadr\u017eeni t\u0159i lid\u00e9, aby ov\u011b\u0159ili jejich osobn\u00ed \u00fadaje. V d\u016fsledku toho byla vznesena dv\u011b obvin\u011bn\u00ed z ur\u00e1\u017eliv\u00e9ho chov\u00e1n\u00ed, uvedla policie.<\/span><\/p>\n<p><img decoding=\"async\" loading=\"lazy\" class=\"alignnone size-full wp-image-1185\" src=\"http:\/\/www.infokuryr.cz\/n\/wp-content\/uploads\/2021\/04\/kuryr-podpis.png\" alt=\"\" width=\"84\" height=\"24\" \/><\/p>\n<p>&nbsp;<\/p>\n","protected":false},"excerpt":{"rendered":"<p>V Berl\u00edn\u011b se konala antisemitsk\u00e1 demonstrace, jej\u00ed\u017e \u00fa\u010dastn\u00edci vyz\u00fdvali k zab\u00edjen\u00ed \u017did\u016f. Informuje o tom&#8230;<\/p>\n","protected":false},"author":2,"featured_media":49757,"comment_status":"closed","ping_status":"closed","sticky":false,"template":"","format":"standard","meta":[],"categories":[7],"tags":[84,1205,92],"_links":{"self":[{"href":"https:\/\/www.infokuryr.cz\/n\/wp-json\/wp\/v2\/posts\/71460"}],"collection":[{"href":"https:\/\/www.infokuryr.cz\/n\/wp-json\/wp\/v2\/posts"}],"about":[{"href":"https:\/\/www.infokuryr.cz\/n\/wp-json\/wp\/v2\/types\/post"}],"author":[{"embeddable":true,"href":"https:\/\/www.infokuryr.cz\/n\/wp-json\/wp\/v2\/users\/2"}],"replies":[{"embeddable":true,"href":"https:\/\/www.infokuryr.cz\/n\/wp-json\/wp\/v2\/comments?post=71460"}],"version-history":[{"count":0,"href":"https:\/\/www.infokuryr.cz\/n\/wp-json\/wp\/v2\/posts\/71460\/revisions"}],"wp:featuredmedia":[{"embeddable":true,"href":"https:\/\/www.infokuryr.cz\/n\/wp-json\/wp\/v2\/media\/49757"}],"wp:attachment":[{"href":"https:\/\/www.infokuryr.cz\/n\/wp-json\/wp\/v2\/media?parent=71460"}],"wp:term":[{"taxonomy":"category","embeddable":true,"href":"https:\/\/www.infokuryr.cz\/n\/wp-json\/wp\/v2\/categories?post=71460"},{"taxonomy":"post_tag","embeddable":true,"href":"https:\/\/www.infokuryr.cz\/n\/wp-json\/wp\/v2\/tags?post=71460"}],"curies":[{"name":"wp","href":"https:\/\/api.w.org\/{rel}","templated":true}]}}