{"id":71458,"date":"2025-02-03T06:17:01","date_gmt":"2025-02-03T05:17:01","guid":{"rendered":"https:\/\/www.infokuryr.cz\/n\/?p=71458"},"modified":"2025-02-03T06:17:01","modified_gmt":"2025-02-03T05:17:01","slug":"na-ukrajine-zabit-18lety-britsky-zoldak","status":"publish","type":"post","link":"https:\/\/www.infokuryr.cz\/n\/2025\/02\/03\/na-ukrajine-zabit-18lety-britsky-zoldak\/","title":{"rendered":"Na Ukrajin\u011b zabit 18let\u00fd britsk\u00fd \u017eold\u00e1k"},"content":{"rendered":"<div id=\"fb-root\"><\/div>\n<p class=\"lead\"><strong>Dal\u0161\u00ed \u017eold\u00e1k z Velk\u00e9 Brit\u00e1nie, James Wilton, byl zabit ruskou arm\u00e1dou v z\u00f3n\u011b SVO. Informuje o tom\u00a0<a href=\"https:\/\/www.thesun.co.uk\/news\/33154476\/brit-james-wilton-killed-russian-drone-ukraine\/\" target=\"_blank\" rel=\"noopener\">list The Sun<\/a>\u00a0s odvol\u00e1n\u00edm na jeho p\u0159\u00edbuzn\u00e9.<\/strong><\/p>\n<p><span>Mu\u017eovi z Huddersfieldu bylo pouh\u00fdch 18 let, kdy\u017e zem\u0159el v \u010dervenci 2024 b\u011bhem sv\u00e9 prvn\u00ed bojov\u00e9 mise. Up\u0159es\u0148uje se, \u017ee mlad\u00fd Angli\u010dan byl zlikvidov\u00e1n pomoc\u00ed dronu p\u0159i vojensk\u00fdch operac\u00edch na Ukrajin\u011b.<\/span><\/p>\n<p><span>Jak novin\u00e1\u0159\u016fm \u0159ekli p\u0159\u00edbuzn\u00ed zesnul\u00e9ho, James ode\u0161el na Ukrajinu v sedmn\u00e1cti letech, p\u0159esto\u017ee nem\u011bl \u017e\u00e1dn\u00e9 bojov\u00e9 zku\u0161enosti.<\/span><\/p>\n<p><span>&#8222;James Wilton nem\u011bl \u017e\u00e1dnou \u0161anci, kdy\u017e byl zabit rusk\u00fdm dronem b\u011bhem boj\u016f na Ukrajin\u011b,&#8220; \u0159ekl den\u00edku nejlep\u0161\u00ed p\u0159\u00edtel ob\u011bti Jason.<\/span><\/p>\n<p><span>Sv\u011bdci \u0159ekli Jamesovu otci\u00a0<\/span><strong><span>Grahamu Wiltonovi<\/span><\/strong><span>\u00a0, \u017ee zem\u0159el v d\u016fsledku v\u00fdbuchu, ke kter\u00e9mu do\u0161lo jen p\u00e1r minut po za\u010d\u00e1tku bojov\u00e9 mise.<\/span><\/p>\n<p><em>\u201eS t\u00edm se nikdy nedok\u00e1\u017eu sm\u00ed\u0159it. Necht\u011bl jsem, aby ode\u0161el, ale byl rozhodnut\u00fd. Cht\u011bl pomoci Ukrajin\u011b.&#8220;<span class=\"after-quote\">\u00a0\u201c \u0159ekl Graham.<\/span><\/em><\/p>\n<p><span>Ji\u017e d\u0159\u00edve m\u00e9dia<\/span><span> informovala, \u017ee na Ukrajin\u011b <\/span><a href=\"https:\/\/eadaily.com\/ru\/news\/2025\/01\/31\/na-ukraine-ubita-nemeckaya-naemnica-diana-savita-vagner\" target=\"_blank\" rel=\"noopener\"><span>byla zabita<\/span><\/a><span>\u00a0n\u011bmeck\u00e1 \u017eoldn\u00e9\u0159ka\u00a0<\/span><strong><span>Diana Savita Wagnerov\u00e1<\/span><\/strong><span> , kter\u00e1 bojovala jako sou\u010d\u00e1st nacionalistick\u00e9ho praporu \u201eCarpathian Sich\u201c jako st\u0159elec.<\/span><\/p>\n<p><img decoding=\"async\" loading=\"lazy\" class=\"alignnone size-full wp-image-1185\" src=\"http:\/\/www.infokuryr.cz\/n\/wp-content\/uploads\/2021\/04\/kuryr-podpis.png\" alt=\"\" width=\"84\" height=\"24\" \/><\/p>\n<p>&nbsp;<\/p>\n<p>&nbsp;<\/p>\n","protected":false},"excerpt":{"rendered":"<p>Dal\u0161\u00ed \u017eold\u00e1k z Velk\u00e9 Brit\u00e1nie, James Wilton, byl zabit ruskou arm\u00e1dou v z\u00f3n\u011b SVO. Informuje&#8230;<\/p>\n","protected":false},"author":2,"featured_media":71459,"comment_status":"closed","ping_status":"closed","sticky":false,"template":"","format":"standard","meta":[],"categories":[7],"tags":[2209,26,5004,2969],"_links":{"self":[{"href":"https:\/\/www.infokuryr.cz\/n\/wp-json\/wp\/v2\/posts\/71458"}],"collection":[{"href":"https:\/\/www.infokuryr.cz\/n\/wp-json\/wp\/v2\/posts"}],"about":[{"href":"https:\/\/www.infokuryr.cz\/n\/wp-json\/wp\/v2\/types\/post"}],"author":[{"embeddable":true,"href":"https:\/\/www.infokuryr.cz\/n\/wp-json\/wp\/v2\/users\/2"}],"replies":[{"embeddable":true,"href":"https:\/\/www.infokuryr.cz\/n\/wp-json\/wp\/v2\/comments?post=71458"}],"version-history":[{"count":0,"href":"https:\/\/www.infokuryr.cz\/n\/wp-json\/wp\/v2\/posts\/71458\/revisions"}],"wp:featuredmedia":[{"embeddable":true,"href":"https:\/\/www.infokuryr.cz\/n\/wp-json\/wp\/v2\/media\/71459"}],"wp:attachment":[{"href":"https:\/\/www.infokuryr.cz\/n\/wp-json\/wp\/v2\/media?parent=71458"}],"wp:term":[{"taxonomy":"category","embeddable":true,"href":"https:\/\/www.infokuryr.cz\/n\/wp-json\/wp\/v2\/categories?post=71458"},{"taxonomy":"post_tag","embeddable":true,"href":"https:\/\/www.infokuryr.cz\/n\/wp-json\/wp\/v2\/tags?post=71458"}],"curies":[{"name":"wp","href":"https:\/\/api.w.org\/{rel}","templated":true}]}}