{"id":71402,"date":"2025-02-03T00:31:58","date_gmt":"2025-02-02T23:31:58","guid":{"rendered":"https:\/\/www.infokuryr.cz\/n\/?p=71402"},"modified":"2025-02-02T13:35:34","modified_gmt":"2025-02-02T12:35:34","slug":"zapad-znovu-rozdmychava-potize-v-srbsku","status":"publish","type":"post","link":"https:\/\/www.infokuryr.cz\/n\/2025\/02\/03\/zapad-znovu-rozdmychava-potize-v-srbsku\/","title":{"rendered":"Z\u00e1pad znovu rozdm\u00fdch\u00e1v\u00e1 pot\u00ed\u017ee v Srbsku"},"content":{"rendered":"<div id=\"fb-root\"><\/div>\n<p><span style=\"font-size: 14pt;\"><strong>V Srbsku prob\u00edhaj\u00ed nepokoje a srbsk\u00e1 vl\u00e1da tvrd\u00ed, \u017ee jsou organizov\u00e1ny a financov\u00e1ny ze zahrani\u010d\u00ed. Co se d\u011bje v Srbsku a kdo jsou hybatel\u00e9?<\/strong><\/span><\/p>\n<p><span>Srbsko pod vl\u00e1dou prezidenta Vu\u010di\u010de bylo dlouho trnem v oku Z\u00e1padu, proto\u017ee Srbov\u00e9 se tradi\u010dn\u011b c\u00edt\u00ed b\u00fdt spjati s Ruskem a Rusov\u00e9 a Vu\u010di\u010d se tvrdo\u0161\u00edjn\u011b odm\u00edtaj\u00ed pod\u00edlet na protirusk\u00e9 politice Z\u00e1padu. Ne\u017e se dostaneme k tomu, kdo \u0159\u00edd\u00ed sou\u010dasn\u00e9 nepokoje a co je rozpoutalo tentokr\u00e1t, pod\u00edvejme se na pokusy Z\u00e1padu zas\u00e1hnout proti srbsk\u00e9 vl\u00e1d\u011b v posledn\u00edch letech.<\/span><\/p>\n<h3 class=\"wp-block-heading\"><span style=\"font-size: 18pt;\">Boj Z\u00e1padu proti Vu\u010di\u010dovi<\/span><\/h3>\n<p><span>Jednou z p\u00e1k, jak zakro\u010dit proti srbsk\u00e9 vl\u00e1d\u011b, je sporn\u00e9 Kosovo. K\u0159ehk\u00fd status quo byl zakotven v tzv. Bruselsk\u00e9 dohod\u011b, ale kosovsk\u00e1 vl\u00e1da nad\u00e1le poru\u0161uje autonomii srbsk\u00e9 men\u0161iny v Kosovu, jak je stanoveno v dohod\u011b, ani\u017e by EU, pod jej\u00ed\u017e z\u00e1\u0161titou byla dohoda sjedn\u00e1na, podnikla jak\u00e9koli kroky .<\/span><\/p>\n<p><span>Na konci kv\u011btna 2019 kosovsk\u00e1 vl\u00e1da\u00a0<\/span><a href=\"https:\/\/anti-spiegel.ru\/2019\/unbeachtet-von-den-deutschen-medien-spitzt-sich-die-lage-im-kosovo-weiter-zu\/\"><span>dohodu poru\u0161ila<\/span><\/a><span>\u00a0a p\u0159esunula speci\u00e1ln\u00ed jednotky do oblast\u00ed srbsk\u00e9 autonomie, a\u010dkoli to dohoda v\u00fdslovn\u011b zakazuje. EU v t\u00e9to v\u011bci ml\u010d\u00ed. To se opakovalo\u00a0<\/span><a href=\"https:\/\/anti-spiegel.ru\/2021\/wie-in-russland-ueber-die-eskalation-zwischen-dem-kosovo-und-serbien-berichtet-wird\/\"><span>v letech 2021<\/span><\/a><span>\u00a0a\u00a0<\/span><a href=\"https:\/\/anti-spiegel.ru\/2022\/die-gruende-fuer-die-eskalation-im-kosovo\/\"><span>2022<\/span><\/a><span>\u00a0, \u010d\u00edm\u017e se region p\u0159ibl\u00ed\u017eil nov\u00e9 v\u00e1lce, kdy EU a Z\u00e1pad podporovaly Kosovo a ignorovaly poru\u0161ov\u00e1n\u00ed dohody.<\/span><\/p>\n<p><span>Takov\u00e9to provokace vystavuj\u00ed srbsk\u00e9ho prezidenta Vu\u010di\u010de a jeho vl\u00e1du dom\u00e1c\u00edmu tlaku, proto\u017ee v\u011bt\u0161ina Srb\u016f neuzn\u00e1v\u00e1 nez\u00e1vislost Kosova a po\u017eaduje, aby srbsk\u00e1 vl\u00e1da zaru\u010dila ochranu Srb\u016f v Kosovu.<\/span><\/p>\n<p><span>Z\u00e1pad tak\u00e9 financuje proz\u00e1padn\u00ed opozici v Srbsku, kter\u00e1 nap\u0159\u00edklad vyzvala k p\u0159ed\u010dasn\u00fdm volb\u00e1m v roce 2023, s nimi\u017e srbsk\u00e1 vl\u00e1da dokonce souhlasila, proto\u017ee doufala, \u017ee volby p\u0159inesou zemi klid, kter\u00fd Z\u00e1pad m\u00e1 zvl\u00e1\u0161t\u011b znepokojen od za\u010d\u00e1tku eskalace v roce vyv\u00edj\u00ed velk\u00fd tlak na Ukrajinu, aby se p\u0159ipojila k protirusk\u00e9 front\u011b.<\/span><\/p>\n<p><span>Volby prob\u00edhaly podle zn\u00e1m\u00e9ho vzoru: proz\u00e1padn\u00ed opozice \u2013 samoz\u0159ejm\u011b s podporou Z\u00e1padu \u2013 mluvila o volebn\u00edch podvodech a doch\u00e1zelo k protest\u016fm a \u2013 stejn\u011b jako na Majdanu \u2013 k pokus\u016fm\u00a0<\/span><a href=\"https:\/\/anti-spiegel.ru\/2023\/die-versuchte-farbrevolution-in-serbien-und-die-westlichen-medien\/\"><span>o obsazen\u00ed ve\u0159ejn\u00fdch budov<\/span><\/a><span>\u00a0.<\/span><\/p>\n<p><span>V l\u00e9t\u011b 2024 podepsaly z\u00e1padn\u00ed spole\u010dnosti smlouvy na t\u011b\u017ebu lithia v oblasti Jadarit. P\u0159edt\u00edm, v \u010dervenci 2024, cestovala delegace EU veden\u00e1 kancl\u00e9\u0159em Scholzem do Srbska, aby dohodu p\u0159ipravila. Jde o t\u011b\u017ebu 58 000 tun lithia ro\u010dn\u011b, co\u017e\u00a0<\/span><a href=\"https:\/\/www.kommersant.ru\/doc\/6849472\"><span>by p\u0159edstavovalo<\/span><\/a><span>\u00a017 procent evropsk\u00e9ho trhu s lithiem .<\/span><\/p>\n<p><span>Srbsk\u00fd prezident Vu\u010di\u010d douf\u00e1, \u017ee p\u0159il\u00e1k\u00e1 zahrani\u010dn\u00ed investice ve v\u00fd\u0161i \u0161esti miliard dolar\u016f, co\u017e by byla nejv\u011bt\u0161\u00ed zahrani\u010dn\u00ed investice v Srbsku v historii a pro malou a nep\u0159\u00edli\u0161 bohatou zemi s asi 6,6 miliony obyvatel by to bylo hodn\u011b pen\u011bz.<\/span><\/p>\n<p><span>Proti projektu se ale objevily i protesty, proto\u017ee lid\u00e9 v posti\u017een\u00e9m regionu varuj\u00ed p\u0159ed ekologick\u00fdmi \u0161kodami zp\u016fsoben\u00fdmi t\u011b\u017ebou lithia.\u00a0<\/span><a href=\"https:\/\/anti-spiegel.ru\/2024\/unruhen-und-blockierte-hauptstrassen-in-belgrad\/\"><span>Z\u00fa\u010dtov\u00e1n\u00ed p\u0159i\u0161lo v srpnu 2024<\/span><\/a><span>\u00a0, kdy demonstranti znovu po\u017eadovali demisi srbsk\u00e9 vl\u00e1dy a zablokovali ulice v B\u011blehrad\u011b.<\/span><\/p>\n<p><span>Pro EU to byla oboustrann\u011b v\u00fdhodn\u00e1 situace, proto\u017ee na jedn\u00e9 stran\u011b zajistila d\u016fle\u017eit\u00e9 z\u00e1soby lithia a na druh\u00e9 stran\u011b j\u00ed placen\u00e9 nevl\u00e1dn\u00ed organizace podn\u011bcovaly protesty proti t\u011b\u017eb\u011b lithia v nad\u011bji na svr\u017een\u00ed srbsk\u00e9 vl\u00e1dy, co\u017e\u00a0<\/span><a href=\"https:\/\/ria.ru\/20240811\/serbiya-1965516881.html\"><span>komentoval<\/span><\/a><span>\u00a0Vu\u010di\u010d na n\u00e1sledovn\u011b :<\/span><\/p>\n<p><em>\u201eMysl\u00ed si, \u017ee jsem hloup\u00fd, proto\u017ee nevid\u00ed, jak \u201anahlas\u2018 na Z\u00e1pad\u011b ml\u010d\u00ed, kdy\u017e se m\u011bli radovat z otev\u0159en\u00ed dol\u016f. Ne, n\u011bkte\u0159\u00ed lid\u00e9 si mysleli, \u017ee mohou zab\u00edt dv\u011b mouchy jednou ranou: zaprv\u00e9 dostat Vucice z cesty a zadruh\u00e9 si vyhradit pr\u00e1vo rozhodovat o Jadaritu.&#8220;<\/em><\/p>\n<h3 class=\"wp-block-heading\"><span style=\"font-size: 18pt;\">Sou\u010dasn\u00e9 protesty<\/span><\/h3>\n<p><span>1. listopadu se z\u0159\u00edtil baldach\u00fdn nov\u011b obnoven\u00e9ho vlakov\u00e9ho n\u00e1dra\u017e\u00ed ve m\u011bst\u011b Novi Sad a zabil 15 lid\u00ed. Ihned pot\u00e9 za\u010daly\u00a0<\/span><a href=\"https:\/\/www.spiegel.de\/ausland\/serbien-tausende-bei-schweigeprotesten-gegen-staatsfuehrung-a-91de343d-87bd-43c3-b9b6-f906f8b9c756\"><span>protesty<\/span><\/a><span>\u00a0proti vl\u00e1d\u011b znovu, tentokr\u00e1t kv\u016fli obvin\u011bn\u00ed z korupce. Podle zpr\u00e1v m\u00e9di\u00ed byl baldach\u00fdn jedinou \u010d\u00e1st\u00ed budovy, kter\u00e1 nebyla b\u011bhem restaurov\u00e1n\u00ed obnovena.<\/span><\/p>\n<p><span>Demonstranti po\u017eadovali potrest\u00e1n\u00ed vin\u00edk\u016f a postupem \u010dasu za\u010dali vzn\u00e1\u0161et \u010dty\u0159i po\u017eadavky: rezignaci premi\u00e9ra Vuceti\u0107e a starosty m\u011bsta Novi Sad, prozrazen\u00ed \u00fadajn\u011b existuj\u00edc\u00edch tajn\u00fdch dohod souvisej\u00edc\u00edch s obnovou n\u00e1dra\u017e\u00ed, okam\u017eit\u00e9 zat\u010den\u00ed v\u0161ech odpov\u011bdn\u00fdch, jako\u017e i propu\u0161t\u011bn\u00ed v\u0161ech zat\u010den\u00fdch b\u011bhem p\u0159edchoz\u00edch protest\u016f a kontrolu nad v\u0161emi infrastrukturn\u00edmi projekty vybudovan\u00fdmi v posledn\u00edch desetilet\u00edch.<\/span><\/p>\n<p><span>28. ledna srbsk\u00fd premi\u00e9r vyhov\u011bl po\u017eadavk\u016fm demonstrant\u016f a ozn\u00e1mil svou rezignaci. Z\u00e1padn\u00ed m\u00e9dia\u00a0<\/span><a href=\"https:\/\/www.spiegel.de\/ausland\/serbien-ministerpraesident-milos-vucevic-tritt-zurueck-a-b7bf7c0d-5fea-4ac6-a926-7fa5e8ec6bee\"><span>jako Der Spiegel<\/span><\/a><span>\u00a0zm\u00ednila skute\u010dnost, \u017ee premi\u00e9r ve sv\u00e9m prohl\u00e1\u0161en\u00ed uvedl, \u017ee protesty byly \u0159\u00edzeny ze zahrani\u010d\u00ed, p\u0159inejlep\u0161\u00edm mimochodem.<\/span><\/p>\n<p><span>Prezident Vu\u010di\u010d\u00a0to tak\u00e9\u00a0<\/span><a href=\"https:\/\/tass.ru\/mezhdunarodnaya-panorama\/23029831\"><span>uvedl 1. \u00fanora:<\/span><\/a><\/p>\n<p><em>\u201eNen\u00ed snadn\u00e9 \u0159\u00eddit zemi a rozhodovat se nez\u00e1visle a zodpov\u011bdn\u011b. \u010casto jsem \u0159\u00edkal, \u017ee pokud neposlouch\u00e1te rozkazy ciz\u00edch mocnost\u00ed, chcete-li v\u00e9st svou zemi svobodn\u011b, pokud budete \u010dinit sv\u00e1 vlastn\u00ed rozhodnut\u00ed v z\u00e1jmu sv\u00e9ho lidu a ne v z\u00e1jmu velmoc\u00ed, d\u0159\u00edve nebo pozd\u011bji p\u0159ijde okam\u017eik, kdy se pokus\u00ed v\u0161echno, aby t\u011b svrhli. Ale probl\u00e9m nen\u00ed v tom, \u017ee m\u011b cht\u011bj\u00ed sesadit. Probl\u00e9m je, \u017ee cht\u011bj\u00ed zni\u010dit Srbsko. A to, co jsme za\u017eili v posledn\u00edch m\u011bs\u00edc\u00edch, je p\u0159\u00edm\u00fd pokus ciz\u00edch zpravodajsk\u00fdch slu\u017eeb destabilizovat na\u0161i zemi.\u201c<\/em><\/p>\n<p><span>Mus\u00edme tedy zjistit, zda jde jen o pouh\u00e9 obvin\u011bn\u00ed, nebo zda m\u00e1 srbsk\u00e1 vl\u00e1da pr\u00e1vo obvi\u0148ovat Z\u00e1pad. Pod\u00edvejme se tedy na nevl\u00e1dn\u00ed organizace, kter\u00e9 protesty v Srbsku podporuj\u00ed a kdo je financuje a \u0159\u00edd\u00ed.<\/span><\/p>\n<h3 class=\"wp-block-heading\"><span style=\"font-size: 18pt;\">Centrum pro investigativn\u00ed \u017eurnalistiku<\/span><\/h3>\n<p><span>Jednou z nevl\u00e1dn\u00edch organizac\u00ed, kter\u00e1 protesty podporuje na sv\u00fdch webov\u00fdch str\u00e1nk\u00e1ch a\u00a0<\/span><a href=\"https:\/\/www.facebook.com\/cinserbia\/about_profile_transparency\"><span>na Facebooku<\/span><\/a><span>\u00a0a dal\u0161\u00edch soci\u00e1ln\u00edch s\u00edt\u00edch, je takzvan\u00e9 Srbsk\u00e9 centrum pro investigativn\u00ed \u017eurnalistiku. Na jejich\u00a0<\/span><a href=\"https:\/\/www.cins.rs\/\"><span>str\u00e1nk\u00e1ch<\/span><\/a><span>\u00a0se tak\u00e9 dozv\u00edte, kdo toto \u00fadajn\u011b nez\u00e1visl\u00e9 centrum financuje a tedy ovl\u00e1d\u00e1.<\/span><\/p>\n<p><span>Jmenuj\u00ed dv\u011b organizace. Jedn\u00edm z nich je Americk\u00e1\u00a0<\/span><a href=\"https:\/\/gijn.org\/membership\/gijn-global-network\/\"><span>glob\u00e1ln\u00ed s\u00ed\u0165 investigativn\u00ed \u017eurnalistiky (GIJN)<\/span><\/a><span>\u00a0, jej\u00ed\u017e dlouh\u00fd seznam \u010dlen\u016f je skute\u010dn\u00fdm, kdo je kdo ze z\u00e1padn\u00edho propagandistick\u00e9ho pr\u016fmyslu. Pat\u0159\u00ed mezi n\u011b\u00a0<\/span><a href=\"https:\/\/anti-spiegel.ru\/2022\/bellingcat-ein-weiteres-mal-als-instrument-westlicher-geheimdienste-enttarnt\/\"><span>Bellingcat<\/span><\/a><span>\u00a0,\u00a0<\/span><a href=\"https:\/\/anti-spiegel.ru\/2024\/warum-die-kampagne-gegen-rechts-erstens-orchestriert-und-zweitens-verlogen-ist\/\"><span>correctiv<\/span><\/a><span>\u00a0,\u00a0<\/span><a href=\"https:\/\/anti-spiegel.ru\/2021\/der-spiegel-meldet-russland-zerstoere-online-medien-was-steckt-dahinter\/\"><span>n-ost<\/span><\/a><span>\u00a0a OCCRP (o tom pozd\u011bji).\u00a0<\/span><a href=\"https:\/\/gijn.org\/about-us\/sponsors-and-supporters\/\"><span>GIJN je financov\u00e1na<\/span><\/a><span>\u00a0obvykl\u00fdmi podez\u0159el\u00fdmi z americk\u00fdch oligarchov\u00fdch nadac\u00ed, jako je Soros, jeho\u017e nadaci GIJN vyjad\u0159uje sv\u00e9 zvl\u00e1\u0161tn\u00ed pod\u011bkov\u00e1n\u00ed.<\/span><\/p>\n<p><span>Druhou s\u00edt\u00ed, kterou centrum na sv\u00e9m webu uv\u00e1d\u00ed jako partnera, je Projekt hl\u00e1\u0161en\u00ed organizovan\u00e9ho zlo\u010dinu a korupce (OCCRP). OCCRP byla zalo\u017eena v roce 2006 s c\u00edlem odhalovat organizovan\u00fd zlo\u010din a korupci. To zn\u00ed v\u00e1\u017en\u011b, ale poj\u010fme se pod\u00edvat, kdo to financuje.<\/span><\/p>\n<p><a href=\"https:\/\/www.occrp.org\/en\/about-us\/who-supports-our-work\"><span>Nen\u00ed divu, \u017ee seznam finan\u010dn\u00edk\u016f OCCRP<\/span><\/a><span>\u00a0op\u011bt zn\u00ed\u00a0jako kdo z koho transatlantick\u00fdch a z\u00e1padn\u00edch oligarchov\u00fdch nadac\u00ed specializovan\u00fdch na zm\u011bnu re\u017eimu a barevn\u00e9 revoluce. Mezi n\u011b pat\u0159\u00ed mimo jin\u00e9 britsk\u00e9, d\u00e1nsk\u00e9 a americk\u00e9 ministerstvo zahrani\u010d\u00ed, USAID, National Endowment for Democracy (NED), Rockefeller, Sigrid Lausen Trust a samoz\u0159ejm\u011b Open Society Foundation George Sorose. O OCCRP jsem ji\u017e podrobn\u011b informoval v jin\u00fdch souvislostech, p\u0159\u00edklad v\u010detn\u011b vysv\u011btlen\u00ed jeho finan\u010dn\u00edk\u016f najdete\u00a0<\/span><a href=\"https:\/\/anti-spiegel.ru\/2022\/neue-propaganda-offensive-im-spiegel-teil-1\/\"><span>zde<\/span><\/a><span>\u00a0.<\/span><\/p>\n<p><span>Kdy\u017e srbsk\u00e1 vl\u00e1da obvin\u00ed Centrum pro investigativn\u00ed \u017eurnalistiku, \u017ee je \u0159\u00edzeno Z\u00e1padem, lze to jen st\u011b\u017e\u00ed odm\u00edtnout.<\/span><\/p>\n<h3 class=\"wp-block-heading\"><span style=\"font-size: 18pt;\">KRIK<\/span><\/h3>\n<p><span>Dal\u0161\u00ed srbskou nevl\u00e1dn\u00ed organizac\u00ed podporuj\u00edc\u00ed protesty na sv\u00e9 stran\u011b je\u00a0<\/span><a href=\"https:\/\/www.krik.rs\/\"><span>KRIK<\/span><\/a><span>\u00a0, kter\u00e1 si \u0159\u00edk\u00e1 \u201eCrime and Corruption Reporting Network\u201c. Siln\u011b tak\u00e9 podporuj\u00ed protesty proti srbsk\u00e9 vl\u00e1d\u011b.\u00a0<\/span><a href=\"https:\/\/www.krik.rs\/en\/about-us\/\"><span>KRIK tak\u00e9 na sv\u00fdch webov\u00fdch str\u00e1nk\u00e1ch uv\u00e1d\u00ed<\/span><\/a><span>\u00a0jako partnery OCCRP\u00a0, stejn\u011b jako National Endowment for Democracy (NED), Open Society Foundations, Rockefeller Brothers Fund, Civil Rights Defenders, Heinrich B\u00f6ll Foundation of the Greens a EU.<\/span><\/p>\n<p><a href=\"https:\/\/anti-spiegel.ru\/2025\/die-von-trump-angeordnete-aussetzung-der-finanzierung-von-programme-im-ausland-zeigt-in-der-ukraine-wirkung\/\"><span>USAID<\/span><\/a><span>\u00a0je americk\u00e1 vl\u00e1dn\u00ed agentura, jej\u00edm\u017e ofici\u00e1ln\u00edm posl\u00e1n\u00edm je otev\u0159\u00edt americk\u00e9 korporace trhy a p\u0159\u00edstup k p\u0159\u00edrodn\u00edm zdroj\u016fm v jin\u00fdch zem\u00edch. Za t\u00edmto \u00fa\u010delem m\u00e1 USAID ro\u010dn\u00ed rozpo\u010det ve v\u00fd\u0161i miliard dolar\u016f na financov\u00e1n\u00ed \u201enez\u00e1visl\u00fdch m\u00e9di\u00ed\u201c, kter\u00e1 podporuj\u00ed politiku USA. Pr\u00e1v\u011b jsem o tom informoval v souvislosti s Ukrajinou.<\/span><\/p>\n<p><span>National\u00a0<\/span><a href=\"https:\/\/anti-spiegel.ru\/2021\/ein-telefonat-zeigt-wie-die-regimechange-spezialisten-der-us-regierung-arbeiten\/\"><span>Endowment for Democracy (NED)<\/span><\/a><span>\u00a0je organizace zalo\u017een\u00e1, financovan\u00e1 a \u0159\u00edzen\u00e1 vl\u00e1dou USA za \u00fa\u010delem prov\u00e1d\u011bn\u00ed proamerick\u00fdch p\u0159evrat\u016f v jin\u00fdch zem\u00edch. Zakladatel NED \u0159ekl v\u00a0<\/span><a href=\"https:\/\/www.washingtonpost.com\/archive\/opinions\/1991\/09\/22\/innocence-abroad-the-new-world-of-spyless-coups\/92bb989a-de6e-4bb8-99b9-462c76b59a16\/\"><span>rozhovoru<\/span><\/a><span>\u00a0na po\u010d\u00e1tku 90. let\u00a0, \u017ee NED d\u011blal \u201eto, co CIA skryt\u011b d\u011blala p\u0159ed 25 lety\u201c, toti\u017e organizoval proamerick\u00e9 p\u0159evraty.<\/span><\/p>\n<p><span>I v p\u0159\u00edpad\u011b KRIK je t\u011b\u017ek\u00e9 rozporovat na\u0159\u010den\u00ed srbsk\u00e9 vl\u00e1dy, \u017ee organizace je \u0159\u00edzena ze Z\u00e1padu, zvl\u00e1\u0161t\u011b kdy\u017e KRIK v\u00fdslovn\u011b zmi\u0148uje USAID a NED, kter\u00e9 se specializuj\u00ed na organizov\u00e1n\u00ed proamerick\u00fdch p\u0159evrat\u016f.<\/span><\/p>\n<h3 class=\"wp-block-heading\"><span style=\"font-size: 18pt;\">BIRN<\/span><\/h3>\n<p><span>Dal\u0161\u00ed nevl\u00e1dn\u00ed organizac\u00ed, kterou srbsk\u00e1 vl\u00e1da obvi\u0148uje z podpory protest\u016f, je BIRN, kter\u00e1 si \u0159\u00edk\u00e1 \u201eBalkan Investigative Reporting Network\u201c. Seznam\u00a0<\/span><a href=\"https:\/\/birn.eu.com\/about-birn\/partners\/\"><span>jejich partner\u016f<\/span><\/a><span>\u00a0je velmi dlouh\u00fd a zahrnuje KRIK, GIJN, ukrajinskou rozhlasovou stanici Hromadskoe, kter\u00e1 byla zalo\u017eena speci\u00e1ln\u011b pro Majdan ze zahrani\u010dn\u00edch pen\u011bz, Istinomer (o tom pozd\u011bji) a r\u016fzn\u00e1 z\u00e1padn\u00ed m\u00e9dia jako BBC nebo US st\u00e1tn\u00ed vys\u00edlac\u00ed stanice Hlas Ameriky.<\/span><\/p>\n<p><a href=\"https:\/\/birn.eu.com\/about-birn\/donors\/\"><span>Seznam finan\u010dn\u00edk\u016f BIRN<\/span><\/a><span>\u00a0je tak\u00e9\u00a0velmi dlouh\u00fd a zahrnuje mimo jin\u00e9 britsk\u00e9, nizozemsk\u00e9, norsk\u00e9, lucembursk\u00e9, \u0161v\u00e9dsk\u00e9 a americk\u00e9 velvyslanectv\u00ed, EU, Freedom House, Nadaci Konrada Adenauera, samoz\u0159ejm\u011b op\u011bt NED a USAID, Sorose a Rockefellera. .<\/span><\/p>\n<p><span>BIRN je tak\u00e9 organizace, kter\u00e1 je kompletn\u011b financov\u00e1na a kontrolov\u00e1na Z\u00e1padem.<\/span><\/p>\n<h3 class=\"wp-block-heading\"><span style=\"font-size: 18pt;\">CRTA<\/span><\/h3>\n<p><span>Dal\u0161\u00ed nevl\u00e1dn\u00ed organizac\u00ed podporuj\u00edc\u00ed protesty na sv\u00e9 stran\u011b je CRTA, kter\u00e1 se naz\u00fdv\u00e1 \u201eCentrem pro v\u00fdzkum, transparentnost a odpov\u011bdnost\u201c.\u00a0<\/span><a href=\"https:\/\/crta.rs\/en\/about-us\/\"><span>CRTA uv\u00e1d\u00ed<\/span><\/a><span>\u00a0jako partnery\u00a0\u0160v\u00e9dsko, Kanadu, Velkou Brit\u00e1nii, Rockefellera a samoz\u0159ejm\u011b USAID a NED .<\/span><\/p>\n<p><span>Opakuji se, ale CRTA je tak\u00e9 organizace kompletn\u011b financovan\u00e1 a kontrolovan\u00e1 Z\u00e1padem.<\/span><\/p>\n<h3 class=\"wp-block-heading\"><span style=\"font-size: 18pt;\">Istinomer<\/span><\/h3>\n<p><span>Dal\u0161\u00ed nevl\u00e1dn\u00ed organizac\u00ed, kterou srbsk\u00e1 vl\u00e1da obvi\u0148uje z podpory protest\u016f, je\u00a0<\/span><a href=\"https:\/\/www.istinomer.rs\/\"><span>Istinomer<\/span><\/a><span>\u00a0, kter\u00fd si \u0159\u00edk\u00e1 \u201eov\u011b\u0159ova\u010de fakt\u016f\u201c.\u00a0<\/span><a href=\"https:\/\/english.istinomer.rs\/about\/\"><span>Istinomer na sv\u00e9m webu<\/span><\/a><span>\u00a0uv\u00e1d\u00ed EU pouze jako finan\u010dn\u00edka, ale tvrd\u00ed, \u017ee nemus\u00ed nutn\u011b p\u0159edstavovat postoje EU.<\/span><\/p>\n<p><span>Istinomer na sv\u00fdch str\u00e1nk\u00e1ch uv\u00e1d\u00ed jako partnera \u201eEuropean Fact Checker Network\u201c EFCSN, kter\u00e1\u00a0<\/span><a href=\"https:\/\/members.efcsn.com\/signatories\"><span>sdru\u017euje dlouhou \u0159adu samozvan\u00fdch fact checker\u016f<\/span><\/a><span>\u00a0a kter\u00e1 je\u00a0<\/span><a href=\"https:\/\/efcsn.com\/\"><span>dle vlastn\u00edch informac\u00ed<\/span><\/a><span>\u00a0financov\u00e1na v\u00fdhradn\u011b Evropskou komis\u00ed.<\/span><\/p>\n<p><span>Druh\u00fdm partnerem, kter\u00e9ho Istinomer zmi\u0148uje, je\u00a0<\/span><a href=\"https:\/\/ifcncodeofprinciples.poynter.org\/signatories\"><span>Poynter\u016fv program IFCN<\/span><\/a><span>\u00a0, kter\u00fd s\u00e1m sebe popisuje jako glob\u00e1ln\u00ed zast\u0159e\u0161uj\u00edc\u00ed organizaci pro samozvan\u00e9 ov\u011b\u0159ova\u010de fakt\u016f. \u010casto jsem o tom informoval a o Poynterov\u011b financov\u00e1n\u00ed, kter\u00e9 op\u011bt poch\u00e1z\u00ed od ji\u017e zm\u00edn\u011bn\u00fdch obvykl\u00fdch podez\u0159el\u00fdch. Velmi zaj\u00edmav\u00e9 podrobnosti o tom, kdo na Z\u00e1pad\u011b rozhoduje, s \u010d\u00edmi pen\u011bzi, co jsou \u201efakta\u201c a co jsou \u201efejky\u201c, najdete\u00a0<\/span><a href=\"https:\/\/anti-spiegel.ru\/2022\/die-macht-des-bill-gates-teil-4-gekaufte-faktenchecker\/\"><span>zde<\/span><\/a><span>\u00a0.<\/span><\/p>\n<p><span>S rizikem, \u017ee se opakov\u00e1n\u00ed stane nudn\u00fdm, je Istinomer tak\u00e9 organizac\u00ed zcela financovanou a kontrolovanou Z\u00e1padem.<\/span><\/p>\n<h3 class=\"wp-block-heading\"><span style=\"font-size: 18pt;\">Z\u00e1v\u011br<\/span><\/h3>\n<p><span>Seznam nevl\u00e1dn\u00edch organizac\u00ed obvi\u0148uj\u00edc\u00edch srbskou vl\u00e1du z toho, \u017ee stoj\u00ed za protesty v Srbsku a pl\u00e1nuje barevnou revoluci, pokra\u010duje d\u00e1l a d\u00e1l a v\u017edy se objev\u00ed stejn\u00fd vzorec.<\/span><\/p>\n<p><span>Toto je dob\u0159e zn\u00e1m\u00fd vzorec Z\u00e1padu, kter\u00fd uv\u00e1d\u00ed ve\u0159ejnost v omyl: existuje obrovsk\u00e9 mno\u017estv\u00ed odborn\u00edk\u016f, blogger\u016f, influencer\u016f, m\u00e9di\u00ed, nevl\u00e1dn\u00edch organizac\u00ed a tak d\u00e1le, v\u0161ichni maj\u00ed stejn\u00fd n\u00e1zor a takov\u00ed lid\u00e9 jsou m\u00e1 tendenci se p\u0159ipojit k takov\u00e9 jasn\u00e9 v\u011bt\u0161in\u011b a v\u011b\u0159it, \u017ee jejich p\u0159\u00edb\u011bhy jsou pravdiv\u00e9.<\/span><\/p>\n<p><span>Ve\u0159ejnost nemus\u00ed v\u011bd\u011bt, \u017ee za t\u00edmto obrovsk\u00fdm po\u010dtem je ve skute\u010dnosti v\u017edy stejn\u00fd, velmi mal\u00fd po\u010det finan\u010dn\u00edk\u016f sest\u00e1vaj\u00edc\u00edch ze z\u00e1padn\u00edch st\u00e1t\u016f a z\u00e1padn\u00edch nevl\u00e1dn\u00edch organizac\u00ed a nadac\u00ed.<\/span><\/p>\n<p><span>Srbsk\u00fd prezident Vu\u010di\u010d ned\u00e1vno\u00a0<\/span><a href=\"https:\/\/t.me\/rtbalkan_ru\/3978\"><span>komentoval<\/span><\/a><span>\u00a0ud\u00e1losti takto :<\/span><\/p>\n<p><em>\u201eT\u0159i dny jsem zji\u0161\u0165oval, kolik pen\u011bz se u n\u00e1s d\u00e1v\u00e1 r\u016fzn\u00fdm neziskov\u00fdm organizac\u00edm \u2013 to jsou rekordn\u00ed \u010d\u00e1stky. Dokonce jsem v \u017eertu navrhl jejich pou\u017eit\u00ed jako p\u0159\u00edm\u00e9 zahrani\u010dn\u00ed investice.\u201c<\/em><\/p>\n<p><span>To ostatn\u011b pozn\u00e1te i z pou\u017eit\u00fdch symbol\u016f, proto\u017ee jsou prakticky v\u017edy stejn\u00e9, jak jsem\u00a0uk\u00e1zal\u00a0<\/span><a href=\"https:\/\/anti-spiegel.com\/2020\/am-beispiel-der-rassenunruhen-wie-leicht-proteste-gesteuert-werden-koennen\/\"><span>zde<\/span><\/a><span>\u00a0. Je to bu\u010f za\u0165at\u00e1 p\u011bst, nebo od pokusu o p\u0159evrat Guaid\u00f3 ve Venezuele otev\u0159en\u00e1 ruka. Tak to aktu\u00e1ln\u011b vypad\u00e1 v Srbsku.<\/span><\/p>\n<figure class=\"wp-block-image size-full\"><img decoding=\"async\" loading=\"lazy\" class=\"wp-image-47954 aligncenter\" src=\"https:\/\/anti-spiegel.ru\/wp-content\/uploads\/2025\/02\/serbien-farb2.jpeg\" sizes=\"(max-width: 1080px) 100vw, 1080px\" srcset=\"https:\/\/anti-spiegel.ru\/wp-content\/uploads\/2025\/02\/serbien-farb2.jpeg 1080w, https:\/\/anti-spiegel.ru\/wp-content\/uploads\/2025\/02\/serbien-farb2-768x432.jpeg 768w, https:\/\/anti-spiegel.ru\/wp-content\/uploads\/2025\/02\/serbien-farb2-150x84.jpeg 150w, https:\/\/anti-spiegel.ru\/wp-content\/uploads\/2025\/02\/serbien-farb2-300x169.jpeg 300w, https:\/\/anti-spiegel.ru\/wp-content\/uploads\/2025\/02\/serbien-farb2-1024x576.jpeg 1024w\" alt=\"\" width=\"966\" height=\"544\" \/><\/figure>\n<p><span>Ve Venezuele vypadal symbol p\u0159ed n\u011bkolika lety takto:<\/span><\/p>\n<figure class=\"wp-block-image size-full\"><img decoding=\"async\" loading=\"lazy\" class=\"wp-image-8593 aligncenter\" src=\"https:\/\/anti-spiegel.ru\/wp-content\/uploads\/2020\/06\/otpor-venezuela.png\" alt=\"\" width=\"468\" height=\"459\" \/><\/figure>\n<p><strong><span>Dodatek:<\/span><\/strong><span>\u00a0Vzhledem k ot\u00e1zk\u00e1m v koment\u00e1\u0159\u00edch k tomuto \u010dl\u00e1nku, pro\u010d Srbsko jednodu\u0161e nereguluje pr\u00e1ci t\u011bchto nevl\u00e1dn\u00edch organizac\u00ed z\u00e1konem o zahrani\u010dn\u00edch agentech, jak to ud\u011blala Gruzie, nebo je prost\u011b \u00fapln\u011b nezak\u00e1\u017ee, doporu\u010dujeme pod\u00edvat se na mapu . Gruzie si to m\u016f\u017ee dovolit, Srbsko ne. Srbsko je vnitrozemsk\u00e1 zem\u011b obklopen\u00e1 zem\u011bmi NATO a EU, zat\u00edmco Gruzie m\u00e1 p\u0159\u00edstup k mo\u0159i a sousedn\u00edm zem\u00edm, kter\u00e9 cht\u011bj\u00ed s Gruzi\u00ed obchodovat a nejsou pod z\u00e1\u0161titou Evropsk\u00e9 komise.<\/span><\/p>\n<p><span>Evropsk\u00e1 komise by byla jen r\u00e1da, kdyby m\u011bla p\u0159\u00edle\u017eitost proti t\u011bmto nevl\u00e1dn\u00edm organizac\u00edm zakro\u010dit a u\u0161krtit Srbsko sankcemi. A Srbsko s t\u00edm nemohlo nic d\u011blat, proto\u017ee nem\u00e1 p\u0159\u00edstup k mo\u0159i a bylo by de facto zablokov\u00e1no sv\u00fdmi sankcemi ze strany soused\u016f z EU a NATO.<\/span><\/p>\n<p><a href=\"https:\/\/anti-spiegel.ru\/2025\/der-westen-zuendelt-wieder-in-serbien\/\">Thomas R\u00f6per<\/a><\/p>\n<p><img decoding=\"async\" loading=\"lazy\" class=\"alignnone  wp-image-22016\" src=\"http:\/\/www.infokuryr.cz\/n\/wp-content\/uploads\/2023\/01\/Thomas-Roper-298x300.jpg\" alt=\"\" width=\"175\" height=\"176\" srcset=\"https:\/\/www.infokuryr.cz\/n\/wp-content\/uploads\/2023\/01\/Thomas-Roper-298x300.jpg 298w, https:\/\/www.infokuryr.cz\/n\/wp-content\/uploads\/2023\/01\/Thomas-Roper-150x150.jpg 150w, https:\/\/www.infokuryr.cz\/n\/wp-content\/uploads\/2023\/01\/Thomas-Roper.jpg 596w\" sizes=\"(max-width: 175px) 100vw, 175px\" \/><\/p>\n<p>&nbsp;<\/p>\n","protected":false},"excerpt":{"rendered":"<p>V Srbsku prob\u00edhaj\u00ed nepokoje a srbsk\u00e1 vl\u00e1da tvrd\u00ed, \u017ee jsou organizov\u00e1ny a financov\u00e1ny ze zahrani\u010d\u00ed&#8230;.<\/p>\n","protected":false},"author":2,"featured_media":71403,"comment_status":"closed","ping_status":"closed","sticky":false,"template":"","format":"standard","meta":[],"categories":[7],"tags":[1042,8531,95,139,365],"_links":{"self":[{"href":"https:\/\/www.infokuryr.cz\/n\/wp-json\/wp\/v2\/posts\/71402"}],"collection":[{"href":"https:\/\/www.infokuryr.cz\/n\/wp-json\/wp\/v2\/posts"}],"about":[{"href":"https:\/\/www.infokuryr.cz\/n\/wp-json\/wp\/v2\/types\/post"}],"author":[{"embeddable":true,"href":"https:\/\/www.infokuryr.cz\/n\/wp-json\/wp\/v2\/users\/2"}],"replies":[{"embeddable":true,"href":"https:\/\/www.infokuryr.cz\/n\/wp-json\/wp\/v2\/comments?post=71402"}],"version-history":[{"count":0,"href":"https:\/\/www.infokuryr.cz\/n\/wp-json\/wp\/v2\/posts\/71402\/revisions"}],"wp:featuredmedia":[{"embeddable":true,"href":"https:\/\/www.infokuryr.cz\/n\/wp-json\/wp\/v2\/media\/71403"}],"wp:attachment":[{"href":"https:\/\/www.infokuryr.cz\/n\/wp-json\/wp\/v2\/media?parent=71402"}],"wp:term":[{"taxonomy":"category","embeddable":true,"href":"https:\/\/www.infokuryr.cz\/n\/wp-json\/wp\/v2\/categories?post=71402"},{"taxonomy":"post_tag","embeddable":true,"href":"https:\/\/www.infokuryr.cz\/n\/wp-json\/wp\/v2\/tags?post=71402"}],"curies":[{"name":"wp","href":"https:\/\/api.w.org\/{rel}","templated":true}]}}