{"id":71346,"date":"2025-02-01T05:58:57","date_gmt":"2025-02-01T04:58:57","guid":{"rendered":"https:\/\/www.infokuryr.cz\/n\/?p=71346"},"modified":"2025-02-01T06:19:35","modified_gmt":"2025-02-01T05:19:35","slug":"protesty-a-nepokoje-na-slovensku-silove-zajistuje-gruzinska-narodni-legie","status":"publish","type":"post","link":"https:\/\/www.infokuryr.cz\/n\/2025\/02\/01\/protesty-a-nepokoje-na-slovensku-silove-zajistuje-gruzinska-narodni-legie\/","title":{"rendered":"Protesty a nepokoje na Slovensku silov\u011b zaji\u0161\u0165uje Gruz\u00ednsk\u00e1 n\u00e1rodn\u00ed legie&#8230;"},"content":{"rendered":"<div id=\"fb-root\"><\/div>\n<h4>Protesty a nepokoje na Slovensku silov\u011b zaji\u0161\u0165uje Gruz\u00ednsk\u00e1 n\u00e1rodn\u00ed legie designovan\u00e1 v Rusku jako teroristick\u00e1 organizace pod velen\u00edm ukrajinsk\u00e9 vojensk\u00e9 rozv\u011bdky GUR Kyrylo Budanova! A komisa\u0159 z Bruselu pohrozil, \u017ee ochrana svazku mu\u017ee a \u017eeny ve slovensk\u00e9 \u00dastav\u011b nebude nikdy nad\u0159azena evropsk\u00e9 legislativ\u011b!<\/h4>\n<p>Slovensko se stalo ter\u010dem a c\u00edlem nep\u0159\u00e1telsk\u00e9 operace ukrajinsk\u00e9 vojensk\u00e9 rozv\u011bdky (GUR) pod velen\u00edm Kyrylo Budanova, b\u011bhem kter\u00e9 m\u011bli b\u00fdt pou\u017eiti oper\u00e1to\u0159i Gruz\u00ednsk\u00e9 n\u00e1rodn\u00ed legie (GNL), kter\u00e1 je v Rusku designov\u00e1na jako teroristick\u00e1 organizace\u00a0<strong>[<a href=\"https:\/\/href.li\/?https:\/\/ria.ru\/20250131\/fitso-1996614947.html\" target=\"_blank\" rel=\"nofollow noopener\">1<\/a>]<\/strong>. Slovensk\u00e1 tajn\u00e1 slu\u017eba (SIS) a dal\u0161\u00ed bezpe\u010dnostn\u00ed org\u00e1ny zadr\u017eely osoby, kter\u00e9 se pod\u00edlely na p\u0159\u00edprav\u011b st\u00e1tn\u00edho p\u0159evratu a za\u017eehnut\u00ed ob\u010dansk\u00fdch nepokoj\u016f a protest\u016f, jen\u017e m\u011bly p\u0159ej\u00edt v n\u00e1siln\u00fd protest organiza\u010dn\u011b a bojov\u011b zabezpe\u010den\u00fd ukrajinskou GUR a p\u0159\u00edmo bojovn\u00edky Gruz\u00ednsk\u00e9 n\u00e1rodn\u00ed legie. V \u010dele operace stoj\u00ed velitel legie\u00a0Mamuk Mamula\u0161vili.<\/p>\n<p>&nbsp;<\/p>\n<div id=\"rumble_v6d886a\">\n<div id=\"vid_v6d886a\" class=\"rumble_v6d886a-Rumble-cls\" tabindex=\"-1\">\n<div class=\"bigPlayUI ctp\">\n<div class='videoWrapper'>\r\n\t            <iframe src='https:\/\/rumble.com\/embed\/pj.v6d886a\/' frameborder='0' allowfullscreen><\/iframe>\r\n\t        <\/div>\n<div class=\"bigPlayUIInner ctp\"><\/div>\n<\/div>\n<\/div>\n<\/div>\n<p>&nbsp;<\/p>\n<p>Situace je ale mnohem dramati\u010dt\u011bj\u0161\u00ed. Slovensk\u00e1 tajn\u00e1 slu\u017eba z\u00edskala d\u016fkazy v\u010detn\u011b fotografi\u00ed, na kter\u00fdch\u00a0<strong>Mamuk Mamula\u0161vili p\u00f3zuje s Milanem \u0160ime\u010dkou, tedy s otcem Michala \u0160ime\u010dky, kter\u00fd je p\u0159edsedou nejsiln\u011bj\u0161\u00ed opozi\u010dn\u00ed strany Progresivn\u00ed Slovensko.<\/strong>\u00a0Mamula\u0161vili se rovn\u011b\u017e vyfotil i s\u00a0Luci\u00ed \u0160tasselovou, kter\u00e1 p\u016fsob\u00ed v neziskov\u00e9 organizaci\u00a0<em>M\u00edr Ukrajin\u011b<\/em>, kter\u00e1 je po\u0159adatelem protest\u016f na Slovensku.<\/p>\n<p>Tyto d\u016fkazy potvrzuj\u00ed, \u017ee na Slovensku byl pl\u00e1nov\u00e1n nejen st\u00e1tn\u00ed p\u0159evrat, ale n\u00e1siln\u00fd p\u0159evrat za pou\u017eit\u00ed zbran\u00ed, proto\u017ee oper\u00e1to\u0159i Gruz\u00ednsk\u00e9 n\u00e1rodn\u00ed legie by ur\u010dit\u011b nep\u0159ijeli na Slovensko nalehko a ur\u010dit\u011b v n\u011bjak\u00e9 f\u00e1zi nepokoj\u016f m\u011bli dostat do ruky zbran\u011b. P\u0159itom do EU se nov\u011b zbran\u011b pa\u0161uj\u00ed pomoc\u00ed dron\u016f, kter\u00e9 p\u0159el\u00e9taj\u00ed v noci p\u0159es Schengenskou hranici, jak n\u00e1s do redakce informovalo hned n\u011bkolik \u010dten\u00e1\u0159\u016f sezn\u00e1men\u00fdch se situac\u00ed na polsk\u00fdch hranic\u00edch.<\/p>\n<h6><span style=\"font-size: 18pt;\">P\u0159evrat na Slovensku m\u011bl b\u00fdt podle v\u0161eho nejen n\u00e1siln\u00fd, ale i ozbrojen\u00fd<\/span><\/h6>\n<p>K p\u0159enosu zbran\u00ed z Ukrajiny do EU se pou\u017e\u00edvaj\u00ed ukrajinsk\u00e9 t\u011b\u017ek\u00e9 drony\u00a0<em>Baba Yaga<\/em>, kter\u00e9 maj\u00ed nosnost a\u017e 50 kg v posledn\u00edch \u00faprav\u00e1ch s nov\u00fdmi motory a vrtulemi zachycen\u00e9 rusk\u00fdmi REB oper\u00e1tory v Kursk\u00e9 oblasti. Stejn\u011b tak na\u00a0<em>Darknetu<\/em>\u00a0se objevuje z\u00e1plava zbran\u00ed z Ukrajiny, kter\u00e9 se dopravuj\u00ed p\u0159es plot Schengenu mezi Ukrajinou a obvykle Polskem pomoc\u00ed t\u011b\u017ek\u00fdch ukrajinsk\u00fdch dron\u016f.<\/p>\n<p>Ale nen\u00ed vylou\u010deno, \u017ee tyto z\u00e1sobovac\u00ed lety \u010dern\u00e9ho trhu prob\u00edhaj\u00ed i na hranici dal\u0161\u00edch zem\u00ed EU, se kter\u00fdmi Ukrajina soused\u00ed.\u00a0<strong>Rozvoj t\u011b\u017ek\u00fdch n\u00e1kladn\u00edch dron\u016f je dnes v podstat\u011b hlavn\u00edm zdrojem p\u0159\u00edjm\u016f tzv. Lvovsk\u00e9 a rovn\u011b\u017e Dn\u011bpropetrovsk\u00e9 mafie, kter\u00e1 se z obchodu z drog p\u0159eorientovala na obchod se zbran\u011bmi<\/strong>, kter\u00e9 se nyn\u00ed snadno a bezpe\u010dn\u011b dopravuj\u00ed k z\u00e1kazn\u00edk\u016fm do EU vzduchem pomoc\u00ed t\u011bchto velk\u00fdch dron\u016f.<\/p>\n<figure id=\"attachment_62522\" class=\"wp-caption aligncenter\" style=\"width: 684px;\"><a href=\"https:\/\/aeronet.news\/wp-content\/uploads\/MamukMamulasviliFeat.jpg\"><img decoding=\"async\" loading=\"lazy\" class=\"wp-image-62522 \" src=\"https:\/\/aeronet.news\/wp-content\/uploads\/MamukMamulasviliFeat-1024x575.jpg\" sizes=\"(max-width: 700px) 100vw, 700px\" srcset=\"https:\/\/aeronet.news\/wp-content\/uploads\/MamukMamulasviliFeat-1024x575.jpg 1024w, https:\/\/aeronet.news\/wp-content\/uploads\/MamukMamulasviliFeat-300x169.jpg 300w, https:\/\/aeronet.news\/wp-content\/uploads\/MamukMamulasviliFeat-768x431.jpg 768w, https:\/\/aeronet.news\/wp-content\/uploads\/MamukMamulasviliFeat-700x393.jpg 700w, https:\/\/aeronet.news\/wp-content\/uploads\/MamukMamulasviliFeat-636x357.jpg 636w, https:\/\/aeronet.news\/wp-content\/uploads\/MamukMamulasviliFeat-860x483.jpg 860w, https:\/\/aeronet.news\/wp-content\/uploads\/MamukMamulasviliFeat.jpg 1280w\" alt=\"\" width=\"684\" height=\"384\" \/><\/a><figcaption class=\"wp-caption-text\">Mamuk Mamula\u0161vili<\/figcaption><\/figure>\n<p>Je proto prakticky jist\u00e9, \u017ee Gruz\u00ednsk\u00e1 n\u00e1rodn\u00ed legie m\u00e1 n\u011bkde na Slovensku skr\u00fd\u0161 se zbran\u011bmi, proto\u017ee i podle rusk\u00fdch bezpe\u010dnostn\u00edch analytik\u016f je naprosto vylou\u010den\u00e9, \u017ee zabij\u00e1ci z GNL by chystali na Slovensku akci nalehko a jen jako p\u0159\u00e1telskou n\u00e1v\u0161t\u011bvu a \u010daj\u00ed\u010dek s p\u0159\u00e1teli. Podle rusk\u00fdch novin\u00e1\u0159\u016f byl sc\u00e9n\u00e1\u0159 ud\u00e1lost\u00ed na Slovensko n\u00e1sledovn\u00fd: Slovensk\u00e1 opozice spole\u010dn\u011b s neziskovkou\u00a0<em>M\u00edr Ukrajin\u011b<\/em>\u00a0m\u011bli rozpoutat na Slovensku n\u011bkolikat\u00fddenn\u00ed protesty a nepokoje, kter\u00e9 by nejen nepolevovaly, ale nav\u00edc by eskalovaly a vyost\u0159ovaly se.<\/p>\n<h6><span style=\"font-size: 18pt;\">Palba gruz\u00ednsk\u00fdch \u017eold\u00e1k\u016f maskovan\u00fdch za policisty do lid\u00ed a ob\u011bti v potoc\u00edch krve pro p\u0159\u00edpad, \u017ee by Fico necht\u011bl rezignovat<\/span><\/h6>\n<p>Zhruba po 6 t\u00fddnech protest\u016f m\u011blo doj\u00edt k vyvol\u00e1n\u00ed st\u0159etu protestuj\u00edc\u00edch s po\u0159\u00e1dkov\u00fdmi jednotkami a s polici\u00ed, b\u011bhem kter\u00e9ho by do\u0161lo bu\u010f k hromadn\u00e9mu zran\u011bn\u00ed n\u011bkolika osob, anebo ke smrti vybran\u00e9ho \u010dlov\u011bka, tedy\u00a0<em>volavky<\/em>.\u00a0<strong>Po t\u00e9to ud\u00e1losti by byla vyvol\u00e1na gener\u00e1ln\u00ed st\u00e1vka a demonstruj\u00edc\u00ed by se pokusili dostat k budov\u011b vl\u00e1dy, k ministerstvu vnitra a rovn\u011b\u017e obrany, kde by do\u0161lo k p\u0159evzet\u00ed moci.<\/strong>\u00a0Pr\u016fniky do budov by zajistili v t\u00e9 dob\u011b ji\u017e ozbrojen\u00ed \u017eold\u00e1ci Gruz\u00ednsk\u00e9 n\u00e1rodn\u00ed legie.<\/p>\n<figure id=\"attachment_62520\" class=\"wp-caption aligncenter\" style=\"width: 688px;\"><a href=\"https:\/\/aeronet.news\/wp-content\/uploads\/MilanSimeckaMamuk.jpg\"><img decoding=\"async\" loading=\"lazy\" class=\"wp-image-62520 \" src=\"https:\/\/aeronet.news\/wp-content\/uploads\/MilanSimeckaMamuk-1024x575.jpg\" sizes=\"(max-width: 700px) 100vw, 700px\" srcset=\"https:\/\/aeronet.news\/wp-content\/uploads\/MilanSimeckaMamuk-1024x575.jpg 1024w, https:\/\/aeronet.news\/wp-content\/uploads\/MilanSimeckaMamuk-300x169.jpg 300w, https:\/\/aeronet.news\/wp-content\/uploads\/MilanSimeckaMamuk-768x431.jpg 768w, https:\/\/aeronet.news\/wp-content\/uploads\/MilanSimeckaMamuk-700x393.jpg 700w, https:\/\/aeronet.news\/wp-content\/uploads\/MilanSimeckaMamuk-636x357.jpg 636w, https:\/\/aeronet.news\/wp-content\/uploads\/MilanSimeckaMamuk-860x483.jpg 860w, https:\/\/aeronet.news\/wp-content\/uploads\/MilanSimeckaMamuk.jpg 1280w\" alt=\"\" width=\"688\" height=\"386\" \/><\/a><figcaption class=\"wp-caption-text\">Spole\u010dn\u00e9 foto: Vlevo v krou\u017eku Milan \u0160ime\u010dka, vpravo v krou\u017eku Mamuk Mamula\u0161vili<\/figcaption><\/figure>\n<p>Opozice by za\u010dala do sv\u011bta \u0161\u00ed\u0159it zpr\u00e1vu, \u017ee Ficova vl\u00e1da za\u010dala st\u0159\u00edlet do lid\u00ed. Ve skute\u010dnosti by \u0161lo o palbu p\u0159\u00edslu\u0161n\u00edk\u016f GNL a m\u00e9dia ve sv\u011bt\u011b by zpr\u00e1vu okam\u017eit\u011b p\u0159evzala. Tyto informace de facto stahuj\u00ed smy\u010dku okolo slovensk\u00e9 opozice a neziskov\u00e9ho sektoru, kter\u00fd se z\u0159ejm\u011b opravdu chystal k proveden\u00ed st\u00e1tn\u00edho p\u0159evratu pomoc\u00ed nepokoj\u016f a ozbrojen\u00e9ho n\u00e1sil\u00ed.<\/p>\n<p>A to zaji\u0161t\u011bn\u00e9ho bojovn\u00edky GNL s c\u00edlem vyeskalovat protesty do krveprolit\u00ed, kter\u00e9 ale bude d\u00e1no za vinu vl\u00e1d\u011b a bezpe\u010dnostn\u00edm slo\u017ek\u00e1m. Je jasn\u00e9, \u017ee opozice si spo\u010d\u00edtala, \u017ee tentokr\u00e1t jen pouli\u010dn\u00ed protesty na svalen\u00ed Ficovy vl\u00e1dy neposta\u010d\u00ed, \u017ee prost\u011b tak snadno jako v roce 2018 to nep\u016fjde.<\/p>\n<h6><span style=\"font-size: 18pt;\">Ukrajina se dopustila agrese a v\u00e1le\u010dn\u00e9ho aktu proti Slovensku<\/span><\/h6>\n<p>A proto do\u0161lo k napojen\u00ed na ukrajinskou GUR a Kyrylo Budanova, kter\u00fd na \u201cpomoc\u201d Slovensku nachystal velitele teroristick\u00e9 organizace GNL, kter\u00fd m\u011bl pro slovenskou opozici obstarat \u00fadernou a palebnou s\u00edlu, pokud by se Fic\u016fv re\u017eim dr\u017eel zuby nehty moci a necht\u011bl by rezignovat. \u00datoky na katastr nemovitost\u00ed, na slovensk\u00e9 \u0161koly a na slovenskou VZP m\u011bly destabilizovat bezpe\u010dnostn\u00ed situaci na Slovensku a podpo\u0159it protestn\u00ed potenci\u00e1l pro chystan\u00e9 demonstrace.<\/p>\n<figure id=\"attachment_62521\" class=\"wp-caption aligncenter\" style=\"width: 688px;\"><a href=\"https:\/\/aeronet.news\/wp-content\/uploads\/LucieStasselovaMamuk.jpg\"><img decoding=\"async\" loading=\"lazy\" class=\"wp-image-62521 \" src=\"https:\/\/aeronet.news\/wp-content\/uploads\/LucieStasselovaMamuk-1024x575.jpg\" sizes=\"(max-width: 700px) 100vw, 700px\" srcset=\"https:\/\/aeronet.news\/wp-content\/uploads\/LucieStasselovaMamuk-1024x575.jpg 1024w, https:\/\/aeronet.news\/wp-content\/uploads\/LucieStasselovaMamuk-300x169.jpg 300w, https:\/\/aeronet.news\/wp-content\/uploads\/LucieStasselovaMamuk-768x431.jpg 768w, https:\/\/aeronet.news\/wp-content\/uploads\/LucieStasselovaMamuk-700x393.jpg 700w, https:\/\/aeronet.news\/wp-content\/uploads\/LucieStasselovaMamuk-636x357.jpg 636w, https:\/\/aeronet.news\/wp-content\/uploads\/LucieStasselovaMamuk-860x483.jpg 860w, https:\/\/aeronet.news\/wp-content\/uploads\/LucieStasselovaMamuk.jpg 1280w\" alt=\"\" width=\"688\" height=\"386\" \/><\/a><figcaption class=\"wp-caption-text\">Spole\u010dn\u00e9 foto: Vlevo Lucie \u0160tasselov\u00e1, vpravo Mamuk Mamula\u0161vili<\/figcaption><\/figure>\n<p>Ukrajina se tak dopustila proti Slovensku v\u00e1le\u010dn\u00e9ho aktu, proto\u017ee nachystala k akci na \u00fazem\u00ed Slovenska \u017eold\u00e1ckou skupinu, kter\u00e1 byla z\u0159\u00edzena a je pod veden\u00edm GUR.\u00a0<strong>Tato agrese je zcela zjevn\u011b nadn\u00e1rodn\u00edho charakteru, proto\u017ee co jsme vid\u011bli v po\u0159adu ze 20. ledna na \u010cesk\u00e9 televizi [<a href=\"https:\/\/aeronet.news\/robert-fico-je-lidsky-a-mentalne-degradovany-clovek-jako-prase-kdyz-jde-z-bukvic-je-to-muz-ktereho-muze-milovat-jen-jeho-vlastni-matka-stejne-ho-splachnou-do-hajzlu\/\">2<\/a>]<\/strong>, kde za dozoru re\u017eie \u010cT a moder\u00e1torky host\u00e9 vulg\u00e1rn\u011b a sprost\u011b nad\u00e1vali a ur\u00e1\u017eeli Roberta Fica, to jasn\u011b potvrzuje, \u017ee jde o mezin\u00e1rodn\u011b soust\u0159ed\u011bnou snahu o likvidaci vl\u00e1dy Roberta Fica. A ve st\u0159edu to potvrdila i jin\u00e1 ud\u00e1lost.<\/p>\n<h6><span style=\"font-size: 18pt;\">Varov\u00e1n\u00ed Ficovi, aby nem\u011bnil \u00dastavu a nenad\u0159azoval ji unijn\u00edmu pr\u00e1vu<\/span><\/h6>\n<p>Evropsk\u00fd komisa\u0159 pro pr\u00e1vn\u00ed st\u00e1t Michael McGrath na st\u0159ede\u010dn\u00ed tiskov\u00e9 konferenci v Bruselu varoval\u00a0<strong>[<a href=\"https:\/\/href.li\/?https:\/\/europeannewsroom.com\/the-european-commission-responds-to-fico-eu-law-is-superior-it-is-not-open-for-discussion\/\" target=\"_blank\" rel=\"nofollow noopener\">3<\/a>]<\/strong>\u00a0p\u0159ed nad\u0159azenost\u00ed evropsk\u00e9ho pr\u00e1va nad z\u00e1kony jednotliv\u00fdch \u010dlensk\u00fdch st\u00e1t\u016f. Reagoval tak na n\u00e1vrhy \u00fastavn\u00edch zm\u011bn, kter\u00e9 v pond\u011bl\u00ed p\u0159edstavil slovensk\u00fd premi\u00e9r Robert Fico (Smer-SD). Podle Ficova n\u00e1vrhu by pr\u00e1vn\u011b z\u00e1vazn\u00e9 akty Evropsk\u00e9 unie, kter\u00e9 jsou v rozporu se slovenskou \u00fastavou, nem\u011bly m\u00edt p\u0159ed n\u00ed p\u0159ednost, informuje slovensk\u00e1 agentura TASR.<\/p>\n<p>\u201c<em>P\u0159ednost pr\u00e1va EU je pevn\u011b zakotvena v judikatu\u0159e Evropsk\u00e9ho soudn\u00edho dvora a o t\u00e9to ot\u00e1zce nelze diskutovat. To je d\u016fle\u017eit\u00fd kontext pro jak\u00e9koli \u00fastavn\u00ed zm\u011bny v kter\u00e9mkoli \u010dlensk\u00e9m st\u00e1t\u011b<\/em>,\u201d uvedl McGrath a dodal, \u017ee \u010dlensk\u00e9 st\u00e1ty mohou m\u011bnit sv\u00e9 \u00fastavy podle vlastn\u00edho uv\u00e1\u017een\u00ed, ale mus\u00ed respektovat a uzn\u00e1vat nad\u0159azenost evropsk\u00e9ho pr\u00e1va.<\/p>\n<figure id=\"attachment_62523\" class=\"wp-caption aligncenter\" style=\"width: 682px;\"><a href=\"https:\/\/aeronet.news\/wp-content\/uploads\/MichaelMcGrath.jpg\"><img decoding=\"async\" loading=\"lazy\" class=\"wp-image-62523 \" src=\"https:\/\/aeronet.news\/wp-content\/uploads\/MichaelMcGrath-1024x682.jpg\" sizes=\"(max-width: 700px) 100vw, 700px\" srcset=\"https:\/\/aeronet.news\/wp-content\/uploads\/MichaelMcGrath-1024x682.jpg 1024w, https:\/\/aeronet.news\/wp-content\/uploads\/MichaelMcGrath-300x200.jpg 300w, https:\/\/aeronet.news\/wp-content\/uploads\/MichaelMcGrath-768x512.jpg 768w, https:\/\/aeronet.news\/wp-content\/uploads\/MichaelMcGrath-700x466.jpg 700w, https:\/\/aeronet.news\/wp-content\/uploads\/MichaelMcGrath-536x357.jpg 536w, https:\/\/aeronet.news\/wp-content\/uploads\/MichaelMcGrath-725x483.jpg 725w, https:\/\/aeronet.news\/wp-content\/uploads\/MichaelMcGrath.jpg 1280w\" alt=\"\" width=\"682\" height=\"454\" \/><\/a><figcaption class=\"wp-caption-text\">Michael McGrath<\/figcaption><\/figure>\n<p>Irsk\u00fd eurokomisa\u0159 n\u00e1sledn\u011b zd\u016fraznil, \u017ee slovensk\u00fd premi\u00e9r zat\u00edm \u017e\u00e1dn\u00fd konkr\u00e9tn\u00ed n\u00e1vrh nep\u0159edlo\u017eil a je t\u0159eba vy\u010dkat na dal\u0161\u00ed podrobnosti. Fico v pond\u011bl\u00ed p\u0159edstavil n\u00e1vrh koncepce zm\u011bny slovensk\u00e9 \u00fastavy. Ta by m\u011bla nap\u0159\u00edklad zav\u00e9st uzn\u00e1v\u00e1n\u00ed pouze mu\u017esk\u00e9ho a \u017eensk\u00e9ho pohlav\u00ed a zm\u011bnu pohlav\u00ed pouze ze z\u00e1va\u017en\u00fdch d\u016fvod\u016f.<\/p>\n<p>D\u011bti by mohli adoptovat pouze man\u017eel\u00e9, p\u0159\u00edpadn\u011b poz\u016fstal\u00fd rodi\u010d nebo opatrovn\u00edk. Podle n\u00e1vrhu mus\u00ed st\u00e1tn\u00ed vzd\u011bl\u00e1vac\u00ed programy respektovat \u00fastavu a v kulturn\u011b-etick\u00fdch a hodnotov\u00fdch ot\u00e1zk\u00e1ch p\u0159ed n\u00ed nebudou m\u00edt p\u0159ednost pr\u00e1vn\u00ed z\u00e1vazky EU ani mezin\u00e1rodn\u00ed pakty. Premi\u00e9r prohl\u00e1sil, \u017ee n\u00e1vrh nen\u00ed nem\u011bnn\u00fd a je otev\u0159en diskusi o p\u0159\u00edpadn\u00fdch zm\u011bn\u00e1ch.<\/p>\n<h6><span style=\"font-size: 18pt;\">Nacistick\u00e1 Evropsk\u00e1 unie se ob\u00e1v\u00e1 nad\u0159azenosti n\u00e1rodn\u00edch \u00dastav nad z\u00e1kony IV. \u0158\u00ed\u0161e<\/span><\/h6>\n<p>P\u0159ednost evropsk\u00e9ho pr\u00e1va p\u0159ed pr\u00e1vem \u010dlensk\u00fdch st\u00e1t\u016f potvrdil Evropsk\u00fd soudn\u00ed dv\u016fr v n\u011bkolika soudn\u00edch rozhodnut\u00edch, a\u010dkoli tato z\u00e1sada nen\u00ed zakotvena ve smlouv\u00e1ch EU. Podle soudu mus\u00ed b\u00fdt evropsk\u00e9 pr\u00e1vo up\u0159ednostn\u011bno, jinak by mohlo doj\u00edt k ohro\u017een\u00ed prov\u00e1d\u011bn\u00ed politik EU. V roce 2021 se Polsko dostalo do konfliktu s Evropskou komis\u00ed.<\/p>\n<p><strong>Polsk\u00fd \u00fastavn\u00ed soud ve sv\u00e9m verdiktu zpochybnil nad\u0159azenost pr\u00e1va EU nad polsk\u00fdm pr\u00e1vem, co\u017e je z\u00e1sada, s n\u00ed\u017e Var\u0161ava p\u016fvodn\u011b souhlasila p\u0159i vstupu do Evropsk\u00e9 unie v roce 2004.<\/strong>\u00a0Spolu se vznikem deviatury v EU ale tento souhlas je pot\u0159ebn\u00e9 revokovat a n\u00e1rodn\u00ed st\u00e1ty mus\u00ed nad\u0159adit sv\u00e9 \u00dastavy evropsk\u00e9 legislativ\u011b ve vyjmenovan\u00fdch oblastech, p\u0159i\u010dem\u017e ochrana rodiny je ochranou samotn\u00e9ho z\u00e1kladu st\u00e1tu.<\/p>\n<p><iframe loading=\"lazy\" title=\"LIVE\ud83d\udd34 Fico predklad\u00e1 koncept zmeny \u00dastavy SR\" src=\"https:\/\/www.youtube.com\/embed\/FYCecxd9ETY?feature=oembed\" width=\"100%\" height=\"394\" frameborder=\"0\" allowfullscreen=\"allowfullscreen\" data-mce-fragment=\"1\"><\/iframe><\/p>\n<p>Nelze tolerovat, aby deviatura z Bruselu p\u0159e\u0161\u00edvala pohlav\u00ed d\u011bt\u00ed, stav\u011bla d\u011bti proti rodi\u010d\u016fm, umo\u017e\u0148ovala deviant\u016fm \u00fa\u010delov\u011b si m\u011bnit pohlav\u00ed na oportunistick\u00e9 b\u00e1zi, t\u0159eba p\u0159i ubytov\u00e1n\u00ed na intern\u00e1tech, domovech ml\u00e1de\u017ee, na V\u0160 kolej\u00edch, ale t\u0159eba i ve v\u011bznic\u00edch, kde si mu\u017e zm\u011bn\u00ed prohl\u00e1\u0161en\u00edm sv\u00e9 pohlav\u00ed, aby byl pova\u017eov\u00e1n za \u017eenu a byl um\u00edst\u011bn do \u017eensk\u00e9 v\u011bznice.<\/p>\n<p>Zkr\u00e1tka st\u00e1tn\u00ed p\u0159evrat na Slovensku by Bruselu vy\u0159e\u0161il probl\u00e9m s odporem Ficovy vl\u00e1dy proti deviatu\u0159e a rovn\u011b\u017e probl\u00e9m s odporem Ficovy vl\u00e1dy proti v\u00e1lce na Ukrajin\u011b. Je proto jasn\u00e9, \u017ee pokus o st\u00e1tn\u00ed p\u0159evrat se zapojen\u00edm ukrajinsk\u00e9 GUR a gruz\u00ednsk\u00e9 GNL, v\u00fdroky komisa\u0159e z Bruselu proti n\u00e1vrhu zm\u011bn slovensk\u00e9 \u00fastavy a vulg\u00e1rn\u00ed v\u00fdroky na \u010cT proti Ficovi sleduje spole\u010dn\u00fd c\u00edl \u2013 svr\u017een\u00ed Ficovy vl\u00e1dy. Takov\u00e1 je realita.<\/p>\n<p><a href=\"https:\/\/aeronet.news\/protesty-a-nepokoje-na-slovensku-silove-zajistuje-gruzinska-narodni-legie-designovana-v-rusku-jako-teroristicka-organizace-pod-velenim-ukrajinske-vojenske-rozvedky-gur-kyrylo-budanova\/\">-VK-<\/a><\/p>\n","protected":false},"excerpt":{"rendered":"<p>Protesty a nepokoje na Slovensku silov\u011b zaji\u0161\u0165uje Gruz\u00ednsk\u00e1 n\u00e1rodn\u00ed legie designovan\u00e1 v Rusku jako teroristick\u00e1&#8230;<\/p>\n","protected":false},"author":2,"featured_media":71347,"comment_status":"closed","ping_status":"closed","sticky":false,"template":"","format":"standard","meta":[],"categories":[6],"tags":[1042,636,3255,703,203,26],"_links":{"self":[{"href":"https:\/\/www.infokuryr.cz\/n\/wp-json\/wp\/v2\/posts\/71346"}],"collection":[{"href":"https:\/\/www.infokuryr.cz\/n\/wp-json\/wp\/v2\/posts"}],"about":[{"href":"https:\/\/www.infokuryr.cz\/n\/wp-json\/wp\/v2\/types\/post"}],"author":[{"embeddable":true,"href":"https:\/\/www.infokuryr.cz\/n\/wp-json\/wp\/v2\/users\/2"}],"replies":[{"embeddable":true,"href":"https:\/\/www.infokuryr.cz\/n\/wp-json\/wp\/v2\/comments?post=71346"}],"version-history":[{"count":0,"href":"https:\/\/www.infokuryr.cz\/n\/wp-json\/wp\/v2\/posts\/71346\/revisions"}],"wp:featuredmedia":[{"embeddable":true,"href":"https:\/\/www.infokuryr.cz\/n\/wp-json\/wp\/v2\/media\/71347"}],"wp:attachment":[{"href":"https:\/\/www.infokuryr.cz\/n\/wp-json\/wp\/v2\/media?parent=71346"}],"wp:term":[{"taxonomy":"category","embeddable":true,"href":"https:\/\/www.infokuryr.cz\/n\/wp-json\/wp\/v2\/categories?post=71346"},{"taxonomy":"post_tag","embeddable":true,"href":"https:\/\/www.infokuryr.cz\/n\/wp-json\/wp\/v2\/tags?post=71346"}],"curies":[{"name":"wp","href":"https:\/\/api.w.org\/{rel}","templated":true}]}}