{"id":71338,"date":"2025-02-01T00:46:45","date_gmt":"2025-01-31T23:46:45","guid":{"rendered":"https:\/\/www.infokuryr.cz\/n\/?p=71338"},"modified":"2025-01-31T16:39:07","modified_gmt":"2025-01-31T15:39:07","slug":"adam-b-bartos-za-petrem-hannigem","status":"publish","type":"post","link":"https:\/\/www.infokuryr.cz\/n\/2025\/02\/01\/adam-b-bartos-za-petrem-hannigem\/","title":{"rendered":"Adam B. Barto\u0161: Za Petrem Hannigem"},"content":{"rendered":"<div id=\"fb-root\"><\/div>\n<p><strong>Odchod Petra Hanniga je ztr\u00e1tou nejen pro \u010deskou hudebn\u00ed sc\u00e9nu, ale i pro sc\u00e9nu politickou. Zat\u00edmco o t\u00e9 sc\u00e9n\u011b hudebn\u00ed se v\u0161emo\u017en\u011b p\u00ed\u0161e a lid\u00e9 povolan\u011bj\u0161\u00ed mne ji mohou l\u00e9pe zhodnotit, p\u0159\u00ednos Petra Hanniga pro neparlamentn\u00ed politiku si zaslou\u017e\u00ed rovn\u011b\u017e n\u011bkolik ohl\u00e9dnut\u00ed.<\/strong><span id=\"more-14696\"><\/span><\/p>\n<p>Jako byl Hannig objevitelem hv\u011bzd v \u0161oubyznysu, objevil i n\u011bkolik politick\u00fdch tv\u00e1\u0159\u00ed, kter\u00e9 byly skute\u010dn\u011b \u00fasp\u011b\u0161n\u00e9 natolik, \u017ee se probojovaly do vrcholov\u00e9 politiky. Je to p\u0159\u00edpad minim\u00e1ln\u011b dvou jmen, kter\u00e1 mne napadaj\u00ed \u2013 Miroslava Sl\u00e1dka a Jany Bobo\u0161\u00edkov\u00e9. Tomu prvn\u00edmu pomohl na za\u010d\u00e1tku devades\u00e1t\u00fdch let sehnat podpisy pro zalo\u017een\u00ed politick\u00e9 strany Republik\u00e1ni (SPR-RS\u010c), kdy\u017e s n\u00edm jezdil po republice po vystoupen\u00edch \u2013 Sl\u00e1dek mluvil o politice, Hannig o \u0161oubyznysu a zp\u00edval. S Janou Bobo\u0161\u00edkovou zase spolupracoval (to u\u017e m\u011bl vlastn\u00ed stranu) v des\u00e1t\u00fdch letech nov\u00e9ho tis\u00edcilet\u00ed. Jen t\u011bsn\u011b se v roce 2009 nedostali do Evropsk\u00e9ho parlamentu (4,29 procent hlas\u016f), ve sn\u011bmovn\u00edch volb\u00e1ch pod zna\u010dkou Suverenita \u2013 Strana zdrav\u00e9ho rozumu rovn\u011b\u017e z\u00edskali slu\u0161n\u00fd v\u00fdsledek (3,67 procent) \u2013 \u017ee nebyl lep\u0161\u00ed, bylo kv\u016fli tomu, \u017ee \u00dastavn\u00ed soud pod veden\u00edm P. Rychetsk\u00e9ho zru\u0161il p\u0159ed\u010dasn\u00e9 volby v roce 2009 (v nich m\u011bla Suverenita podle pr\u016fzkum\u016f dob\u0159e na\u0161l\u00e1pnuto na \u00fa\u010dast ve sn\u011bmovn\u011b, bylo ale t\u0159eba volby o rok odlo\u017eit, aby se mohla etablovat nov\u00e1 strana \u2013 TOP 09).<\/p>\n<p>Petr Hannig zalo\u017eil vlastn\u00ed politickou stranu \u2013 Stranu zdrav\u00e9ho rozumu \u2013 u\u017e v roce 2002. Podle jeho slov tomu tak bylo tak\u00e9 kv\u016fli hudb\u011b, a to kv\u016fli pod\u00edlu hran\u00e9 \u010desk\u00e9 a zahrani\u010dn\u00ed hudby v r\u00e1di\u00edch. Byl jeden z prvn\u00edch, kdo v politice akcentoval tzv. P\u0159\u00edmou demokracii. V\u017edy to byla strana vlasteneck\u00e1, euroskeptick\u00e1, by\u0165 p\u0159\u00edm\u00e9 vystoupen\u00ed z EU nezd\u016fraz\u0148ovala. Petr Hannig jej\u00ed n\u00e1zev pro \u00fa\u010dely r\u016fzn\u00fdch voleb takticky m\u011bnil, v\u017edy ale v n\u00e1zvu byli \u201eRozumn\u00ed\u201c a tato zna\u010dka byla na politick\u00e9m trhu zaveden\u00e1. Rozumn\u00ed m\u011bli n\u011bkolik mand\u00e1t\u016f v komun\u00e1ln\u00edch volb\u00e1ch a zasedali v n\u011bkolika obecn\u00edch zastupitelstv\u00edch.<\/p>\n<p>V posledn\u00edch letech jsme n\u011bkolik voleb (do Poslaneck\u00e9 sn\u011bmovny, do Europarlamentu) spolupracovali a pokou\u0161eli se sjednotit vlasteneckou sc\u00e9nu. Posledn\u00ed velk\u00fd pokus (by\u0165 se ho nepoda\u0159ilo p\u0159etavit do volebn\u00edho \u00fasp\u011bchu) bylo spojen\u00ed vlasteneck\u00fdch sil p\u0159ed Evropsk\u00fdmi volbami 2024 (i v\u010detn\u011b toho \u201eHannigova\u201c Sl\u00e1dka). Petr Hannig na tom m\u011bl v\u017edy velkou z\u00e1sluhu \u2013 pro sv\u016fj nadhled, zku\u0161enosti dan\u00e9 st\u00e1\u0159\u00edm a politickou prax\u00ed byl vn\u00edm\u00e1m jako jednot\u00edc\u00ed prvek, kter\u00fd pom\u00e1hal p\u0159ekon\u00e1vat osobn\u00ed rozpory mezi jinak sp\u00ed\u0161e rozh\u00e1dan\u00fdmi vlasteneck\u00fdmi stranami.<\/p>\n<p>V roce 2017 jsme spolu s Rozumn\u00fdmi kandidovali do Poslaneck\u00e9 sn\u011bmovny. Podle pr\u016fzkum\u016f se na\u0161e \u201ekoalice\u201c Rozumn\u00ed a ND objevovala na 12. m\u00edst\u011b a jej\u00ed z\u00e1stupce m\u011bl b\u00fdt pozv\u00e1n do velk\u00fdch debat v \u010cT, jako tomu bylo v p\u0159edchoz\u00edch letech (tehdy \u010cT zvala prvn\u00edch dvan\u00e1ct l\u00eddr\u016f). Kdyby byl Hannig na obrazovk\u00e1ch spolu s dal\u0161\u00edmi p\u0159edsedy parlamentn\u00edch stran, mohl v\u00fdsledek dopadnout jinak. V \u010cT ale bylo rozhodnuto \u2013 Rozumn\u00ed a ND nesm\u011bj\u00ed usp\u011bt, proto pozvali do superdebat jen prvn\u00edch deset nej\u00fasp\u011b\u0161n\u011bj\u0161\u00edch. Stejn\u011b tak to \u010cT ud\u011blala od dva roky pozd\u011bji p\u0159i volb\u00e1ch do EP \u2013 tam pozvala l\u00eddr\u016f dokonce jen dev\u011bt, aby tam nemusela zv\u00e1t mne. Nutno ale dodat, \u017ee Petr Hannig s\u00e1m byl do televize zv\u00e1n bez probl\u00e9m\u016f \u2013 sice jen do Politick\u00e9ho spektra, ale byl tam pravideln\u00fdm hostem. Mo\u017en\u00e1, \u017ee kdybychom se s n\u00edm politicky nespojili, byl by \u00fasp\u011b\u0161n\u011bj\u0161\u00ed. Pravda tak\u00e9 je, \u017ee nejlep\u0161\u00edch v\u00fdsledk\u016f z\u00edskala N\u00e1rodn\u00ed demokracie pr\u00e1v\u011b ve spojen\u00ed s Rozumn\u00fdmi, n\u011bjak\u00fdch 0,8 procent. Petr Hannig toho ale nikdy nelitoval a i p\u0159es m\u00e9 soudy a medi\u00e1ln\u00ed dehonestaci se mne opakovan\u011b zast\u00e1val, pravideln\u011b mne tak\u00e9 chodil podpo\u0159it na m\u00e1 soudn\u00ed st\u00e1n\u00ed. Byl jsem mu za tuto podporu velmi vd\u011b\u010dn\u00fd a v\u00e1\u017e\u00edm si j\u00ed dosud. Petr Hannig nemusel v\u017edy souhlasit s m\u00fdmi n\u00e1zory, ale bil se za to, abych je mohl \u0159\u00edkat. Byl vskutku ctitelem svobody slova (v tom americk\u00e9m slova smyslu, tedy svoboda slova bez jak\u00fdchkoli omezen\u00ed).<\/p>\n<p>Samostatnou kapitolou byla jeho kandidatura na prezidenta, kterou si u\u017e\u00edval a m\u011bl z toho prostoru, kter\u00fd v m\u00e9di\u00edch dostal, up\u0159\u00edmnou radost. Zp\u016fsob, jak\u00fdm si tuto mo\u017enost vydobyl, byl pro n\u011bj p\u0159\u00edzna\u010dn\u00fd. Jak jsem u\u017e poznamenal, p\u00e1r m\u011bs\u00edc\u016f p\u0159ed prezidentsk\u00fdmi volbami neusp\u011bla na\u0161e \u201ekoalice\u201c ve volb\u00e1ch do Poslaneck\u00e9 sn\u011bmovny (skon\u010dili jsme skute\u010dn\u011b dvan\u00e1ct\u00ed z jednat\u0159iceti, co\u017e nebylo m\u00e1lo, ale na vstup do PS P\u010cR to nesta\u010dilo). Pro n\u011bkoho by to byl d\u016fvod k zklam\u00e1n\u00ed a rezignaci. Ne tak pro Petra Hanniga. U\u017e ve chv\u00edli, kdy volebn\u00ed \u010d\u00edsla ve studiu uk\u00e1zala, \u017ee jsme nevyhr\u00e1li, obl\u00e9kl kab\u00e1t a vyrazil z na\u0161\u00ed restaurace, kde jsme volebn\u00ed v\u00fdsledky sledovali, sh\u00e1n\u011bt hlasy pro prezidentskou kandidaturu. Ten sam\u00fd ve\u010der.<\/p>\n<p>Sehnat pades\u00e1t tis\u00edc podpis\u016f bez placen\u00fdch brig\u00e1dn\u00edk\u016f za tak kr\u00e1tk\u00fd \u010das byl nemo\u017en\u00fd \u00fakol a m\u00e9dia \u010dasto neopomn\u011bla dodat, \u017ee Hannig tento pot\u0159ebn\u00fd po\u010det podpis\u016f pro prezidentskou kandidaturu nez\u00edskal. On se ale nenechal odradit \u017e\u00e1dnou p\u0159ek\u00e1\u017ekou a v\u017edy na\u0161el \u0159e\u0161en\u00ed. I na prezidentskou volbu \u0161el \u201eod lesa\u201c \u2013 u\u017e m\u011bl p\u0159isl\u00edbeno n\u011bkolik hlas\u016f kon\u010d\u00edc\u00edch poslanc\u016f a sen\u00e1tor\u016f (tehdy to je\u0161t\u011b bylo mo\u017en\u00e9, dnes u\u017e ne) a je\u0161t\u011b asi polovina mu jich chyb\u011bla. S n\u011bkter\u00fdmi se telefonicky domluvil a p\u0159i\u0161el si pro podpis, n\u011bkter\u00e9 dokonce v posledn\u00ed f\u00e1zi (posledn\u00ed dny p\u0159ed pod\u00e1n\u00edm kandid\u00e1tky) odchyt\u00e1val p\u0159\u00edmo p\u0159ed Sn\u011bmovnou nebo p\u0159ed budovou Sen\u00e1tu. Nebylo to nic proti ni\u010demu \u2013 kdo mu hlas necht\u011bl d\u00e1t, nedal mu ho. Jako zn\u00e1m\u00e9 tv\u00e1\u0159i, nav\u00edc s rozumn\u00fdmi politick\u00fdmi n\u00e1zory, ale nakonec nejeden sen\u00e1tor a poslanec podpis v\u011bnoval. Hannigovi se tak poda\u0159ilo skute\u010dn\u011b z\u00edskat pot\u0159ebn\u00fd po\u010det hlas\u016f (a n\u011bjak\u00e9 i nav\u00edc, pro jistotu) a mohl se tak z\u00fa\u010dastnit prezidentsk\u00e9 volby. Byla to pro n\u011bj velk\u00e1 v\u011bc a pro mne tak\u00e9 \u2013 pro\u017e\u00edval jsem tu radost s n\u00edm. Jako kultivoval politickou sc\u00e9nu cel\u00fd sv\u016fj \u017eivot, kultivoval i politick\u00e9 debaty v t\u00e9to prezidentsk\u00e9 volb\u011b. A jako jedin\u00fd se nenav\u00e1\u017eel do tehdej\u0161\u00ed hlavy st\u00e1tu, Milo\u0161e Zemana. Kdy\u017e z prvn\u00edho kola vypadl, dokonce ho (zase jako jedin\u00fd) ve\u0159ejn\u011b podpo\u0159il. Byl to zkr\u00e1tka bojovn\u00edk, ni\u010d\u00edm se nenechal odradit a zkou\u0161el to zas a znovu \u2013 p\u0159ikl\u00e1dal jsem to jeho povaze Kozoroha, co\u017e mi bylo bl\u00edzk\u00e9, proto\u017ee jsem rovn\u011b\u017e v tomto znamen\u00ed, a tak jsem jeho zarputilosti rozum\u011bl.<\/p>\n<p>Petr Hannig v\u017edy dr\u017eel slovo. Na \u010demkoli jsme se domluvili, platilo. Mysl\u00edm, \u017ee jsme nakonec nikdy nepodepsali \u017e\u00e1dn\u00fd pap\u00edr, proto\u017ee nebylo t\u0159eba. D\u016fv\u011b\u0159ovali jsme si. Jeho slovo bylo pevn\u00e9, bylo to slovo mu\u017ee. Poznal jsem ho rovn\u011b\u017e jako \u010dlov\u011bka neoby\u010dejn\u011b pracovit\u00e9ho, sv\u011bdomit\u00e9ho, pe\u010dliv\u00e9ho a\u017e pedantick\u00e9ho co se politick\u00fdch technik\u00e1li\u00ed t\u00fd\u010de (p\u0159i sestavov\u00e1n\u00ed kandid\u00e1tek, p\u0159i p\u0159edkl\u00e1d\u00e1n\u00ed pot\u0159ebn\u00fdch zpr\u00e1v nad politick\u00fdmi stranami dozoruj\u00edc\u00edmu \u00da\u0159adu apod.). Nau\u010dil mne mnoho v\u011bc\u00ed, p\u0159edal mi mnoho zku\u0161enost\u00ed. Ve sv\u00fdch politick\u00fdch v\u011bcech m\u011bl po\u0159\u00e1dek, v\u0161e muselo sed\u011bt do posledn\u00ed \u010d\u00e1rky. A pracovit\u00fd byl nejen nad pap\u00edry \u2013 byl schopen jezdit po cel\u00e9 republice, odevzd\u00e1vat kandid\u00e1tky ve v\u0161ech kraj\u00edch s\u00e1m osobn\u011b, z\u00edsk\u00e1vat podpisy lid\u00ed, co za jeho stranu \u010di na\u0161i koalici kandidovali a rozn\u00e1\u0161et let\u00e1ky, i kdyby to bylo na druh\u00e9m konci republiky. Moc r\u00e1d a moc dob\u0159e \u0159\u00eddil, ned\u011blalo mu probl\u00e9m okam\u017eit\u011b vz\u00edt auto a jet kamkoli pro jak\u00fdkoli podpis, rozd\u00e1vat tam let\u00e1ky \u010di se proch\u00e1zet po m\u011bst\u011b. Bavilo ho, kdy\u017e ho jeho fanynky pozn\u00e1valy a on se s nimi mohl d\u00e1vat na ulici do \u0159e\u010di. N\u011bkolik takov\u00fdch cest po republice jsme s n\u00edm za\u017eil a byly v\u00fdborn\u00e9. Celou cestu v aut\u011b jsme pov\u00eddali, on vzpom\u00ednal, vypr\u00e1v\u011bl apod. Pak jsme rozn\u00e1\u0161eli let\u00e1ky, nav\u0161t\u00edvili jeho zn\u00e1m\u00e9 kandid\u00e1ty nebo moje zn\u00e1m\u00e9 a je\u0161t\u011b ve\u010der, kdy\u017e u\u017e se \u0161e\u0159ilo, chodili panel\u00e1k od panel\u00e1ku a strkali let\u00e1ky do schr\u00e1nek. Kter\u00fd politik tohle d\u011blal? Nemluv\u011b o pozv\u00e1n\u00ed na r\u016fzn\u00e9 akce, besedy \u010di p\u011bveck\u00e1 vystoupen\u00ed (TV \u0160l\u00e1gr apod.) \u2013 ty miloval je\u0161t\u011b v\u00edce. Vzpom\u00edn\u00e1m, \u017ee jednou mi dokonce volal z m\u00e9ho rodn\u00e9ho Borohr\u00e1dku ve v\u00fdchodn\u00edch \u010cech\u00e1ch \u2013 pr\u00fd tudy proj\u00ed\u017ed\u00ed a \u017ee by pr\u00fd r\u00e1d poznal m\u00e9 rodi\u010de. Bohu\u017eel zrovna nebyli doma, tak\u017ee k setk\u00e1n\u00ed nedo\u0161lo \u2013 bylo to ale od n\u011bj mil\u00e9. Je mi jasn\u00e9, \u017ee by na mne p\u0159ed nimi p\u011bl samou chv\u00e1lu, on u\u017e byl takov\u00fd. Nev\u00edm, jak se choval coby kapeln\u00edk mezi sv\u00fdmi hudebn\u00edky, ale j\u00e1 v politice ho poznal jako \u010dlov\u011bka, kter\u00fd neust\u00e1le chv\u00e1lil, povzbuzoval, sna\u017eil se v lidech naj\u00edt to dobr\u00e9 a rozv\u00edjet to. Takto dokonce p\u0159ed posledn\u00edmi volbami pom\u00e1hal politick\u00e9 konkurentce s hlasov\u00fdmi cvi\u010den\u00edmi, d\u00e1val j\u00ed soukrom\u00e9 lekce \u2013 aby nesk\u0159ehotala a p\u0159ed lidmi mluvila l\u00e9pe a profesion\u00e1ln\u011bji.<\/p>\n<p>Pro\u017eil jsem tak s n\u00edm za tu dobu od roku 2017, kdy jsme za\u010dali politicky spolupracovat (a\u010dkoli jsme se poprv\u00e9 setkali u\u017e v roce 2014 a u\u017e tehdy to bylo p\u0159\u00e1telsk\u00e9 setk\u00e1n\u00ed), des\u00edtky hodin a mnoho z\u00e1\u017eitk\u016f. A kdo m\u011bl mo\u017enost ho takto zbl\u00edzka poznat, musel ho m\u00edt r\u00e1d. J\u00e1 m\u011bl Petra Hanniga r\u00e1d moc, v\u00e1\u017eil jsem si jeho podpory a na\u0161eho p\u0159\u00e1telstv\u00ed, m\u011bl jsem mo\u017enost poznat jeho rodinu (a on zase mou), m\u00fdm d\u011btem nosil v\u017edy n\u011bjakou pozornost, mnohokr\u00e1t mi v mnoha v\u011bcech pomohl (nap\u0159\u00edklad sv\u00fdmi kontakty apod.). J\u00e1 se mu to zase sna\u017eil opl\u00e1cet pomoc\u00ed s jeho webov\u00fdmi str\u00e1nkami apod. Vz\u00e1jemn\u011b jsme si p\u0159ipom\u00ednali na\u0161e povinnosti v\u016f\u010di \u00da\u0159adu pro dohled nad politick\u00fdmi stranami, aby na\u0161e strany m\u011bly v\u0161e v\u010das odevzd\u00e1no a nedostaly pokutu. V\u011bt\u0161inou to byl on, kdo m\u011bl v\u0161e prvn\u00ed hotovo a odevzd\u00e1no a p\u0159ipom\u00ednal mi, abych ud\u011blal to sam\u00e9. M\u011bl jsem radost, \u017ee jsem ho jednou mohl \u201enachytat\u201c, kdy\u017e pro mnoh\u00e9 jin\u00e9 povinnosti na jednu v\u011bc zapomn\u011bl a j\u00e1 mu ji vskutku mohl p\u0159ipomenout, aby lh\u016ftu nepro\u0161vihl \u2013 za co\u017e byl r\u00e1d. A j\u00e1 byl r\u00e1d, \u017ee byl r\u00e1d.<\/p>\n<p>V jeho osob\u011b jsem ztratil nejen politick\u00e9ho spojence, ale i p\u0159\u00edtele a kamar\u00e1da. Nem\u011bli jsme na v\u0161e stejn\u00e9 n\u00e1zory (t\u0159eba na covid), ale v z\u00e1sad\u011b jsme se v\u017edy na v\u011bt\u0161in\u011b v\u011bc\u00ed shodli. A neofici\u00e1ln\u011b, mezi \u010dty\u0159ma o\u010dima, mne nejednou p\u0159ekvapil \u2013 n\u011bkter\u00e9 n\u00e1zory si toti\u017e nech\u00e1val pro sebe. V\u017edy jsem si ho za jeho up\u0159\u00edmnost a politick\u00e9 postoje v\u00e1\u017eil a bylo pro mne ct\u00ed, \u017ee souhlasil s p\u0159ijet\u00edm\u00a0<a href=\"https:\/\/narodnidemokracie.cz\/strana\/cestne-clenstvi\/\" target=\"_blank\" rel=\"noopener\"><em><strong>\u010destn\u00e9ho \u010dlenstv\u00ed v N\u00e1rodn\u00ed demokracii<\/strong><\/em><\/a>.<\/p>\n<p>Miloval jsem jeho historky \u2013 jak se setkal s Gagarinem, jak pa\u0159il na p\u00e1rty s \u010dlenem kapely Beatles Ringo Starrem, jak si pov\u00eddal s Marine Le Penovou apod. Po spole\u010dn\u00fdch koali\u010dn\u00edch sch\u016fz\u00edch mi v\u017edy navrhl, \u017ee si p\u016fjdeme je\u0161t\u011b na jedno sednout. Dali jsme pivo dv\u011b a n\u011bjak\u00e9ho toho pan\u00e1\u010dka a zaj\u00edmav\u011b si pov\u00eddali. Na tyhle z\u00e1v\u011bry jsem se t\u011b\u0161il. Jednou mi takto prozradil v\u011bc, kterou nikomu ne\u0159\u00edkal, ale cht\u011bl, abych ji v\u011bd\u011bl (t\u00fdkala se n\u011b\u010deho, co se mu jednou stalo). \u010casto mi sliboval, \u017ee mi to \u201ejednou \u0159ekne\u201c. J\u00e1 jsem shodou okolnost\u00ed tu\u0161il, \u010deho se to asi t\u00fdk\u00e1, ale neznal jsem podrobnosti. T\u011bsn\u011b p\u0159ed evropsk\u00fdmi volbami, kdy\u017e jsme zase po sch\u016fzi sed\u011bli sami dva u piva, to zase jednou nadhodil \u2013 ale op\u011bt: n\u011bkdy p\u0159\u00ed\u0161t\u011b v\u00e1m to \u0159eknu, te\u010f je\u0161t\u011b ne. Ne, \u0159eknete mi to dnes, pane p\u0159edsedo, j\u00e1 stejn\u011b tu\u0161\u00edm, \u010deho se to asi t\u00fdk\u00e1, dovolil jsem si nesouhlasit. P\u0159ik\u00fdvl a vypr\u00e1v\u011bl mi jeden sv\u016fj p\u0159\u00edb\u011bh. Jsem r\u00e1d, \u017ee jsem ho sly\u0161el, proto\u017ee jsem je\u0161t\u011b o n\u011bco l\u00e9pe pochopil, pro\u010d mi tolik rozum\u011bl. A moc jsem si t\u00e9 d\u016fv\u011bry v\u00e1\u017eil. Mysl\u00edm, \u017ee to bylo na\u0161e posledn\u00ed setk\u00e1n\u00ed \u2013 na dal\u0161\u00ed vystoupen\u00ed na\u0161\u00ed \u201ekoalice\u201c se u\u017e nemohl dostavit, jsa upout\u00e1n na l\u016f\u017eko.<\/p>\n<p>Jako nadan\u00e9ho hudebn\u00edka a skladatele p\u00edsn\u00ed ho tak\u00e9 mysl\u00edm pom\u011brn\u011b dost tr\u00e1pilo, \u017ee r\u00e1dia nehr\u00e1la jeho p\u00edsn\u011b \u2013 kv\u016fli jeho politick\u00e9mu anga\u017em\u00e1, proto\u017ee by se pr\u00fd mohlo jednat o nep\u0159\u00edmou podporu. Nebylo tomu tak jen p\u0159ed volbami, ale vlastn\u011b st\u00e1le \u2013 t\u00e9m\u011b\u0159 celou dobu od chv\u00edle, kdy se za\u010dal v politice anga\u017eovat. Ke konci \u017eivota na to ale vyzr\u00e1l \u2013 skl\u00e1dal p\u00edsn\u011b pod pseudonymem a jak bylo jeho zvykem, d\u00e1l objevoval talentovan\u00e9 zp\u011bva\u010dky, kter\u00e9 jeho texty zp\u00edvaly. Pro jednu z nich slo\u017eil p\u00edse\u0148, kter\u00e1 pak byla velmi \u00fasp\u011b\u0161n\u00e1 v r\u016fzn\u00fdch hitpar\u00e1d\u00e1ch. M\u011bl z toho a\u017e d\u011btskou radost, kdy\u017e mi to oznamoval \u2013 zase hrajou moji p\u00edsni\u010dku a je v hitpar\u00e1d\u00e1ch naho\u0159e, pane p\u0159edsedo. J\u00e1 to nech\u00e1pal \u2013 jak to m\u016f\u017ee br\u00e1t jako zadostiu\u010din\u011bn\u00ed, v\u017edy\u0165 i nad\u00e1le platilo, \u017ee by nic pod jeho jm\u00e9nem nezahr\u00e1li. A \u017ee to hraj\u00ed, proto\u017ee je pod textem podeps\u00e1n jako n\u011bkdo jin\u00fd, p\u0159ece neznamen\u00e1, \u017ee je p\u0159evezl. Ale m\u011bl pravdu. P\u0159evezl je. Znovu dok\u00e1zal, \u017ee jeho p\u00edsn\u011b jsou dobr\u00e9 a \u017ee je nehraj\u00ed jen kv\u016fli \u201ecenzu\u0159e\u201c. A z toho m\u011bl obrovskou radost \u2013 \u017ee zase slo\u017eil p\u00edse\u0148, kter\u00e1 byla \u00fasp\u011b\u0161n\u00e1.<\/p>\n<p>Vzpom\u00edn\u00e1m si tak\u00e9 na jeden z na\u0161ich posledn\u00edch telefon\u00e1t\u016f \u2013 op\u011bt mi volal nad\u0161en\u00fd, s dobrou n\u00e1ladou \u2013 jako ostatn\u011b v\u017edy, kdy\u017e ho pot\u011b\u0161ilo n\u011bco, co bylo z hlediska na\u0161eho politick\u00e9ho sna\u017een\u00ed d\u016fle\u017eit\u00e9. Pane p\u0159edsedo (tak jsme se vz\u00e1jemn\u011b oslovovali), kupte si Blesk, je tam o mn\u011b velk\u00fd \u010dl\u00e1nek na celou dvoustranu. Kupte si ho pro sebe a pro p\u0159\u00e1tele, kladl mi na srdce. M\u011bl jsem radost, \u017ee m\u00e1 radost, ale onen v\u00fdtisk novin se mi bohu\u017eel ten den u\u017e sehnat nepoda\u0159ilo a dodnes mne to mrz\u00ed, \u017ee ho nem\u00e1m. P\u00e1r t\u00fddn\u016f na to jsem se dozv\u011bd\u011bl, \u017ee m\u011bl mozkovou p\u0159\u00edhodu a u\u017e jsme se od t\u00e9 doby nikdy nemohli vid\u011bt.<\/p>\n<p>Petr Hannig mi bude chyb\u011bt, jako mi chyb\u011bl u\u017e n\u011bkolik posledn\u00edch m\u011bs\u00edc\u016f. Chyb\u011bt bude ale i na \u010desk\u00e9 politick\u00e9 sc\u00e9n\u011b, kde sv\u00fdm zdrav\u00fdm rozumem byl protiv\u00e1hou zr\u00e1dcovstv\u00ed, chamtivosti, zbab\u011blosti a poklonkov\u00e1n\u00ed cizin\u011b.<\/p>\n<p>Pane p\u0159edsedo, odpo\u010d\u00edvejte v pokoji.<\/p>\n<p><a href=\"https:\/\/narodnidemokracie.cz\/za-petrem-hannigem-adam-b-bartos\/\">Adam B. Barto\u0161<\/a><\/p>\n<p><img decoding=\"async\" loading=\"lazy\" class=\"alignnone size-medium wp-image-69409\" src=\"http:\/\/www.infokuryr.cz\/n\/wp-content\/uploads\/2025\/01\/adam-b.-bartos-300x196.jpg\" alt=\"\" width=\"300\" height=\"196\" srcset=\"https:\/\/www.infokuryr.cz\/n\/wp-content\/uploads\/2025\/01\/adam-b.-bartos-300x196.jpg 300w, https:\/\/www.infokuryr.cz\/n\/wp-content\/uploads\/2025\/01\/adam-b.-bartos.jpg 665w\" sizes=\"(max-width: 300px) 100vw, 300px\" \/><\/p>\n<p>&nbsp;<\/p>\n","protected":false},"excerpt":{"rendered":"<p>Odchod Petra Hanniga je ztr\u00e1tou nejen pro \u010deskou hudebn\u00ed sc\u00e9nu, ale i pro sc\u00e9nu politickou&#8230;.<\/p>\n","protected":false},"author":2,"featured_media":823,"comment_status":"closed","ping_status":"closed","sticky":false,"template":"","format":"standard","meta":[],"categories":[6],"tags":[367,1278,801],"_links":{"self":[{"href":"https:\/\/www.infokuryr.cz\/n\/wp-json\/wp\/v2\/posts\/71338"}],"collection":[{"href":"https:\/\/www.infokuryr.cz\/n\/wp-json\/wp\/v2\/posts"}],"about":[{"href":"https:\/\/www.infokuryr.cz\/n\/wp-json\/wp\/v2\/types\/post"}],"author":[{"embeddable":true,"href":"https:\/\/www.infokuryr.cz\/n\/wp-json\/wp\/v2\/users\/2"}],"replies":[{"embeddable":true,"href":"https:\/\/www.infokuryr.cz\/n\/wp-json\/wp\/v2\/comments?post=71338"}],"version-history":[{"count":0,"href":"https:\/\/www.infokuryr.cz\/n\/wp-json\/wp\/v2\/posts\/71338\/revisions"}],"wp:featuredmedia":[{"embeddable":true,"href":"https:\/\/www.infokuryr.cz\/n\/wp-json\/wp\/v2\/media\/823"}],"wp:attachment":[{"href":"https:\/\/www.infokuryr.cz\/n\/wp-json\/wp\/v2\/media?parent=71338"}],"wp:term":[{"taxonomy":"category","embeddable":true,"href":"https:\/\/www.infokuryr.cz\/n\/wp-json\/wp\/v2\/categories?post=71338"},{"taxonomy":"post_tag","embeddable":true,"href":"https:\/\/www.infokuryr.cz\/n\/wp-json\/wp\/v2\/tags?post=71338"}],"curies":[{"name":"wp","href":"https:\/\/api.w.org\/{rel}","templated":true}]}}