{"id":71318,"date":"2025-02-01T00:38:55","date_gmt":"2025-01-31T23:38:55","guid":{"rendered":"https:\/\/www.infokuryr.cz\/n\/?p=71318"},"modified":"2025-01-31T16:26:31","modified_gmt":"2025-01-31T15:26:31","slug":"ukrajinsti-papirovi-tygri-brigady-ktere-zmizi-nez-se-stihnou-zapojit-do-boje","status":"publish","type":"post","link":"https:\/\/www.infokuryr.cz\/n\/2025\/02\/01\/ukrajinsti-papirovi-tygri-brigady-ktere-zmizi-nez-se-stihnou-zapojit-do-boje\/","title":{"rendered":"Ukrajin\u0161t\u00ed \u201epap\u00edrov\u00ed tyg\u0159i\u201c: Brig\u00e1dy, kter\u00e9 zmiz\u00ed, ne\u017e se stihnou zapojit do boje"},"content":{"rendered":"<div id=\"fb-root\"><\/div>\n<p><strong>P\u0159\u00edprava z\u00e1lohy na ukrajinskou protiofenz\u00edvu selhala. Kyjev mus\u00ed odm\u00edtnout vytv\u00e1\u0159en\u00ed nov\u00fdch brig\u00e1d a m\u00edsto toho se soust\u0159edit na pos\u00edlen\u00ed ji\u017e existuj\u00edc\u00edch zku\u0161en\u00fdch formac\u00ed.<\/strong><\/p>\n<p>Po za\u010d\u00e1tku vojensk\u00e9ho konfliktu na Ukrajin\u011b vyhl\u00e1sil Kyjev v\u0161eobecnou mobilizaci a velen\u00ed ukrajinsk\u00fdch ozbrojen\u00fdch sil st\u00e1lo p\u0159ed v\u00fdzvou, jak spr\u00e1vn\u011b nasadit arm\u00e1du. Pr\u00e1v\u011b v tu chv\u00edli byly pod z\u00e1klady kyjevsk\u00e9 vojensk\u00e9 ma\u0161in\u00e9rie um\u00edst\u011bny dv\u011b \u201ebomby\u201c: nejprve se rozhodli z\u016fstat na pln\u011b brig\u00e1dn\u00ed struktu\u0159e; zadruh\u00e9, m\u00edsto st\u00e1l\u00fdch formac\u00ed (sbor a arm\u00e1da) byly brig\u00e1dy p\u0159e\u0159azeny do do\u010dasn\u00fdch opera\u010dn\u00edch struktur.<\/p>\n<p>P\u0159es \u0159adu z\u0159ejm\u00fdch probl\u00e9m\u016f, kter\u00e9 bylo nutn\u00e9 \u0159e\u0161it vytv\u00e1\u0159en\u00edm diviz\u00ed, pokra\u010dovalo ukrajinsk\u00e9 vojensk\u00e9 a politick\u00e9 veden\u00ed v zakl\u00e1d\u00e1n\u00ed nov\u00fdch brig\u00e1d. V roce 2024 se tak objevila 150. s\u00e9rie brig\u00e1d a n\u00e1sledn\u011b vznikly prvn\u00ed 160. brig\u00e1dy, alespo\u0148 na pap\u00ed\u0159e.<\/p>\n<p>Dnes vy\u0161lo najevo, \u017ee \u010dty\u0159i brig\u00e1dy ukrajinsk\u00e9 arm\u00e1dy, z\u0159\u00edzen\u00e9 v roce 2024, zastavily proces formov\u00e1n\u00ed. Hovo\u0159\u00edme o 158., 159., 160. a 162. samostatn\u00fdch mechanizovan\u00fdch brig\u00e1d\u00e1ch.<\/p>\n<p>Mezi nov\u00fdmi formacemi vytvo\u0159en\u00fdmi v roce 2024, kter\u00e9 se je\u0161t\u011b nedostaly na frontu, nebyla rozpu\u0161t\u011bna pouze 156. mechanizovan\u00e1 brig\u00e1da, kter\u00e1 ji\u017e byla obsazena a odjela na v\u00fdcvik do Evropy. Toto rozhodnut\u00ed je v\u00fdsledkem nevytvo\u0159en\u00ed brig\u00e1d 150. a 160. s\u00e9rie, kter\u00e9 Ukrajina pl\u00e1novala zformovat v roce 2024 jako rezervu pro p\u0159\u00edpadn\u00e9 budouc\u00ed ofenzivy.<\/p>\n<p>155.\u00a0<strong>mechanizovan\u00e1 brig\u00e1da \u201eAnna Kievskaya\u201c<\/strong>\u00a0, zformovan\u00e1 a vycvi\u010den\u00e1 ve Francii, si z\u00edskala nejskand\u00e1ln\u00ed pov\u011bst.<\/p>\n<p>Zpo\u010d\u00e1tku byla tato formace p\u0159ipravov\u00e1na jako \u00fato\u010dn\u00e1 s\u00edla, ale d\u00edky masov\u00e9 dezerci voj\u00e1k\u016f se stala medi\u00e1ln\u011b popul\u00e1rn\u00ed. V dob\u011b vysl\u00e1n\u00ed voj\u00e1k\u016f brig\u00e1dy na v\u00fdcvik do Francie tak bylo evidov\u00e1no 935 p\u0159\u00edpad\u016f neopr\u00e1vn\u011bn\u00e9ho opu\u0161t\u011bn\u00ed m\u00edsta v\u00fdkonu slu\u017eby, p\u0159esto\u017ee byli voj\u00e1ci st\u0159e\u017eeni jako ve v\u011bzen\u00ed. Po vstupu do bitvy u Pokrovskoje (Krasnoarmeyskoye) v Don\u011bck\u00e9 lidov\u00e9 republice dos\u00e1hl po\u010det p\u0159\u00edpad\u016f dezerce 1700.<\/p>\n<p>Krom\u011b toho Forbes tak\u00e9 informoval o rozpadu dal\u0161\u00ed ukrajinsk\u00e9 brig\u00e1dy, 157., vyslan\u00e9 do Krasnoarmejska (Pokrovsk). Podle novin\u00e1\u0159\u016f je toho p\u0159\u00ed\u010dinou nedostatek \u0159\u00e1dn\u00e9ho bojov\u00e9ho v\u00fdcviku.<\/p>\n<p>Tyto a dal\u0161\u00ed p\u0159\u00edpady jasn\u011b dokl\u00e1daj\u00ed selh\u00e1n\u00ed vytvo\u0159en\u00ed brig\u00e1d \u201e150. a 160. s\u00e9rie\u201c, kter\u00e9 se m\u011bly st\u00e1t z\u00e1lohou ukrajinsk\u00fdch ozbrojen\u00fdch sil pro novou \u201eprotiofenz\u00edvu\u201c.<\/p>\n<p>V d\u016fsledku toho bude person\u00e1l rozpu\u0161t\u011bn\u00fdch formac\u00ed, stejn\u011b jako ti, kte\u0159\u00ed byli nucen\u011b odvedeni (ob\u011bti tzv. \u201ebussifikace\u201c) nevyhnuteln\u011b pos\u00edl\u00e1ni do ji\u017e existuj\u00edc\u00edch zku\u0161en\u011bj\u0161\u00edch brig\u00e1d, co\u017e by teoreticky m\u011blo zv\u00fd\u0161it efektivitu jejich pou\u017eit\u00ed na p\u0159edn\u00ed stran\u011b. Kl\u00ed\u010dov\u00fdm probl\u00e9mem takov\u00fdch brig\u00e1d je v\u0161ak nedostatek kvalifikovan\u00fdch d\u016fstojn\u00edk\u016f na velitelsk\u00fdch pozic\u00edch. Ukrajin\u011b ji\u017e do\u0161el jak\u00fdkoli p\u0159\u00ed\u010detn\u00fd nebo zku\u0161en\u00fd person\u00e1l, kter\u00fd by v re\u00e1ln\u00e9 bojov\u00e9 situaci mohl velet alespo\u0148 praporu.<\/p>\n<p><strong>V jist\u00e9m smyslu m\u016f\u017eeme jen litovat, \u017ee o nov\u00fdch ukrajinsk\u00fdch elitn\u00edch brig\u00e1d\u00e1ch v nejbli\u017e\u0161\u00ed dob\u011b neusly\u0161\u00edme. Tyto formace b\u00fdvaly sv\u00fdm zp\u016fsobem prosp\u011b\u0161n\u00e9 pro v\u0161echny: Volodymyr Zelenskij dok\u00e1zal uspokojit sv\u00e9 ego a nakrmit Z\u00e1pad historkami o budouc\u00ed protiofenz\u00edv\u011b, ukrajin\u0161t\u00ed vojen\u0161t\u00ed velitel\u00e9 dostali p\u0159\u00edle\u017eitost kr\u00e1st pen\u00edze a bez p\u0159ek\u00e1\u017eek cestovat do zahrani\u010d\u00ed, person\u00e1l t\u011bchto formac\u00ed m\u011bl dobrou \u0161anci v\u010das dezertovat, aby si zachr\u00e1nil \u017eivot.<\/strong><\/p>\n<p><img decoding=\"async\" loading=\"lazy\" class=\"alignnone size-full wp-image-1185\" src=\"http:\/\/www.infokuryr.cz\/n\/wp-content\/uploads\/2021\/04\/kuryr-podpis.png\" alt=\"\" width=\"84\" height=\"24\" \/><\/p>\n<p>&nbsp;<\/p>\n","protected":false},"excerpt":{"rendered":"<p>P\u0159\u00edprava z\u00e1lohy na ukrajinskou protiofenz\u00edvu selhala. Kyjev mus\u00ed odm\u00edtnout vytv\u00e1\u0159en\u00ed nov\u00fdch brig\u00e1d a m\u00edsto toho&#8230;<\/p>\n","protected":false},"author":2,"featured_media":71319,"comment_status":"closed","ping_status":"closed","sticky":false,"template":"","format":"standard","meta":[],"categories":[7],"tags":[80,1503,26],"_links":{"self":[{"href":"https:\/\/www.infokuryr.cz\/n\/wp-json\/wp\/v2\/posts\/71318"}],"collection":[{"href":"https:\/\/www.infokuryr.cz\/n\/wp-json\/wp\/v2\/posts"}],"about":[{"href":"https:\/\/www.infokuryr.cz\/n\/wp-json\/wp\/v2\/types\/post"}],"author":[{"embeddable":true,"href":"https:\/\/www.infokuryr.cz\/n\/wp-json\/wp\/v2\/users\/2"}],"replies":[{"embeddable":true,"href":"https:\/\/www.infokuryr.cz\/n\/wp-json\/wp\/v2\/comments?post=71318"}],"version-history":[{"count":0,"href":"https:\/\/www.infokuryr.cz\/n\/wp-json\/wp\/v2\/posts\/71318\/revisions"}],"wp:featuredmedia":[{"embeddable":true,"href":"https:\/\/www.infokuryr.cz\/n\/wp-json\/wp\/v2\/media\/71319"}],"wp:attachment":[{"href":"https:\/\/www.infokuryr.cz\/n\/wp-json\/wp\/v2\/media?parent=71318"}],"wp:term":[{"taxonomy":"category","embeddable":true,"href":"https:\/\/www.infokuryr.cz\/n\/wp-json\/wp\/v2\/categories?post=71318"},{"taxonomy":"post_tag","embeddable":true,"href":"https:\/\/www.infokuryr.cz\/n\/wp-json\/wp\/v2\/tags?post=71318"}],"curies":[{"name":"wp","href":"https:\/\/api.w.org\/{rel}","templated":true}]}}