{"id":71316,"date":"2025-02-01T00:38:39","date_gmt":"2025-01-31T23:38:39","guid":{"rendered":"https:\/\/www.infokuryr.cz\/n\/?p=71316"},"modified":"2025-01-31T09:02:38","modified_gmt":"2025-01-31T08:02:38","slug":"uprostred-ziveho-prenosu-zastrelen-kritik-islamu","status":"publish","type":"post","link":"https:\/\/www.infokuryr.cz\/n\/2025\/02\/01\/uprostred-ziveho-prenosu-zastrelen-kritik-islamu\/","title":{"rendered":"Uprost\u0159ed \u017eiv\u00e9ho p\u0159enosu: zast\u0159elen kritik isl\u00e1mu"},"content":{"rendered":"<div id=\"fb-root\"><\/div>\n<p><strong>Isl\u00e1msk\u00fd kritik Salwan Momika je mrtv\u00fd \u2013 zast\u0159elen ve sv\u00e9m byt\u011b ve \u0160v\u00e9dsku, z\u0159ejm\u011b uprost\u0159ed \u017eiv\u00e9ho vys\u00edl\u00e1n\u00ed na TikTok. Ir\u00e1\u010dan hledal ochranu ve \u0160v\u00e9dsku, ale \u0161v\u00e9dsk\u00fd st\u00e1t ho kv\u016fli jeho protest\u016fm rad\u011bji pron\u00e1sledoval s\u00e1m.<\/strong><\/p>\n<p>Salwan Momika (38), zn\u00e1m\u00fd sv\u00fdm p\u00e1len\u00edm kor\u00e1nu, byl ve st\u0159edu v noci <a href=\"https:\/\/www.stern.de\/panorama\/verbrechen\/schweden--koranverbrenner-salwan-momika-erschossen-35425226.html\" target=\"_blank\" rel=\"noreferrer noopener\">zast\u0159elen<\/a> . Byl p\u0159evezen do nemocnice, ale zran\u011bn\u00edm podlehl. Momika, asyrsk\u00e1 k\u0159es\u0165anka, uprchla z Ir\u00e1ku do Evropy v roce 2018 \u2013 p\u0159ed islamistick\u00fdmi extremisty, kte\u0159\u00ed jsou st\u00e1le aktivn\u011bj\u0161\u00ed na hodnotov\u011b zalo\u017een\u00e9m Z\u00e1pad\u011b v d\u016fsledku neleg\u00e1ln\u00ed masov\u00e9 migrace. Hledal ochranu ve \u0160v\u00e9dsku. Ale zat\u00edmco jeho \u017eivot byl ohro\u017een, \u0161v\u00e9dsk\u00fd st\u00e1t m\u011bl pravd\u011bpodobn\u011b jin\u00e9 priority: m\u00edsto ochrany pron\u00e1sledovan\u00e9ho mu\u017ee byl kriminalizov\u00e1n.<\/p>\n<p>Jeho p\u00e1len\u00ed Kor\u00e1nu v roce 2023 \u2013 protesty, kter\u00e9 byly ve \u0160v\u00e9dsku ve skute\u010dnosti pova\u017eov\u00e1ny za svobodu projevu \u2013 vyvolalo v\u00fdbuchy n\u00e1sil\u00ed mezi muslimy po cel\u00e9m sv\u011bt\u011b. V Bagd\u00e1du byla nap\u0159\u00edklad napadena \u0161v\u00e9dsk\u00e1 ambas\u00e1da. Turecko pohrozilo, \u017ee zablokuje vstup \u0160v\u00e9dska do NATO. N\u011bmeck\u00e1 m\u00e9dia jako levicov\u00fd\u00a0<a href=\"https:\/\/www.tagesspiegel.de\/internationales\/koran-verbrenner-salwan-momika-erschossen-exil-iraker-loste-diplomatische-krise-fur-schweden-aus-13114798.html\" target=\"_blank\" rel=\"noreferrer noopener\">Tagesspiegel<\/a>\u00a0uv\u00e1d\u011bj\u00ed , \u017ee protest Momiky uvrhl \u0160v\u00e9dsko do diplomatick\u00e9 krize;\u00a0<a href=\"https:\/\/www.t-online.de\/nachrichten\/ausland\/internationale-politik\/id_100588098\/islamkritiker-salwan-momika-in-schweden-erschossen-mitten-in-livestream-.html\" target=\"_blank\" rel=\"noreferrer noopener\">t-online<\/a>\u00a0ho o\u010der\u0148uje jako zl\u00e9ho \u201eznesv\u011btitele Kor\u00e1nu\u201c. Pr\u00e1v\u011b tento reflex vnuknut\u00ed d\u011bl\u00e1 z kritik\u016f isl\u00e1mu snadnou ob\u011b\u0165. Stejn\u00e9 chov\u00e1n\u00ed bylo prok\u00e1z\u00e1no tak\u00e9 ve \u0160v\u00e9dsku:\u00a0<strong>v pozoruhodn\u00e9m aktu uklon\u011bn\u00ed se citlivosti \u00fadajn\u011b m\u00edrumilovn\u00fdch muslim\u016f byli Momika a dal\u0161\u00ed k\u0159es\u0165ansk\u00fd exilov\u00fd Ir\u00e1\u010dan loni nakonec obvin\u011bni z \u201eagitace proti etnick\u00e9 skupin\u011b\u201c.<\/strong><\/p>\n<p>Rozsudek m\u011bl b\u00fdt ozn\u00e1men dnes, ale to u\u017e se nestane: Momika byla v noci zast\u0159elena v dom\u011b v S\u00f6dert\u00e4lje u Stockholmu, z\u0159ejm\u011b b\u011bhem \u017eiv\u00e9ho p\u0159enosu na TikTok. Zat\u00edm ale nen\u00ed jasn\u00e9, zda existuj\u00ed nahr\u00e1vky \u00fadajn\u00e9 popravy. Na soci\u00e1ln\u00edch s\u00edt\u00edch koluje video, kter\u00e9 m\u00e1 zachycovat policistu, jak stream kon\u010d\u00ed. \u00dadajn\u011b bylo zat\u010deno p\u011bt lid\u00ed. Podle \u0161v\u00e9dsk\u00fdch zpr\u00e1v je do vy\u0161et\u0159ov\u00e1n\u00ed zapojena dom\u00e1c\u00ed zpravodajsk\u00e1 slu\u017eba S\u00e4po.<\/p>\n<p>Druh\u00fd ob\u017ealovan\u00fd si nyn\u00ed na sv\u016fj verdikt bude muset je\u0161t\u011b chv\u00edli po\u010dkat, proto\u017ee dne\u0161n\u00ed jedn\u00e1n\u00ed bylo odro\u010deno. Boj\u00ed se o \u017eivot \u2013 pr\u00fd u\u017e na soci\u00e1ln\u00edch s\u00edt\u00edch napsal: \u201eJsem na \u0159ad\u011b.\u201c<\/p>\n<p>A\u0165 u\u017e je n\u011b\u010d\u00ed n\u00e1zor na p\u00e1len\u00ed kor\u00e1nu Momika jak\u00fdkoli, odhaluje to, \u017ee z\u00e1padn\u00ed establishment m\u00e1 v\u017edy sklon ospravedl\u0148ovat eskalaci n\u00e1sil\u00ed ze strany muslim\u016f, proto\u017ee by bylo tak \u0161patn\u00e9, kdyby jejich n\u00e1bo\u017eenstv\u00ed bylo kritizov\u00e1no nebo \u201eur\u00e1\u017eeno\u201c. Kdy\u017e p\u00e1len\u00ed str\u00e1nek knih vede k nepokoj\u016fm a \u201ediplomatick\u00fdm kriz\u00edm\u201c, probl\u00e9m nespo\u010d\u00edv\u00e1 v kritikovi isl\u00e1mu \u2013 pouze ukazuje, \u017ee doch\u00e1z\u00ed ke st\u0159etu hodnotov\u00fdch syst\u00e9m\u016f, kter\u00e9 jsou navz\u00e1jem neslu\u010diteln\u00e9.<\/p>\n<p>Po sp\u00e1len\u00ed Bible k t\u011bmto eskalac\u00edm n\u00e1sil\u00ed nedoch\u00e1z\u00ed \u2013 a tak\u00e9 nedoch\u00e1z\u00ed ke skute\u010dn\u00e9mu pobou\u0159en\u00ed, jak protestantsk\u00e1 tiskov\u00e1 agentura \u201eIdea\u201c\u00a0<a href=\"https:\/\/akref.ead.de\/akref-nachrichten\/2010\/september\/26092010-deutschlandiran-kein-aufschrei-bei-verbrennungen-hunderter-bibeln-im-iran\/\" target=\"_blank\" rel=\"noreferrer noopener\">odsoudila v roce 2010<\/a>\u00a0, kdy byly v \u00cdr\u00e1nu sp\u00e1leny stovky Bibl\u00ed. V N\u011bmecku je to dokonce samotn\u00e1 ve\u0159ejnopr\u00e1vn\u00ed televize, kter\u00e1 pro z\u00e1bavu zapaluje Bible: Stalo se to v roce 2007 pro dokument,\u00a0<a href=\"https:\/\/www.bild.de\/news\/2007\/tv-skandal-2148984.bild.html\" target=\"_blank\" rel=\"noreferrer noopener\">za kter\u00fd byl zodpov\u011bdn\u00fd Hessischer Rundfunk<\/a>\u00a0. Ji\u017e tehdy se jeden politik CDU zeptal:\u00a0<strong>\u201eCo by se stalo v N\u011bmecku, kdyby ARD uk\u00e1zala ho\u0159\u00edc\u00ed Kor\u00e1n?\u201c<\/strong>\u00a0Mezit\u00edm se znesv\u011bcen\u00ed kostel\u016f a \u017eh\u00e1\u0159stv\u00ed stalo na hodnotov\u011b zalo\u017een\u00e9m Z\u00e1pad\u011b b\u011b\u017enou z\u00e1le\u017eitost\u00ed \u2013 i zde se rozho\u0159\u010den\u00ed objevilo? byla omezena. Rychle se zapomn\u011blo i na pozad\u00ed krut\u00e9 smrti mlad\u00e9ho policisty v Mannheimu: Afgh\u00e1nec cht\u011bl prov\u00e9st \u00fatok na kritika isl\u00e1mu Michaela St\u00fcrzenb\u00fcrgera (mimochodem tak\u00e9 v p\u0159\u00edm\u00e9m p\u0159enosu). Kriti\u010dt\u00ed pozorovatel\u00e9 na soci\u00e1ln\u00edch s\u00edt\u00edch se shoduj\u00ed: neleg\u00e1ln\u00ed masov\u00e1 migrace, kter\u00e1 otev\u0159ela br\u00e1ny i islamist\u016fm, kte\u0159\u00ed se \u010dasto nepozorovan\u011b p\u0159ist\u011bhovali, ji\u017e d\u00e1vno p\u0159inesla v\u00e1lku na Z\u00e1pad.<\/p>\n<p><img decoding=\"async\" loading=\"lazy\" class=\"alignnone size-full wp-image-1185\" src=\"http:\/\/www.infokuryr.cz\/n\/wp-content\/uploads\/2021\/04\/kuryr-podpis.png\" alt=\"\" width=\"84\" height=\"24\" \/><\/p>\n","protected":false},"excerpt":{"rendered":"<p>Isl\u00e1msk\u00fd kritik Salwan Momika je mrtv\u00fd \u2013 zast\u0159elen ve sv\u00e9m byt\u011b ve \u0160v\u00e9dsku, z\u0159ejm\u011b uprost\u0159ed&#8230;<\/p>\n","protected":false},"author":2,"featured_media":71317,"comment_status":"closed","ping_status":"closed","sticky":false,"template":"","format":"standard","meta":[],"categories":[7],"tags":[91,3076,184],"_links":{"self":[{"href":"https:\/\/www.infokuryr.cz\/n\/wp-json\/wp\/v2\/posts\/71316"}],"collection":[{"href":"https:\/\/www.infokuryr.cz\/n\/wp-json\/wp\/v2\/posts"}],"about":[{"href":"https:\/\/www.infokuryr.cz\/n\/wp-json\/wp\/v2\/types\/post"}],"author":[{"embeddable":true,"href":"https:\/\/www.infokuryr.cz\/n\/wp-json\/wp\/v2\/users\/2"}],"replies":[{"embeddable":true,"href":"https:\/\/www.infokuryr.cz\/n\/wp-json\/wp\/v2\/comments?post=71316"}],"version-history":[{"count":0,"href":"https:\/\/www.infokuryr.cz\/n\/wp-json\/wp\/v2\/posts\/71316\/revisions"}],"wp:featuredmedia":[{"embeddable":true,"href":"https:\/\/www.infokuryr.cz\/n\/wp-json\/wp\/v2\/media\/71317"}],"wp:attachment":[{"href":"https:\/\/www.infokuryr.cz\/n\/wp-json\/wp\/v2\/media?parent=71316"}],"wp:term":[{"taxonomy":"category","embeddable":true,"href":"https:\/\/www.infokuryr.cz\/n\/wp-json\/wp\/v2\/categories?post=71316"},{"taxonomy":"post_tag","embeddable":true,"href":"https:\/\/www.infokuryr.cz\/n\/wp-json\/wp\/v2\/tags?post=71316"}],"curies":[{"name":"wp","href":"https:\/\/api.w.org\/{rel}","templated":true}]}}