{"id":71303,"date":"2025-01-31T07:03:56","date_gmt":"2025-01-31T06:03:56","guid":{"rendered":"https:\/\/www.infokuryr.cz\/n\/?p=71303"},"modified":"2025-01-31T07:03:56","modified_gmt":"2025-01-31T06:03:56","slug":"na-indickem-festivalu-v-tlacenici-zahynulo-jiz-30-lidi","status":"publish","type":"post","link":"https:\/\/www.infokuryr.cz\/n\/2025\/01\/31\/na-indickem-festivalu-v-tlacenici-zahynulo-jiz-30-lidi\/","title":{"rendered":"Na indick\u00e9m festivalu v tla\u010denici zahynulo ji\u017e 30 lid\u00ed"},"content":{"rendered":"<div id=\"fb-root\"><\/div>\n<p><span style=\"font-size: 18pt;\"><strong>M\u00edstn\u00ed vl\u00e1da zvy\u0161uje \u00fasil\u00ed o zvl\u00e1d\u00e1n\u00ed davu pot\u00e9, co se tla\u010denice Maha Kumbh stala smrt\u00edc\u00ed, proto\u017ee poutn\u00edci se st\u00e1le shroma\u017e\u010fuj\u00ed<\/strong><\/span><\/p>\n<p><a href=\"https:\/\/swentr.site\/india\/611821-stampede-at-religious-mega-gathering\/\"><span>Smrt\u00edc\u00ed tla\u010denice<\/span><\/a><span>\u00a0v\u00a0indick\u00e9m Maha Kumbh Mela, n\u00e1bo\u017eensk\u00e9m shrom\u00e1\u017ed\u011bn\u00ed konan\u00e9m ve m\u011bst\u011b Prayagraj jednou za 12 let, si vy\u017e\u00e1dala 30 ob\u011bt\u00ed a 60 zran\u011bn\u00fdch, potvrdily ve \u010dtvrtek m\u00edstn\u00ed \u00fa\u0159ady. Vl\u00e1da Uttarprad\u00e9\u0161e, st\u00e1tu v severn\u00ed Indii, kde se kon\u00e1 nejv\u011bt\u0161\u00ed n\u00e1bo\u017eensk\u00e1 kongregace na sv\u011bt\u011b, p\u0159ijala\u00a0<\/span><em><span>\u201ep\u0159\u00edsn\u00e1\u201c<\/span><\/em><span>\u00a0opat\u0159en\u00ed k zaji\u0161t\u011bn\u00ed bezpe\u010dnosti oddan\u00fdch a na\u0159\u00eddila soudn\u00ed vy\u0161et\u0159ov\u00e1n\u00ed \u00famrt\u00ed.<\/span><\/p>\n<p><span>K tla\u010denici do\u0161lo ve st\u0159edu ve\u010der b\u011bhem oslav Mauni Amavasya (novu), kdy se shrom\u00e1\u017edil obrovsk\u00fd dav, aby se posv\u00e1tn\u011b pono\u0159il na m\u00edst\u011b soutoku Gangy, Jamuny a neviditeln\u00fdch \u0159ek Saraswati, kter\u00e9 hinduist\u00e9 pova\u017euj\u00ed za posv\u00e1tn\u00e9. Z\u00e1stupce gener\u00e1ln\u00edho inspektora pro festival Maha Kumbh m\u00e9di\u00edm \u0159ekl, \u017ee k incidentu do\u0161lo kv\u016fli tlaku davu, kter\u00fd\u00a0<\/span><em><span>\u201eprorazil barik\u00e1dy a p\u0159esko\u010dil na druhou stranu a rozdrtil ty, kte\u0159\u00ed tam \u010dekali\u201c.<\/span><\/em><\/p>\n<p><span>Oblast byla prohl\u00e1\u0161ena za z\u00f3nu bez vjezdu a pr\u016fkazy VVIP (Very Very Important Person) byly zru\u0161eny, aby se p\u0159ede\u0161lo z\u00e1cp\u00e1m, uvedla m\u00edstn\u00ed m\u00e9dia s odvol\u00e1n\u00edm na \u00fa\u0159ady. Krom\u011b toho byly silnice vedouc\u00ed do Maha Kumbh p\u0159em\u011bn\u011bny na jednosm\u011brn\u00e9 trasy, aby se usnadnil hladk\u00fd pohyb milion\u016f oddan\u00fdch, kte\u0159\u00ed se t\u00e9to ud\u00e1losti \u00fa\u010dastn\u00ed.<\/span><\/p>\n<p><span>Hlavn\u00ed ministr st\u00e1tu Uttarprad\u00e9\u0161 Yogi Adityanath na\u0159\u00eddil soudn\u00ed vy\u0161et\u0159ov\u00e1n\u00ed s c\u00edlem ur\u010dit okolnosti, kter\u00e9 vedly k tla\u010denici.\u00a0<\/span><em><span>&#8222;Je d\u016fle\u017eit\u00e9 pochopit, jak k takov\u00e9 trag\u00e9dii do\u0161lo,&#8220;<\/span><\/em><span>\u00a0\u0159ekl.<\/span><\/p>\n<p><span>Mezit\u00edm byla k Nejvy\u0161\u0161\u00edmu soudu pod\u00e1na petice advok\u00e1tem, kter\u00fd hledal pokyny ke zv\u00fd\u0161en\u00ed bezpe\u010dnostn\u00edch opat\u0159en\u00ed v m\u00edst\u011b kon\u00e1n\u00ed Maha Kumbh, jak uv\u00e1d\u00ed Bar and Bench. P\u0159edkladatel petice usiluje o zlep\u0161en\u00ed zdravotnick\u00fdch za\u0159\u00edzen\u00ed pro oddan\u00e9 a poskytov\u00e1n\u00ed z\u00e1kladn\u00edch informac\u00ed o pokynech Maha Kumbh poutn\u00edk\u016fm v r\u016fzn\u00fdch jazyc\u00edch.\u00a0<\/span><\/p>\n<p><span>Opozi\u010dn\u00ed v\u016fdci kritizovali m\u00edstn\u00ed \u00fa\u0159ady v t\u00e9to z\u00e1le\u017eitosti. P\u0159edseda strany Indick\u00e9ho n\u00e1rodn\u00edho kongresu Rahul G\u00e1ndh\u00ed p\u0159ipsal tuto trag\u00e9dii\u00a0<\/span><em><span>\u201eVIP kultu\u0159e\u201c,<\/span><\/em><span>\u00a0kter\u00e1 by m\u011bla b\u00fdt\u00a0<\/span><em><span>\u201eudr\u017eena\u201c<\/span><\/em><span>\u00a0a \u0159ekl, \u017ee vl\u00e1da by m\u011bla u\u010dinit\u00a0<\/span><em><span>\u201elep\u0161\u00ed opat\u0159en\u00ed\u201c,<\/span><\/em><span>\u00a0aby naplnila pot\u0159eby\u00a0<\/span><em><span>\u201eb\u011b\u017en\u00fdch\u201c<\/span><\/em><span>\u00a0oddan\u00fdch.<\/span><\/p>\n<p><span>Festival za\u010dal 13. ledna a p\u0159il\u00e1kal des\u00edtky milion\u016f poutn\u00edk\u016f z cel\u00e9ho sv\u011bta. Dosud se z\u00fa\u010dastnilo t\u00e9m\u011b\u0159 150 milion\u016f lid\u00ed, v\u010detn\u011b p\u0159edn\u00edch indick\u00fdch politick\u00fdch a obchodn\u00edch v\u016fdc\u016f, sv\u011btov\u00fdch celebrit, jako je zp\u011bv\u00e1k Coldplay Chris Martin a p\u0159\u00edtelkyn\u011b Dakota Johnson, a miliard\u00e1\u0159ka podnikatelka Laurene Powell Jobs, vdova po Stevu Jobsovi.<\/span><\/p>\n<p><img decoding=\"async\" loading=\"lazy\" class=\"alignnone size-full wp-image-1185\" src=\"http:\/\/www.infokuryr.cz\/n\/wp-content\/uploads\/2021\/04\/kuryr-podpis.png\" alt=\"\" width=\"84\" height=\"24\" \/><\/p>\n<p>&nbsp;<\/p>\n","protected":false},"excerpt":{"rendered":"<p>M\u00edstn\u00ed vl\u00e1da zvy\u0161uje \u00fasil\u00ed o zvl\u00e1d\u00e1n\u00ed davu pot\u00e9, co se tla\u010denice Maha Kumbh stala smrt\u00edc\u00ed,&#8230;<\/p>\n","protected":false},"author":2,"featured_media":71304,"comment_status":"closed","ping_status":"closed","sticky":false,"template":"","format":"standard","meta":[],"categories":[7],"tags":[1077,79,871,3701],"_links":{"self":[{"href":"https:\/\/www.infokuryr.cz\/n\/wp-json\/wp\/v2\/posts\/71303"}],"collection":[{"href":"https:\/\/www.infokuryr.cz\/n\/wp-json\/wp\/v2\/posts"}],"about":[{"href":"https:\/\/www.infokuryr.cz\/n\/wp-json\/wp\/v2\/types\/post"}],"author":[{"embeddable":true,"href":"https:\/\/www.infokuryr.cz\/n\/wp-json\/wp\/v2\/users\/2"}],"replies":[{"embeddable":true,"href":"https:\/\/www.infokuryr.cz\/n\/wp-json\/wp\/v2\/comments?post=71303"}],"version-history":[{"count":0,"href":"https:\/\/www.infokuryr.cz\/n\/wp-json\/wp\/v2\/posts\/71303\/revisions"}],"wp:featuredmedia":[{"embeddable":true,"href":"https:\/\/www.infokuryr.cz\/n\/wp-json\/wp\/v2\/media\/71304"}],"wp:attachment":[{"href":"https:\/\/www.infokuryr.cz\/n\/wp-json\/wp\/v2\/media?parent=71303"}],"wp:term":[{"taxonomy":"category","embeddable":true,"href":"https:\/\/www.infokuryr.cz\/n\/wp-json\/wp\/v2\/categories?post=71303"},{"taxonomy":"post_tag","embeddable":true,"href":"https:\/\/www.infokuryr.cz\/n\/wp-json\/wp\/v2\/tags?post=71303"}],"curies":[{"name":"wp","href":"https:\/\/api.w.org\/{rel}","templated":true}]}}