{"id":71299,"date":"2025-01-31T06:51:21","date_gmt":"2025-01-31T05:51:21","guid":{"rendered":"https:\/\/www.infokuryr.cz\/n\/?p=71299"},"modified":"2025-01-31T06:51:21","modified_gmt":"2025-01-31T05:51:21","slug":"hamas-propustil-osm-rukojmich-z-gazy","status":"publish","type":"post","link":"https:\/\/www.infokuryr.cz\/n\/2025\/01\/31\/hamas-propustil-osm-rukojmich-z-gazy\/","title":{"rendered":"Ham\u00e1s propustil osm rukojm\u00edch z Gazy"},"content":{"rendered":"<div id=\"fb-root\"><\/div>\n<p><strong><span style=\"font-size: 18pt;\">T\u0159i Izraelci a p\u011bt Thajc\u016f byli ve \u010dtvrtek p\u0159ed\u00e1ni \u010cerven\u00e9mu k\u0159\u00ed\u017ei jako sou\u010d\u00e1st dohody o p\u0159\u00edm\u011b\u0159\u00ed<\/span><\/strong><\/p>\n<p><span>Ham\u00e1s v r\u00e1mci dohody o p\u0159\u00edm\u011b\u0159\u00ed se z\u00e1padn\u00edm Jeruzal\u00e9mem propustil osm rukojm\u00edch z Gazy, v\u010detn\u011b t\u0159\u00ed Izraelc\u016f a p\u011bti Thajc\u016f, a p\u0159edal je \u010cerven\u00e9mu k\u0159\u00ed\u017ei. V\u00fdm\u011bnou za to Izrael za\u010dal po kr\u00e1tk\u00e9m zpo\u017ed\u011bn\u00ed propou\u0161t\u011bt 110 palestinsk\u00fdch v\u011bz\u0148\u016f.<\/span><\/p>\n<p><span>Izraelsk\u00e1 arm\u00e1da ve \u010dtvrtek potvrdila, \u017ee nov\u011b osvobozen\u00ed zajatci, v\u010detn\u011b Arbel Yehud (29) a Gadi Moshe Mozes (80), p\u0159e\u0161li do Izraele. D\u0159\u00edve toho dne militanti Hamasu propustili izraelskou voj\u00e1kyni Agama Bergerovou, kter\u00e1 byla dr\u017eena v Gaze od \u00fatoku 7. \u0159\u00edjna.<\/span><\/p>\n<p><span>Thajsk\u00e9 ministerstvo zahrani\u010d\u00ed uvedlo, \u017ee jeho ob\u010dan\u00e9, kte\u0159\u00ed byli zajati jako rukojm\u00ed \u2013 Thaenna Pongsak, Sathian Suwannakhan, Sriaoun Watchara, Saethao Bannawat a Rumnao Surasak \u2013 se vr\u00e1t\u00ed dom\u016f za 10 dn\u00ed.<\/span><\/p>\n<div class=\"article__cover\">\n<div class=\"media\"><picture><source srcset=\"https:\/\/mf.b37mrtl.ru\/files\/2025.01\/original\/679bbc0585f540027d47d488.jpg\" sizes=\"808px\" data-srcset=\"https:\/\/mf.b37mrtl.ru\/files\/2025.01\/original\/679bbc0585f540027d47d488.jpg\" \/><img decoding=\"async\" loading=\"lazy\" class=\"read-more__cover lazyautosizes lazyloaded aligncenter\" src=\"https:\/\/mf.b37mrtl.ru\/files\/2025.01\/original\/679bbc0585f540027d47d488.jpg\" sizes=\"808px\" alt=\"RT\" width=\"647\" height=\"431\" data-sizes=\"auto\" data-src=\"https:\/\/mf.b37mrtl.ru\/files\/2025.01\/original\/679bbc0585f540027d47d488.jpg\" \/><\/picture>\n<div class=\"media__footer media__footer_bottom \">\n<div class=\"media__title media__title_footer\" style=\"text-align: center;\"><em>Gadi Moshe Mozes se 30. ledna 2025 setk\u00e1v\u00e1 se svou rodinou na z\u00e1kladn\u011b IDF Reim \u00a9 Global Look Press \/ Mluv\u010d\u00ed Idf\/Keystone Press Agency<\/em><\/div>\n<\/div>\n<\/div>\n<\/div>\n<p><span>\u010ctvrte\u010dn\u00ed v\u00fdm\u011bna v Khan Younis vyvolala v Izraeli siln\u00e9 reakce. Premi\u00e9r Benjamin Netanjahu odsoudil to, co nazval\u00a0<\/span><em><span>\u201e\u0161okuj\u00edc\u00edmi sc\u00e9nami\u201c<\/span><\/em><span>\u00a0b\u011bhem p\u0159ed\u00e1v\u00e1n\u00ed pot\u00e9, co televizn\u00ed z\u00e1b\u011bry uk\u00e1zaly ozbrojence, jak se sna\u017e\u00ed ovl\u00e1dnout velk\u00e9 davy, kter\u00e9 se shrom\u00e1\u017edily, aby byly sv\u011bdky propu\u0161t\u011bn\u00ed zajatc\u016f.<\/span><\/p>\n<p><span>Netanjahu do\u010dasn\u011b zastavil propou\u0161t\u011bn\u00ed palestinsk\u00fdch v\u011bz\u0148\u016f a po\u017eadoval, aby zprost\u0159edkovatel\u00e9 podobn\u00fdm incident\u016fm zabr\u00e1nili, aby byla zaji\u0161t\u011bna bezpe\u010dnost budouc\u00edch p\u0159esun\u016f rukojm\u00edch.<\/span><\/p>\n<div class=\"article__cover\">\n<div class=\"media\"><picture><source srcset=\"https:\/\/mf.b37mrtl.ru\/files\/2025.01\/original\/679bbeb885f54062c0387205.jpg\" sizes=\"808px\" data-srcset=\"https:\/\/mf.b37mrtl.ru\/files\/2025.01\/original\/679bbeb885f54062c0387205.jpg\" \/><img decoding=\"async\" loading=\"lazy\" class=\"read-more__cover lazyautosizes lazyloaded aligncenter\" src=\"https:\/\/mf.b37mrtl.ru\/files\/2025.01\/original\/679bbeb885f54062c0387205.jpg\" sizes=\"808px\" alt=\"RT\" width=\"663\" height=\"498\" data-sizes=\"auto\" data-src=\"https:\/\/mf.b37mrtl.ru\/files\/2025.01\/original\/679bbeb885f54062c0387205.jpg\" \/><\/picture>\n<div class=\"media__footer media__footer_bottom \">\n<div class=\"media__title media__title_footer\" style=\"text-align: center;\"><em>Arbel Yehud je 30. ledna 2025 p\u0159ed\u00e1n t\u00fdm\u016fm \u010cerven\u00e9ho k\u0159\u00ed\u017ee v Khan Yunis v Gaze \u00a9 Getty Images \/ Anadolu \/ Contributor<\/em><\/div>\n<\/div>\n<\/div>\n<\/div>\n<p><span>M\u00e9dia pozd\u011bji uvedla, \u017ee propou\u0161t\u011bn\u00ed v\u011bz\u0148\u016f bylo obnoveno pot\u00e9, co zprost\u0159edkovatel\u00e9 poskytli z\u00e1ruky ohledn\u011b bezpe\u010dn\u00e9ho odchodu rukojm\u00edch v budoucnu. Podle agentury Associated Press b\u00edl\u00e9 autobusy s v\u011bzni d\u0159\u00edve opustily v\u011bznici Ofer na Z\u00e1padn\u00edm b\u0159ehu Jord\u00e1nu a dorazily do Ramall\u00e1hu. Informa\u010dn\u00ed kancel\u00e1\u0159 palestinsk\u00fdch v\u011bz\u0148\u016f potvrdila, \u017ee proces postupuje kup\u0159edu.<\/span><\/p>\n<p><span>Mezi propu\u0161t\u011bn\u00fdmi z izraelsk\u00fdch v\u011bznic je \u00fadajn\u011b 30 nezletil\u00fdch.<\/span><\/p>\n<p><span>Izraelsk\u00e1 arm\u00e1da ve \u010dtvrtek z\u00e1rove\u0148 potvrdila, \u017ee p\u0159edchoz\u00edho dne zabila 10 Palestinc\u016f p\u0159i \u00fatoku na vesnici na Z\u00e1padn\u00edm b\u0159ehu Jord\u00e1nu, p\u0159i\u010dem\u017e tvrdila, \u017ee se podle AFP zam\u011b\u0159oval na militanty.<\/span><\/p>\n<p><span>Al-D\u017eaz\u00edra uvedla, \u017ee nad Gazou ve \u010dtvrtek l\u00e9taly drony, kter\u00e9 shazovaly let\u00e1ky varuj\u00edc\u00ed p\u0159ed vyv\u011b\u0161ov\u00e1n\u00edm vlajek, transparent\u016f nebo po\u0159\u00e1d\u00e1n\u00edm oslav. Na Z\u00e1padn\u00edm b\u0159ehu Jord\u00e1nu izraelsk\u00e9 s\u00edly \u00fadajn\u011b prov\u00e1d\u011bly razie v domech b\u00fdval\u00fdch v\u011bz\u0148\u016f od jejich propu\u0161t\u011bn\u00ed. Mnoha osvobozen\u00fdm palestinsk\u00fdm zadr\u017een\u00fdm nebude dovoleno z\u016fstat na Z\u00e1padn\u00edm b\u0159ehu Jord\u00e1nu a m\u00edsto toho budou deportov\u00e1ni do Gazy nebo Egypta.<\/span><\/p>\n<div class=\"article__cover\">\n<div class=\"media\"><picture><source srcset=\"https:\/\/mf.b37mrtl.ru\/files\/2025.01\/original\/679bbfd9203027365b12cc52.jpg\" sizes=\"808px\" data-srcset=\"https:\/\/mf.b37mrtl.ru\/files\/2025.01\/original\/679bbfd9203027365b12cc52.jpg\" \/><img decoding=\"async\" loading=\"lazy\" class=\"read-more__cover lazyautosizes lazyloaded aligncenter\" src=\"https:\/\/mf.b37mrtl.ru\/files\/2025.01\/original\/679bbfd9203027365b12cc52.jpg\" sizes=\"808px\" alt=\"RT\" width=\"662\" height=\"441\" data-sizes=\"auto\" data-src=\"https:\/\/mf.b37mrtl.ru\/files\/2025.01\/original\/679bbfd9203027365b12cc52.jpg\" \/><\/picture>\n<div class=\"media__footer media__footer_bottom \">\n<div class=\"media__title media__title_footer\" style=\"text-align: center;\"><em>Agam Berger je propu\u0161t\u011bna pot\u00e9, co 30. ledna 2025 podep\u00ed\u0161\u00ed \u00fa\u0159edn\u00edci Ham\u00e1sov\u00fdch brig\u00e1d Al-Qassam a \u010cerven\u00e9ho k\u0159\u00ed\u017ee dokumenty o jej\u00edm p\u0159ed\u00e1n\u00ed v Jabalia v Gaze. \u00a9 Getty Images \/ Anadolu \/ Contributor<\/em><\/div>\n<\/div>\n<\/div>\n<\/div>\n<p><span>V\u00fdm\u011bna je sou\u010d\u00e1st\u00ed dohody o p\u0159\u00edm\u011b\u0159\u00ed dosa\u017een\u00e9 mezi Izraelem a Hamasem na za\u010d\u00e1tku tohoto m\u011bs\u00edce s c\u00edlem ukon\u010dit jejich 15m\u011bs\u00ed\u010dn\u00ed konflikt, kter\u00fd zp\u016fsobil v Gaze bezprecedentn\u00ed zk\u00e1zu. Dohoda zprost\u0159edkovan\u00e1 Katarem, Egyptem a USA je strukturov\u00e1na do t\u0159\u00ed f\u00e1z\u00ed. V prvn\u00ed f\u00e1zi se o\u010dek\u00e1v\u00e1, \u017ee Ham\u00e1s propust\u00ed 33 rukojm\u00edch, v\u010detn\u011b d\u011bt\u00ed, voj\u00e1ky\u0148, zran\u011bn\u00fdch a nemocn\u00fdch, v\u00fdm\u011bnou za bl\u00ed\u017ee nespecifikovan\u00fd po\u010det zadr\u017een\u00fdch Palestinc\u016f.<\/span><\/p>\n<p><span>N\u00e1sledn\u00e9 f\u00e1ze zajist\u00ed propu\u0161t\u011bn\u00ed zb\u00fdvaj\u00edc\u00edch mu\u017esk\u00fdch civilist\u016f a voj\u00e1k\u016f zadr\u017eovan\u00fdch Ham\u00e1sem spolu s n\u00e1vratem ostatk\u016f zesnul\u00fdch zajatc\u016f z obou stran.<\/span><\/p>\n<p><span>Izraelsk\u00fd \u00fa\u0159edn\u00edk Gal Hirsch, izraelsk\u00fd koordin\u00e1tor pro rukojm\u00ed a poh\u0159e\u0161ovan\u00e9 osoby, ve \u010dtvrtek Al-D\u017eaz\u00ed\u0159e \u0159ekl, \u017ee Izrael je\u00a0<\/span><em><span>\u201ev sou\u010dasn\u00e9 dob\u011b ve f\u00e1zi p\u0159\u00edprav na pokra\u010dov\u00e1n\u00ed jedn\u00e1n\u00ed\u201c<\/span><\/em><span>\u00a0sm\u011brem k druh\u00e9 f\u00e1zi dohody o p\u0159\u00edm\u011b\u0159\u00ed.<\/span><\/p>\n<p><img decoding=\"async\" loading=\"lazy\" class=\"alignnone size-full wp-image-1185\" src=\"http:\/\/www.infokuryr.cz\/n\/wp-content\/uploads\/2021\/04\/kuryr-podpis.png\" alt=\"\" width=\"84\" height=\"24\" \/><\/p>\n<p>&nbsp;<\/p>\n","protected":false},"excerpt":{"rendered":"<p>T\u0159i Izraelci a p\u011bt Thajc\u016f byli ve \u010dtvrtek p\u0159ed\u00e1ni \u010cerven\u00e9mu k\u0159\u00ed\u017ei jako sou\u010d\u00e1st dohody o&#8230;<\/p>\n","protected":false},"author":2,"featured_media":71300,"comment_status":"closed","ping_status":"closed","sticky":false,"template":"","format":"standard","meta":[],"categories":[7],"tags":[348,347,1716],"_links":{"self":[{"href":"https:\/\/www.infokuryr.cz\/n\/wp-json\/wp\/v2\/posts\/71299"}],"collection":[{"href":"https:\/\/www.infokuryr.cz\/n\/wp-json\/wp\/v2\/posts"}],"about":[{"href":"https:\/\/www.infokuryr.cz\/n\/wp-json\/wp\/v2\/types\/post"}],"author":[{"embeddable":true,"href":"https:\/\/www.infokuryr.cz\/n\/wp-json\/wp\/v2\/users\/2"}],"replies":[{"embeddable":true,"href":"https:\/\/www.infokuryr.cz\/n\/wp-json\/wp\/v2\/comments?post=71299"}],"version-history":[{"count":0,"href":"https:\/\/www.infokuryr.cz\/n\/wp-json\/wp\/v2\/posts\/71299\/revisions"}],"wp:featuredmedia":[{"embeddable":true,"href":"https:\/\/www.infokuryr.cz\/n\/wp-json\/wp\/v2\/media\/71300"}],"wp:attachment":[{"href":"https:\/\/www.infokuryr.cz\/n\/wp-json\/wp\/v2\/media?parent=71299"}],"wp:term":[{"taxonomy":"category","embeddable":true,"href":"https:\/\/www.infokuryr.cz\/n\/wp-json\/wp\/v2\/categories?post=71299"},{"taxonomy":"post_tag","embeddable":true,"href":"https:\/\/www.infokuryr.cz\/n\/wp-json\/wp\/v2\/tags?post=71299"}],"curies":[{"name":"wp","href":"https:\/\/api.w.org\/{rel}","templated":true}]}}