{"id":71255,"date":"2025-01-31T00:35:59","date_gmt":"2025-01-30T23:35:59","guid":{"rendered":"https:\/\/www.infokuryr.cz\/n\/?p=71255"},"modified":"2025-01-30T17:36:33","modified_gmt":"2025-01-30T16:36:33","slug":"brandon-smith-potrebujeme-posledni-krizovou-vypravu-abychom-zachranili-zapadni-svet","status":"publish","type":"post","link":"https:\/\/www.infokuryr.cz\/n\/2025\/01\/31\/brandon-smith-potrebujeme-posledni-krizovou-vypravu-abychom-zachranili-zapadni-svet\/","title":{"rendered":"Brandon Smith: Pot\u0159ebujeme posledn\u00ed k\u0159\u00ed\u017eovou v\u00fdpravu, abychom zachr\u00e1nili z\u00e1padn\u00ed sv\u011bt?"},"content":{"rendered":"<div id=\"fb-root\"><\/div>\n<div class=\"elementor-element elementor-element-1fb4c2c elementor-widget elementor-widget-theme-post-content\" data-id=\"1fb4c2c\" data-element_type=\"widget\" data-widget_type=\"theme-post-content.default\">\n<div class=\"elementor-widget-container\">\n<p>B\u011bhem minul\u00e9ho t\u00fddne jsem sledoval vzru\u0161en\u00ed kolem potvrzen\u00ed kabinetu Donalda Trumpa, zejm\u00e9na proto, \u017ee slo\u017een\u00ed jeho kabinetu n\u00e1m umo\u017en\u00ed nahl\u00e9dnout do dal\u0161\u00edch \u010dty\u0159 let jeho prezidentstv\u00ed. Jedno sly\u0161en\u00ed, kter\u00e9 jsem pova\u017eoval za velmi zaj\u00edmav\u00e9, bylo sly\u0161en\u00ed Peta Hegsetha.<\/p>\n<p><strong>M\u00edra nep\u0159\u00e1telstv\u00ed, kterou projevovali demokrat\u00e9, dos\u00e1hla \u00farovn\u011b pomluv.<\/strong><\/p>\n<p><strong>Hegseth byl t\u011bsn\u011b potvrzen jako ministr obrany<\/strong>\u00a0, p\u0159i\u010dem\u017e rozhoduj\u00edc\u00ed hlas m\u011bl viceprezident J. D. Vance. Zd\u00e1 se, \u017ee politick\u00e1 levice (a n\u011bkte\u0159\u00ed neokonzervativci) maj\u00ed k tomuto mu\u017ei zvl\u00e1\u0161tn\u00ed nen\u00e1vist a zpo\u010d\u00e1tku jsem m\u011bl pot\u00ed\u017ee s pochopen\u00edm skute\u010dn\u00e9ho d\u016fvodu.<\/p>\n<p>Hegseth\u016fv odpor k transgender \u010dlenstv\u00ed v ozbrojen\u00fdch sil\u00e1ch je jist\u011b d\u016fvodem, ale Trump takov\u00e9 psychicky labiln\u00ed lidi z arm\u00e1dy stejn\u011b odstra\u0148uje. Jeho odpor v\u016f\u010di \u017een\u00e1m v bojov\u00fdch operac\u00edch m\u016f\u017ee rozhn\u011bvat n\u011bkter\u00e9 feministky, ale v\u011bt\u0161ina americk\u00fdch v\u00e1le\u010dn\u00edk\u016f s n\u00edm souhlas\u00ed a ka\u017ed\u00e1 konkr\u00e9tn\u00ed studie proveden\u00e1 na bojov\u00fdch jednotk\u00e1ch sm\u00ed\u0161en\u00e9ho pohlav\u00ed uk\u00e1zala\u00a0<a href=\"https:\/\/www.marinecorpstimes.com\/news\/your-marine-corps\/2015\/09\/10\/mixed-gender-teams-come-up-short-in-marines-infantry-experiment\/\" target=\"_blank\" rel=\"noreferrer noopener\">hrozn\u00e9 v\u00fdsledky<\/a>\u00a0.<\/p>\n<p>Pak jsem vid\u011bl debatu mezi progresivn\u00edmi koment\u00e1tory proti Michaelu Knowlesovi a Dave Rubinovi, kter\u00e1 vrhla sv\u011btlo na situaci.<\/p>\n<p><strong>Rozhovor se zvl\u00e1\u0161tn\u011b soust\u0159edil na levicov\u00e1 obvin\u011bn\u00ed proti Hegsethovu \u00fadajn\u011b hanebn\u00e9mu tetov\u00e1n\u00ed a na to, jak souvis\u00ed s k\u0159es\u0165ansk\u00fdmi k\u0159\u00ed\u017eov\u00fdmi v\u00fdpravami.<\/strong><\/p>\n<p><iframe loading=\"lazy\" title=\"&quot;What Are You Talking About?&quot; | This Leftist Knows NOTHING About the Crusades!\" width=\"640\" height=\"360\" src=\"https:\/\/www.youtube.com\/embed\/SAPeToyagqA?feature=oembed\" frameborder=\"0\" allow=\"accelerometer; autoplay; clipboard-write; encrypted-media; gyroscope; picture-in-picture; web-share\" referrerpolicy=\"strict-origin-when-cross-origin\" allowfullscreen><\/iframe><\/p>\n<p><strong>Hn\u011bv nad Hegsethem n\u00e1m podle m\u00e9ho n\u00e1zoru umo\u017e\u0148uje nahl\u00e9dnout za oponu a uk\u00e1zat, \u010deho se establishment skute\u010dn\u011b boj\u00ed a ten strach vyvol\u00e1v\u00e1 nehor\u00e1zn\u00e9 k\u0159es\u0165anstv\u00ed.<\/strong><\/p>\n<p>Ale nen\u00ed to jen tak \u2013 je to Hegsethova \u00facta ke starov\u011bk\u00e9mu k\u0159es\u0165anstv\u00ed a dob\u011b, kdy k\u0159es\u0165an\u00e9 ovl\u00e1dali velkou \u010d\u00e1st zn\u00e1m\u00e9ho sv\u011bta. Lidem jako Hegseth je obvykle br\u00e1n\u011bno vstoupit do vl\u00e1dy, proto\u017ee zast\u00e1vaj\u00ed filozofii, kter\u00e1 globalisty d\u011bs\u00ed.<\/p>\n<p>Je Hegseth zast\u00e1ncem k\u0159es\u0165ansk\u00e9ho imp\u00e9ria? Mo\u017en\u00e1 je, mo\u017en\u00e1 ne. Ale pokud ano, zaj\u00edmalo by m\u011b, jestli by to bylo tak \u0161patn\u00e9?<\/p>\n<p>V\u00fd\u0161e uveden\u00e1 debata je zalo\u017eena na klasick\u00e9 revizionistick\u00e9 propagand\u011b \u0161\u00ed\u0159en\u00e9 p\u0159ev\u00e1\u017en\u011b \u201eantikoloni\u00e1ln\u00edmi\u201c akademiky v 90. letech; je sou\u010d\u00e1st\u00ed rostouc\u00edho hnut\u00ed politick\u00e9 korektnosti a dekonstruktivismu na univerzit\u00e1ch, kter\u00e9 se nakonec v roce 2025 staly bud\u00edc\u00edm monstrem, kter\u00e9mu \u010del\u00edme. Tato propaganda se tak zako\u0159enila v na\u0161em vzd\u011bl\u00e1vac\u00edm pov\u011bdom\u00ed, \u017ee v\u011bt\u0161ina lid\u00ed dnes nem\u00e1 o k\u0159\u00ed\u017eov\u00fdch v\u00fdprav\u00e1ch ani pon\u011bt\u00ed, v\u00ed jen, \u017ee \u201ek\u0159\u00ed\u017eov\u00e9 v\u00fdpravy = \u0161patn\u00e9\u201c.<\/p>\n<p>Prvn\u00ed k\u0159es\u0165ansk\u00e1 k\u0159\u00ed\u017eov\u00e1 v\u00fdprava je mo\u017en\u00e1 jednou z nejd\u016fle\u017eit\u011bj\u0161\u00edch ud\u00e1lost\u00ed v z\u00e1padn\u00ed historii a jednou z nejv\u00edce opom\u00edjen\u00fdch v na\u0161ich akademick\u00fdch instituc\u00edch. Dnes p\u0159evl\u00e1d\u00e1 n\u00e1zor, \u017ee k\u0159\u00ed\u017eov\u00e9 v\u00fdpravy byly nesmysln\u00fdm vra\u017eedn\u00fdm \u0159\u00e1d\u011bn\u00edm Evropan\u016f pokou\u0161ej\u00edc\u00edch se ukr\u00e1st Svatou zemi nevinn\u00fdm Arab\u016fm. To je \u00fapln\u00fd nesmysl.<\/p>\n<p><strong>Jak zd\u016fraz\u0148uje Michael Knowles, Svat\u00e1 zem\u011b, v\u011bt\u0161ina Levanty, severn\u00ed Afrika v\u010detn\u011b Egypta a v\u0161echny zem\u011b kolem St\u0159edozemn\u00edho mo\u0159e byly od roku 300 na\u0161eho letopo\u010dtu ovl\u00e1d\u00e1ny k\u0159es\u0165any.<\/strong><\/p>\n<p>Jednalo se o starov\u011bkou \u0159\u00edmskou \u0159\u00ed\u0161i, kter\u00e1 ofici\u00e1ln\u011b konvertovala ke k\u0159es\u0165anstv\u00ed v roce 323 na\u0161eho letopo\u010dtu. Ano, je to tak, v\u011bt\u0161ina St\u0159edn\u00edho v\u00fdchodu a severn\u00ed Afriky byla po stalet\u00ed k\u0159es\u0165ansk\u00e1.<\/p>\n<p>Tato k\u0159es\u0165ansk\u00e1 \u0159\u00ed\u0161e, kter\u00e1 zahrnovala sou\u010dasn\u00fd Izrael, byla rozd\u011blena na dv\u011b \u010d\u00e1sti v roce 1054 n. l. b\u011bhem \u201eVelk\u00e9ho schizmatu\u201c mezi katol\u00edky na Z\u00e1pad\u011b a pravoslavnou c\u00edrkv\u00ed na V\u00fdchod\u011b.<\/p>\n<p>Toto rozd\u011blen\u00ed vedlo k \u00fazemn\u00edm slabostem, kter\u00fdch rychle vyu\u017eili muslim\u0161t\u00ed dobyvatel\u00e9, kdy\u017e v roce 640 n. l. dobyli Svatou zemi. Isl\u00e1m, zalo\u017een\u00fd v roce 610 n. l. vojev\u016fdcem Mohammedem, sjednotil arabsk\u00fd kmenov\u00fd sv\u011bt pod jednotn\u00fd n\u00e1bo\u017eensk\u00fd prapor, ale tak\u00e9 filozofii dob\u00fdv\u00e1n\u00ed. Vedeni nejm\u00e9n\u011b 109 ver\u0161i Kor\u00e1nu, kter\u00e9 vyz\u00fdvaly k podroben\u00ed nev\u011b\u0159\u00edc\u00edch, kte\u0159\u00ed odm\u00edtli p\u0159ijmout isl\u00e1m, se muslimov\u00e9 vydali dob\u00fdt cel\u00e9 k\u0159es\u0165anstv\u00ed.<\/p>\n<p>B\u011bhem n\u011bkolika desetilet\u00ed se isl\u00e1msk\u00e9 arm\u00e1dy roz\u0161\u00ed\u0159ily po cel\u00e9 Levant\u011b a Africe a dokonce za\u010daly dob\u00fdvat zem\u011b v Evrop\u011b, v\u010detn\u011b \u010d\u00e1st\u00ed \u0160pan\u011blska. K\u0159es\u0165an\u00e9 byli pod muslimskou vl\u00e1dou pron\u00e1sledov\u00e1ni a \u010dasto zotro\u010deni. K\u0159es\u0165ansk\u00e1 m\u011bsta byla vydrancov\u00e1na a zem\u011b ukradena. Kdy\u017e byzantsk\u00fd c\u00edsa\u0159 Alexios Komnenos po\u017e\u00e1dal o pomoc pape\u017ee Urbana II., pape\u017e vyzval k\u0159es\u0165any, aby se sjednotili a ukon\u010dili schizma.<\/p>\n<p><strong>V\u00fdchod volal o pomoc a Z\u00e1pad odpov\u011bd\u011bl v roce 1095 na\u0161eho letopo\u010dtu. Pokud by k\u0159\u00ed\u017eov\u00e1 v\u00fdprava selhala, p\u00e1d k\u0159es\u0165anstv\u00ed by byl jist\u00fd.<\/strong><\/p>\n<p>Bez v\u00e1lky za znovuz\u00edsk\u00e1n\u00ed k\u0159es\u0165ansk\u00fdch \u00fazem\u00ed by Evropa, jak ji zn\u00e1me, neexistovala a velk\u00e1 \u010d\u00e1st na\u0161eho sv\u011bta by pravd\u011bpodobn\u011b vypadala jako jedna velk\u00e1 vesnice Talibanu. Tato d\u011bsiv\u00e1 vyhl\u00eddka je zakryta odlehl\u00fdmi hodnotami, ud\u00e1lostmi, kter\u00e9 skon\u010dily trag\u00e9di\u00ed nebo zlo\u010dinem. Jako v ka\u017ed\u00e9 v\u00e1lce se padou\u0161i mohou objevit na obou stran\u00e1ch. Krom\u011b toho, bez muslimsk\u00fdch invaz\u00ed by nebyly \u017e\u00e1dn\u00e9 k\u0159\u00ed\u017eov\u00e9 v\u00fdpravy.<\/p>\n<p><strong>Dnes \u010del\u00edme dal\u0161\u00ed ideologick\u00e9 a kulturn\u00ed invazi, ale tentokr\u00e1t jsou podm\u00ednky slo\u017eit\u011bj\u0161\u00ed.<\/strong><\/p>\n<p>Domn\u00edv\u00e1m se, \u017ee pokra\u010duj\u00edc\u00ed pokus o potla\u010den\u00ed historie k\u0159\u00ed\u017eov\u00fdch v\u00fdprav m\u00e1 za c\u00edl zabr\u00e1nit nov\u00e9mu sjednocen\u00e9mu z\u00e1padn\u00edmu sv\u011btu. N\u011bkdo by mohl nam\u00edtnout, \u017ee n\u00e1bo\u017eenstv\u00ed ji\u017e nen\u00ed t\u00edm sjednocuj\u00edc\u00edm faktorem, jak\u00fdm b\u00fdvalo, a p\u0159ed deseti lety bych s t\u00edm souhlasil. Ale v\u011bci se za\u010d\u00ednaj\u00ed m\u011bnit, a pokud m\u00e1te bd\u011bl\u00e9 oko, m\u016f\u017eete, stejn\u011b jako j\u00e1, vid\u011bt vznikaj\u00edc\u00ed hnut\u00ed, kter\u00e9 je st\u00e1le v\u00edce duchovn\u00ed, nikoli sekul\u00e1rn\u00ed.<\/p>\n<p>Bez ohledu na to, co si o Donaldu Trumpovi mysl\u00edte, nelze pop\u0159\u00edt kulturn\u00ed posun, kter\u00fd bude doprov\u00e1zet jeho n\u00e1vrat do \u00fa\u0159adu. Po \u010dty\u0159ech letech, kdy se Biden a Harris pokusili zav\u00e9st l\u00e9ka\u0159skou tyranii, vyvolat masovou imigra\u010dn\u00ed krizi, ozna\u010dit konzervativce za \u201ehrozbu pro demokracii\u201c a vnutit do ka\u017edodenn\u00edho \u017eivota kult bud\u00edku, se zd\u00e1, \u017ee Ameri\u010dan\u00e9 toho maj\u00ed dost. V na\u0161\u00ed spole\u010dnosti do\u0161lo k dramatick\u00e9mu v\u00fdvoji; uzn\u00e1n\u00ed, \u017ee jsme na pokraji zni\u010den\u00ed, pokud budeme pokra\u010dovat v sou\u010dasn\u00e9m progresivn\u00edm\/socialistick\u00e9m\/relativistick\u00e9m kurzu.<\/p>\n<p><strong>Z\u00e1pad je na okraji propasti. M\u00e1m podez\u0159en\u00ed, \u017ee to je ten druh okam\u017eiku, kter\u00fd za\u017eil pape\u017e Urban II v roce 1095 na\u0161eho letopo\u010dtu.<\/strong><\/p>\n<p>Sv\u011bdci, kte\u0159\u00ed toto obdob\u00ed vypr\u00e1v\u011bli, to popisuj\u00ed jako jak\u00fdsi z\u00e1zrak, koalici na z\u00e1chranu civilizace p\u0159ed nadch\u00e1zej\u00edc\u00edm temn\u00fdm v\u011bkem barbarstv\u00ed. Tak to dnes mnoz\u00ed z n\u00e1s v konzervativn\u00edch kruz\u00edch c\u00edt\u00ed: \u017ee p\u0159ich\u00e1zej\u00ed velk\u00e9 zm\u011bny, kter\u00e9 vyma\u017eou cel\u00e9 generace provin\u011bn\u00ed, pokud jsme ochotni vyu\u017e\u00edt tento den.<\/p>\n<p>V roce 2025 bude mnohem v\u00edce lid\u00ed pohl\u00ed\u017eet na levicovou ideologii a globalismus sp\u00ed\u0161e s despektem ne\u017e s uspokojen\u00edm. Multikulturn\u00ed agenda elit bez hranic kone\u010dn\u011b nar\u00e1\u017e\u00ed na zna\u010dn\u00fd odpor, alespo\u0148 ve Spojen\u00fdch st\u00e1tech. Tak\u00e9 bych tvrdil, \u017ee doch\u00e1z\u00ed k o\u017eiven\u00ed z\u00e1jmu o k\u0159es\u0165anstv\u00ed a k\u0159es\u0165ansk\u00e9 d\u011bjiny; p\u0159irozen\u00fd d\u016fsledek toho, \u017ee Ameri\u010dan\u00e9 znovu objevili sv\u00e9 z\u00e1padn\u00ed kulturn\u00ed ko\u0159eny.<\/p>\n<p><strong>Po tis\u00edce let byla v\u011bt\u0161ina lidsk\u00e9 civilizace doup\u011btem prehistorick\u00e9 nadvl\u00e1dy.<\/strong><\/p>\n<p>Neexistovaly \u017e\u00e1dn\u00e9 nevinn\u00e9 \u0159\u00ed\u0161e, b\u00edl\u00e9 nebo hn\u011bd\u00e9, to je jedno. J\u00e1drem t\u00e9m\u011b\u0159 v\u0161ech \u0159\u00ed\u0161\u00ed byla v\u00e1lka, otroctv\u00ed a genocida. Siln\u00ed se v\u017edy sna\u017eili podrobit si slab\u00e9. Ka\u017ed\u00e1 skupina lid\u00ed projevila nejohavn\u011bj\u0161\u00ed chov\u00e1n\u00ed.<\/p>\n<p>Afri\u010dan\u00e9 se navz\u00e1jem zotro\u010dovali dlouho p\u0159edt\u00edm, ne\u017e na sc\u00e9nu p\u0159i\u0161li Evropan\u00e9. Ameri\u010dt\u00ed Indi\u00e1ni u\u017e \u017eili v otroctv\u00ed, kmenov\u00fdch v\u00e1lk\u00e1ch, lidsk\u00fdch ob\u011btech a kanibalismu dlouho p\u0159edt\u00edm, ne\u017e se objevili b\u00edl\u00ed Evropan\u00e9 se sv\u00fdmi \u010dluny. \u010c\u00ed\u0148an\u00e9 a Mongolov\u00e9 hromadn\u011b vyvra\u017e\u010fovali m\u00edrumilovn\u00e1 kr\u00e1lovstv\u00ed b\u011bhem st\u0159edov\u011bku, ale pokrokov\u00ed historici tyto ud\u00e1losti ignoruj\u00ed, aby chv\u00e1lili k\u0159es\u0165ansk\u00e9 k\u0159\u00ed\u017eov\u00e9 v\u00fdpravy.<\/p>\n<p>Arabov\u00e9 pat\u0159ili k nejhor\u0161\u00edm pachatel\u016fm lidsk\u00e9ho otroctv\u00ed a jejich zach\u00e1zen\u00ed s lidmi, kter\u00e9 si podmanili, zp\u016fsobilo, \u017ee otroctv\u00ed ran\u00fdch americk\u00fdch d\u011bjin vypadalo starom\u00f3dn\u011b. Je modern\u00edm akademick\u00fdm m\u00fdtem, \u017ee muslimov\u00e9 s sebou p\u0159inesli \u201em\u00edr a prosperitu\u201c a sou\u017eit\u00ed, kdy\u017e drancovali Levantu a Evropu, \u010dasto myln\u011b ozna\u010dovan\u00e9 jako \u201ezlat\u00fd v\u011bk isl\u00e1mu\u201c.<\/p>\n<p><strong>Kdo se nedr\u017eel muslimsk\u00e9 v\u00edry, byl brut\u00e1ln\u011b potrest\u00e1n.<\/strong><\/p>\n<p>Dnes Z\u00e1pad \u010del\u00ed vnit\u0159n\u00edmu p\u0159evzet\u00ed i vn\u011bj\u0161\u00edmu p\u0159evzet\u00ed. Na\u0161e vlastn\u00ed vl\u00e1dy se zapojily do skryt\u00e9 sabot\u00e1\u017ee t\u00edm, \u017ee zaplavily na\u0161e hranice migranty z t\u0159et\u00edho sv\u011bta a zavedly ideologie a politiky, kter\u00e9 jsou zcela v rozporu se z\u00e1padn\u00edmi ide\u00e1ly. Mnoho z t\u011bchto lid\u00ed je jednou nohou v archaick\u00e9 \u00e9\u0159e. Nev\u011b\u0159\u00ed ve v\u011bci jako rovnost, ale sp\u00ed\u0161e v to, \u017ee vl\u00e1dnou pred\u00e1to\u0159i a ob\u011bti se mus\u00ed pod\u0159\u00eddit.<\/p>\n<p>Pozvat takov\u00e9 lidi do USA a Evropy je jednozna\u010dn\u011b program, jak zni\u010dit na\u0161i civilizaci ciz\u00ed infiltrac\u00ed.<\/p>\n<p><strong>\u017d\u00e1dn\u00e1 vl\u00e1da to ned\u011bl\u00e1 n\u00e1hodou.<\/strong><\/p>\n<p>Z\u00e1rove\u0148 mezi n\u00e1mi existuje progresivn\u00ed\/komunistick\u00e1 vzpoura, financovan\u00e1 globalistick\u00fdmi z\u00e1jmy a vyu\u017e\u00edvaj\u00edc\u00ed korporace a neziskov\u00e9 instituce jako podp\u016frn\u00e9 struktury pro revoluci.<\/p>\n<p>Necht\u011bj\u00ed otev\u0159en\u00fd boj, proto\u017ee v\u011bd\u00ed, \u017ee by prohr\u00e1li. Sp\u00ed\u0161e se sna\u017e\u00ed oslabit n\u00e1\u0161 z\u00e1klad, demoralizovat n\u00e1s, tak\u017ee jakmile jsme zlomeni a nen\u00e1vid\u00edme se, mohou n\u00e1s libovoln\u011b lovit. Nejv\u00edce je to patrn\u00e9 ve Spojen\u00e9m kr\u00e1lovstv\u00ed a v Evrop\u011b, kde lid\u00e9 se zdrav\u00fdm rozumem vid\u00ed pozitivn\u00ed zm\u011bny v Americe z d\u00e1lky s pocitem touhy. Maj\u00ed pocit, \u017ee jsou pozadu \u2013 ob\u011b\u0165 multikulturn\u00edho obra.<\/p>\n<p><strong>To vyvol\u00e1v\u00e1 ot\u00e1zku: Sta\u010d\u00ed to zachr\u00e1nit Ameriku? Nebo je \u010das na novou a mo\u017en\u00e1 posledn\u00ed k\u0159\u00ed\u017eovou v\u00fdpravu?<\/strong><\/p>\n<p>Levi\u010d\u00e1ci \u010dasto mluv\u00ed o \u201etoleranci\u201c a obvi\u0148uj\u00ed konzervativce z poru\u0161ov\u00e1n\u00ed jejich k\u0159es\u0165ansk\u00fdch z\u00e1sad, kdy\u017e odm\u00edtaj\u00ed z\u016fstat lhostejn\u00ed k t\u011bm, kdo se chovaj\u00ed destruktivn\u011b. Politick\u00e1 levice a globalist\u00e9 mluv\u00ed o toleranci, proto\u017ee jde ruku v ruce s degenerac\u00ed. S toleranc\u00ed p\u0159ich\u00e1z\u00ed spole\u010densk\u00fd \u00fapadek do zh\u00fdralosti a zla, po \u010dem\u017e tou\u017e\u00ed nejv\u00edce.<\/p>\n<p>Tolerance znamen\u00e1 sn\u00e1\u0161et zlo\u010diny a p\u0159estupky druh\u00fdch, ani\u017e bychom o\u010dek\u00e1vali p\u0159\u00edpadnou n\u00e1pravu.<\/p>\n<p><strong>Tolerance NIKDY nebyla k\u0159es\u0165anskou hodnotou.<\/strong><\/p>\n<p>Bible sp\u00ed\u0161e u\u010d\u00ed milosrdenstv\u00ed a \u010dasto je milosrdn\u011bj\u0161\u00ed \u0161patn\u00e9 chov\u00e1n\u00ed napravit, ne\u017e v n\u011bm pokra\u010dovat. Kdo jde lehce na prut, kaz\u00ed globalistu. \u0158\u00edk\u00e1me tomu \u201etvrd\u00e1 l\u00e1ska\u201c a je nezbytn\u00e1 pro p\u0159e\u017eit\u00ed lidstva.<\/p>\n<p>Prvn\u00ed k\u0159\u00ed\u017eov\u00e1 v\u00fdprava byla mnohem v\u00edc ne\u017e jen geopolitick\u00e9 \u00fasil\u00ed vl\u00e1d z\u00edskat zp\u011bt ukraden\u00e1 \u00fazem\u00ed; byla to obrovsk\u00e1 duchovn\u00ed n\u00e1prava. Byl to podnik, kter\u00fd vytvo\u0159il velkou jednotu mezi oby\u010dejn\u00fdmi lidmi. Ve skute\u010dnosti to byli oby\u010dejn\u00ed lid\u00e9, nikoli monarchie, kdo umo\u017enil prvn\u00ed k\u0159\u00ed\u017eovou v\u00fdpravu. Pokud by se takov\u00e1 ud\u00e1lost opakovala, musela by b\u00fdt zalo\u017eena na podobn\u00e9m velkomysln\u00e9m z\u00e1m\u011bru a populismu.<\/p>\n<p>T\u011b\u017eko \u0159\u00edct, zda je takov\u00e1 inspirace je\u0161t\u011b mo\u017en\u00e1. Mysl\u00edm, \u017ee v Americe to tak ur\u010dit\u011b je, ale v Evrop\u011b je to sporn\u00e9. Snahy konzervativn\u011b orientovan\u00fdch stran h\u00e1jit z\u00e1padn\u00ed hodnoty v EU rostou, ale \u010del\u00ed zlomysln\u00e9 totalitn\u00ed opozici.<\/p>\n<p><strong>Nen\u00ed n\u00e1hodou, \u017ee Evropu za posledn\u00ed desetilet\u00ed zaplavili migranti z t\u0159et\u00edho sv\u011bta, v\u011bt\u0161inou muslimov\u00e9. Tyto skupiny funguj\u00ed jako tup\u00e1 zbra\u0148, kterou pou\u017e\u00edvaj\u00ed elity k uml\u010den\u00ed nesouhlasu m\u00edstn\u00edch ob\u010dan\u016f.<\/strong><\/p>\n<p>Kdy\u017e toto p\u00ed\u0161u, Britov\u00e9 \u010del\u00ed rostouc\u00edmu orwellovsk\u00e9mu \u00fatlaku. Strana AFD v N\u011bmecku je ohro\u017eena, i kdy\u017e je st\u00e1le v\u00edce p\u0159ij\u00edm\u00e1na voli\u010di; pokrokov\u00e9 elity se je sna\u017e\u00ed z voleb \u00fapln\u011b vylou\u010dit. Francouzsk\u00fd establishment podnik\u00e1 pr\u00e1vn\u00ed kroky proti sv\u00e9 politick\u00e9 opozici v N\u00e1rodn\u00ed koali\u010dn\u00ed stran\u011b a sna\u017e\u00ed se podkopat po\u017eadavky voli\u010d\u016f. N\u011bmecko i Rumunsko tvrd\u00ed, \u017ee maj\u00ed pr\u00e1vo ignorovat v\u00fdsledky voleb, pokud budou konzervativci nad\u00e1le vyhr\u00e1vat.<\/p>\n<p>V cel\u00e9 Evrop\u011b existuje koordinovan\u00e9 \u00fasil\u00ed zabr\u00e1nit konzervativn\u00edm skupin\u00e1m ve vstupu do vl\u00e1dy. Jedin\u00fdm m\u00edstem, kde se p\u0159\u00edliv skute\u010dn\u011b obr\u00e1til, jsou USA (a mo\u017en\u00e1 i Argentina). Ale m\u00e1me p\u0159ed sebou je\u0161t\u011b dlouhou cestu a vl\u00e1dn\u00ed reforma je pomal\u00e1. Je pot\u0159eba hnut\u00ed mimo politiku.<\/p>\n<p>Velk\u00fd strach centrist\u016f a libertari\u00e1n\u016f spo\u010d\u00edv\u00e1 v tom, \u017ee n\u00e1bo\u017eensky inspirovan\u00e9 hnut\u00ed povede k teokracii. Sd\u00edl\u00edm tyto obavy. Ano, n\u00e1bo\u017eensk\u00e9 instituce mohou b\u00fdt zkorumpov\u00e1ny, proto\u017ee instituce jsou ovl\u00e1d\u00e1ny lidmi, ale to plat\u00ed pro V\u0160ECHNY instituce. Jak dob\u0159e se vedlo sekul\u00e1rn\u00edmu veden\u00ed v minul\u00e9m stolet\u00ed? Ano, ne tak dob\u0159e.<\/p>\n<p>My\u0161lenka \u201eodd\u011blen\u00ed c\u00edrkve a st\u00e1tu\u201c nikdy nem\u011bla za c\u00edl odstranit k\u0159es\u0165ansk\u00e9 vlivy z vl\u00e1dy. M\u011blo to zabr\u00e1nit vl\u00e1d\u011b v zasahov\u00e1n\u00ed do individu\u00e1ln\u00edho n\u00e1bo\u017eensk\u00e9ho projevu. Amerika byla zalo\u017eena pod k\u0159es\u0165anskou doktr\u00ednou a veden\u00edm. N\u00e1vrat k t\u00e9to dynamice by byl v\u00edt\u00e1n, pokud bude zachov\u00e1na osobn\u00ed svoboda (svoboda s odpov\u011bdnost\u00ed).<\/p>\n<p><strong>Nenechte se m\u00fdlit, nep\u0159\u00edtel se sna\u017eil vybudovat svou vlastn\u00ed n\u00e1bo\u017eenskou \u0159\u00ed\u0161i.<\/strong><\/p>\n<p>Hnut\u00ed \u201eWoke\u201c je poh\u00e1n\u011bno sebeuct\u00edv\u00e1n\u00edm a uct\u00edv\u00e1n\u00edm byrokratick\u00e9 moci. Za oponou nejsou sekul\u00e1rn\u00ed a jejich horlivost je v\u011bt\u0161\u00ed ne\u017e u jak\u00e9koli jin\u00e9 sekty v ned\u00e1vn\u00e9 pam\u011bti. Tvrd\u00ed, \u017ee jsou ateist\u00e9 a pokrokov\u00ed ve sv\u00fdch z\u00e1sad\u00e1ch, ale r\u00e1di se spoj\u00ed s fundamentalisty t\u0159et\u00edho sv\u011bta, kte\u0159\u00ed zast\u00e1vaj\u00ed zcela opa\u010dn\u00e9 n\u00e1zory.\u00a0<strong>Pro\u010d? Proto\u017ee isl\u00e1m nep\u0159edstavuje \u017e\u00e1dnou hrozbu pro jejich kone\u010dn\u00e9 c\u00edle; K\u0159es\u0165anstv\u00ed ano.<\/strong><\/p>\n<p>Pokud by m\u011bla b\u00fdt nov\u00e1 k\u0159\u00ed\u017eov\u00e1 v\u00fdprava, musela by za\u010d\u00edt tady v Americe. Kdy\u017e v\u0161ak tak\u0159\u00edkaj\u00edc \u201evezmeme me\u010d\u201c, m\u016f\u017eeme to ud\u011blat s v\u011bdom\u00edm, \u017ee nejsme sami. Na Z\u00e1pad\u011b a po cel\u00e9m sv\u011bt\u011b jsou miliony a miliony lid\u00ed, kte\u0159\u00ed by n\u00e1s uv\u00edtali.<\/p>\n<p><strong>V na\u0161\u00ed spole\u010dnosti je hlubok\u00e1 touha po n\u00e1vratu k princip\u016fm, pot\u0159eba \u010distoty z\u00e1m\u011bru.<\/strong><\/p>\n<p>Vid\u00edm to ka\u017ed\u00fd den. Lid\u00e9 jsou ztraceni a pot\u0159ebuj\u00ed kompas. Ot\u00e1zkou je, kdo jim to d\u00e1? Lucifer\u0161t\u00ed globalist\u00e9? Probuzen\u00ed kultist\u00e9? Isl\u00e1msk\u00e9 hordy? Nebo my?<\/p>\n<\/div>\n<\/div>\n<div class=\"elementor-element elementor-element-8c57238 quelle dc-has-condition dc-condition-empty elementor-widget elementor-widget-heading\" data-id=\"8c57238\" data-element_type=\"widget\" data-widget_type=\"heading.default\">\n<div class=\"elementor-widget-container\">\n<h3 class=\"elementor-heading-title elementor-size-default\"><span style=\"font-size: 10pt;\"><a href=\"https:\/\/alt-market.us\/do-we-need-a-final-crusade-to-save-the-western-world\/\" target=\"_blank\" rel=\"nofollow noopener\">Zdroj<\/a><\/span><\/h3>\n<\/div>\n<\/div>\n","protected":false},"excerpt":{"rendered":"<p>B\u011bhem minul\u00e9ho t\u00fddne jsem sledoval vzru\u0161en\u00ed kolem potvrzen\u00ed kabinetu Donalda Trumpa, zejm\u00e9na proto, \u017ee slo\u017een\u00ed&#8230;<\/p>\n","protected":false},"author":2,"featured_media":71256,"comment_status":"closed","ping_status":"closed","sticky":false,"template":"","format":"standard","meta":[],"categories":[7],"tags":[1503,794,5303,365],"_links":{"self":[{"href":"https:\/\/www.infokuryr.cz\/n\/wp-json\/wp\/v2\/posts\/71255"}],"collection":[{"href":"https:\/\/www.infokuryr.cz\/n\/wp-json\/wp\/v2\/posts"}],"about":[{"href":"https:\/\/www.infokuryr.cz\/n\/wp-json\/wp\/v2\/types\/post"}],"author":[{"embeddable":true,"href":"https:\/\/www.infokuryr.cz\/n\/wp-json\/wp\/v2\/users\/2"}],"replies":[{"embeddable":true,"href":"https:\/\/www.infokuryr.cz\/n\/wp-json\/wp\/v2\/comments?post=71255"}],"version-history":[{"count":1,"href":"https:\/\/www.infokuryr.cz\/n\/wp-json\/wp\/v2\/posts\/71255\/revisions"}],"predecessor-version":[{"id":71257,"href":"https:\/\/www.infokuryr.cz\/n\/wp-json\/wp\/v2\/posts\/71255\/revisions\/71257"}],"wp:featuredmedia":[{"embeddable":true,"href":"https:\/\/www.infokuryr.cz\/n\/wp-json\/wp\/v2\/media\/71256"}],"wp:attachment":[{"href":"https:\/\/www.infokuryr.cz\/n\/wp-json\/wp\/v2\/media?parent=71255"}],"wp:term":[{"taxonomy":"category","embeddable":true,"href":"https:\/\/www.infokuryr.cz\/n\/wp-json\/wp\/v2\/categories?post=71255"},{"taxonomy":"post_tag","embeddable":true,"href":"https:\/\/www.infokuryr.cz\/n\/wp-json\/wp\/v2\/tags?post=71255"}],"curies":[{"name":"wp","href":"https:\/\/api.w.org\/{rel}","templated":true}]}}