{"id":71212,"date":"2025-01-30T00:36:17","date_gmt":"2025-01-29T23:36:17","guid":{"rendered":"https:\/\/www.infokuryr.cz\/n\/?p=71212"},"modified":"2025-01-29T17:03:46","modified_gmt":"2025-01-29T16:03:46","slug":"connor-okeeffe-proc-musel-joe-biden-omilostnit-anthonyho-fauciho","status":"publish","type":"post","link":"https:\/\/www.infokuryr.cz\/n\/2025\/01\/30\/connor-okeeffe-proc-musel-joe-biden-omilostnit-anthonyho-fauciho\/","title":{"rendered":"Connor O&#8217;Keeffe: Pro\u010d musel Joe Biden omilostnit Anthonyho Fauciho"},"content":{"rendered":"<div id=\"fb-root\"><\/div>\n<div class=\"elementor-element elementor-element-1fb4c2c elementor-widget elementor-widget-theme-post-content\" data-id=\"1fb4c2c\" data-element_type=\"widget\" data-widget_type=\"theme-post-content.default\">\n<div class=\"elementor-widget-container\">\n<p><span>V pond\u011bl\u00ed, v posledn\u00edch hodin\u00e1ch jeho funk\u010dn\u00edho obdob\u00ed, se t\u00fdm b\u00fdval\u00e9ho prezidenta Bidena rozhodl ud\u011blit plo\u0161n\u00e9 milosti \u0159ad\u011b bl\u00edzk\u00fdch politick\u00fdch spojenc\u016f a rodinn\u00fdch p\u0159\u00edslu\u0161n\u00edk\u016f. Do t\u00e9to skupiny pat\u0159il i b\u00fdval\u00fd \u0159editel N\u00e1rodn\u00edho institutu pro alergie a infek\u010dn\u00ed nemoci Anthony Fauci.<\/span><\/p>\n<p><span>Fauci byl\u00a0<\/span><a href=\"https:\/\/x.com\/disclosetv\/status\/1881379868795076652\/photo\/1\" target=\"_blank\" rel=\"noreferrer noopener\"><span>omilostn\u011bn<\/span><\/a><span>\u00a0\u201eza jak\u00fdkoli trestn\u00fd \u010din proti Spojen\u00fdm st\u00e1t\u016fm, kter\u00fd sp\u00e1chal nebo se na n\u011bm pod\u00edlel v obdob\u00ed od 1. ledna 2014 do data ud\u011blen\u00ed milosti\u201c, zp\u016fsobem souvisej\u00edc\u00edm s jeho p\u016fsoben\u00edm ve funkci \u0159editele NIAID v pracovn\u00ed skupin\u011b pro koronaviry B\u00edl\u00fd d\u016fm, t\u00fdm B\u00edl\u00e9ho domu pro reakci na Covid-19 nebo jako Biden\u016fv hlavn\u00ed l\u00e9ka\u0159sk\u00fd poradce.<\/span><\/p>\n<p><span>V dopise vysv\u011btluj\u00edc\u00edm milosti Biden obhajoval sv\u00e9 rozhodnut\u00ed slovy: &#8222;Nepodlo\u017een\u00e9 a politicky motivovan\u00e9 vy\u0161et\u0159ov\u00e1n\u00ed ni\u010d\u00ed \u017eivoty, bezpe\u010dnost a finan\u010dn\u00ed zabezpe\u010den\u00ed z\u00fa\u010dastn\u011bn\u00fdch jednotlivc\u016f a jejich rodin,&#8220; i kdy\u017e tito jednotlivci neud\u011blali nic \u0161patn\u00e9ho. &#8222;Pouh\u00e1 skute\u010dnost, \u017ee jsou vy\u0161et\u0159ov\u00e1ni nebo st\u00edh\u00e1ni, m\u016f\u017ee zp\u016fsobit nenapraviteln\u00e9 po\u0161kozen\u00ed jejich pov\u011bsti a financ\u00ed.&#8220;<\/span><\/p>\n<p><span>Krom\u011b toho, \u017ee to byla pr\u00e1v\u011b taktika, kterou se politick\u00fd establishment sna\u017eil po\u0161pinit Trumpovu pov\u011bst, je v\u00fdmluvn\u00e9, \u017ee hlavn\u00edm d\u016fvodem pro omilostn\u011bn\u00ed na ve\u0159ejnosti bylo vyhnout se vy\u0161et\u0159ov\u00e1n\u00ed.<\/span><\/p>\n<p><span>O Fauciho kari\u00e9\u0159e je samoz\u0159ejm\u011b mnoho nep\u0159\u00edjemn\u00fdch detail\u016f, kter\u00e9 si politick\u00fd establishment nep\u0159eje, aby se znovu objevily u soudu nebo p\u0159ed ve\u0159ejn\u00fdm m\u00edn\u011bn\u00edm. Mnoh\u00e9 byly\u00a0podrobn\u011b pops\u00e1ny v\u00a0<\/span><em><span>The Real Anthony Fauci<\/span><\/em><span>\u00a0od RFK Jr. , jako jsou tajn\u00e9 a smrt\u00edc\u00ed experimenty s drogami na stovk\u00e1ch HIV pozitivn\u00edch p\u011bstounsk\u00fdch d\u011bt\u00ed v Incarnation Children&#8217;s Center v New Yorku v letech 1988 a\u017e 2002 a experiment, ve kter\u00e9m hlavy\u00a0\u0161t\u011b\u0148at b\u00edgla byla zav\u0159en\u00e1 v klec\u00edch pln\u00fdch maso\u017erav\u00e9ho hmyzu.<\/span><\/p>\n<p><span>Kdyby se Fauci dostal pod mikroskop feder\u00e1ln\u00ed vl\u00e1dy, mohly by podobn\u00e9 epizody zna\u010dn\u011b po\u0161pinit jm\u00e9no mu\u017ee, kter\u00e9ho Biden ned\u00e1vno nazval \u201eskute\u010dn\u00fdm hrdinou\u201c.<\/span><\/p>\n<p><span>Tot\u00e9\u017e plat\u00ed pro Fauciho divoce nep\u0159esnou p\u0159edpov\u011b\u010f nebezpe\u010d\u00ed, kter\u00e9 p\u0159edstavuje kmen prase\u010d\u00ed ch\u0159ipky v 70. letech 20. stolet\u00ed, a miliony dolar\u016f za \u0161kody, kter\u00e9 byla vl\u00e1da nucena zaplatit za zran\u011bn\u00ed utrp\u011bn\u00e1 p\u0159i souvisej\u00edc\u00edch testech o\u010dkov\u00e1n\u00ed proti prase\u010d\u00ed ch\u0159ipce.<\/span><\/p>\n<p><span>Fauci tak\u00e9 u\u010dinil podobn\u00e9 nespr\u00e1vn\u00e9 p\u0159edpov\u011bdi pro pta\u010d\u00ed ch\u0159ipku v roce 2005, prase\u010d\u00ed ch\u0159ipku v roce 2009 a virus Zika v roce 2016. Ve v\u0161ech t\u011bchto p\u0159\u00edpadech nebyl virus zdaleka tak nebezpe\u010dn\u00fd, jak Fauci tvrdil. Ale jeho varov\u00e1n\u00ed vedla k tomu, \u017ee jeho odd\u011blen\u00ed a dal\u0161\u00ed \u010d\u00e1sti washingtonsk\u00e9ho ministerstva zdravotnictv\u00ed a soci\u00e1ln\u00edch slu\u017eeb obdr\u017eely miliardy dolar\u016f nov\u00fdch finan\u010dn\u00edch prost\u0159edk\u016f.<\/span><\/p>\n<p><span>Tyto epizody samoz\u0159ejm\u011b blednou ve srovn\u00e1n\u00ed s t\u00edm, \u010d\u00edm je Fauci nyn\u00ed nejslavn\u011bj\u0161\u00ed: dohledem nad pandemi\u00ed Covid.<\/span><\/p>\n<p><span>Fauci brzy v televizi vysv\u011btlil, \u017ee l\u00e1tkov\u00e9 masky nemohou zabr\u00e1nit lidem naka\u017een\u00fdm Covidem, aby naplnili vzduch kolem nich virov\u00fdmi \u010d\u00e1sticemi. Pot\u00e9 zcela zm\u011bnil sv\u016fj postoj a vyslovil se pro obecn\u00fd po\u017eadavek na masky a st\u00e1tn\u00ed p\u0159edpisy o mask\u00e1ch.<\/span><\/p>\n<p><span>Pozd\u011bji tvrdil, \u017ee jeho p\u0159edchoz\u00ed v\u00fdroky v televizi byly l\u017ei, jejich\u017e c\u00edlem bylo vyd\u011bsit ve\u0159ejnost, aby si nekupovala rou\u0161ky, aby se zachovala nab\u00eddka rou\u0161ek pro zdravotnick\u00e9 pracovn\u00edky, kte\u0159\u00ed ve skute\u010dnosti pou\u017e\u00edvali jin\u00fd typ rou\u0161ek. Pot\u00e9 vyj\u00e1d\u0159il zmatek, kdy\u017e mu velk\u00e1 \u010d\u00e1st ve\u0159ejnosti p\u0159estala v\u011b\u0159it.<\/span><\/p>\n<p><span>Fauci za\u010d\u00e1tkem dubna 2020 \u0159ekl, \u017ee vol\u00e1 po celost\u00e1tn\u00edch odst\u00e1vk\u00e1ch \u2013 n\u011bco, co by pozd\u011bji pop\u0159el. Kdy\u017e se n\u011bkter\u00e9 st\u00e1ty jako Florida o m\u011bs\u00edce pozd\u011bji znovu otev\u0159ely, Fauci varoval\u00a0<\/span><a href=\"https:\/\/www.washingtonpost.com\/nation\/2020\/05\/01\/fauci-open-states-coronavirus\/\" target=\"_blank\" rel=\"noreferrer noopener\"><span>guvern\u00e9ry, \u017ee podstupuj\u00ed \u201eopravdu velk\u00e9 riziko\u201c.<\/span><\/a><\/p>\n<p><span>Ka\u017ed\u00e9mu, kdo se pod\u00edval pozorn\u011b, bylo rychle jasn\u00e9, \u017ee Fauci se ve sv\u00e9m hodnocen\u00ed \u00fa\u010dinnosti maskov\u00e1n\u00ed a blokov\u00e1n\u00ed hluboce m\u00fdlil. Fauci ale data ignoroval a prosazoval tato opat\u0159en\u00ed a\u017e do roku 2021, kdy u\u017e byly vakc\u00edny dostupn\u00e9.<\/span><\/p>\n<p><span>Dal\u0161\u00edm faktem, kter\u00fd se uk\u00e1zal na po\u010d\u00e1tku pandemie, bylo, \u017ee d\u011bti jsou vystaveny n\u00edzk\u00e9mu riziku n\u00e1kazy a \u0161\u00ed\u0159en\u00ed Covidem. P\u0159esto Fauci prosazoval uzav\u0159en\u00ed \u0161kol a pozd\u011bji maskov\u00e1n\u00ed \u0161kol, dlouho pot\u00e9, co se jasn\u011b uk\u00e1zalo, \u017ee oboj\u00ed je zbyte\u010dn\u00e9.<\/span><\/p>\n<p><span>A nakonec Fauci u\u010dinil\u00a0<\/span><a href=\"https:\/\/www.nbcnews.com\/health\/health-news\/looming-question-fauci-says-studies-suggest-vaccines-slow-virus-spread-n1258142\" target=\"_blank\" rel=\"noreferrer noopener\"><span>n\u011bkolik<\/span><\/a><span>\u00a0v\u00fdznamn\u00fdch\u00a0<\/span><a href=\"https:\/\/thehill.com\/homenews\/sunday-talk-shows\/553773-fauci-vaccinated-people-become-dead-ends-for-the-coronavirus\/\" target=\"_blank\" rel=\"noreferrer noopener\"><span>tvrzen\u00ed<\/span><\/a><span>\u00a0o vakc\u00edn\u00e1ch Covid, kter\u00e9 se rychle uk\u00e1zaly jako nepravdiv\u00e9.<\/span><\/p>\n<p><span>Ale nen\u00ed zlo\u010din d\u011blat fale\u0161n\u00e9 p\u0159edpov\u011bdi a d\u00e1vat \u0161patn\u00e9 rady. Pro\u010d se tedy politick\u00e1 t\u0159\u00edda ob\u00e1vala, \u017ee ministerstvo spravedlnosti bude Fauciho vy\u0161et\u0159ovat? Proto\u017ee feder\u00e1ln\u00ed vy\u0161et\u0159ov\u00e1n\u00ed by pravd\u011bpodobn\u011b m\u011blo co do \u010din\u011bn\u00ed se spekulacemi, \u017ee Fauci hr\u00e1l roli p\u0159i zah\u00e1jen\u00ed pandemie.<\/span><\/p>\n<p><span>Kontroverzn\u00ed metodou studia vir\u016f je um\u011ble u\u010dinit virus p\u0159enosn\u011bj\u0161\u00edm nebo virulentn\u011bj\u0161\u00edm. Tento takzvan\u00fd v\u00fdzkum \u201egain-of-function\u201c umo\u017e\u0148uje mnohem rychleji analyzovat mutace viru nebo mo\u017en\u00e9 l\u00e9\u010dby, ale nese s sebou riziko, \u017ee mnohem nebezpe\u010dn\u011bj\u0161\u00ed geneticky upraven\u00fd virus by mohl infikovat lidi, pokud vzorek unikne.<\/span><\/p>\n<p><span>V\u00edme, \u017ee nevl\u00e1dn\u00ed organizace (NGO) financovan\u00e1 Fauciho odd\u011blen\u00edm financovala v letech 2017 a 2018 v\u00fdzkum netop\u00fd\u0159\u00edch koronavir\u016f v laborato\u0159i ve Wuhanu v \u010c\u00edn\u011b. A \u017ee tat\u00e1\u017e nevl\u00e1dn\u00ed organizace\u00a0\u00a0<\/span><a href=\"https:\/\/www.usaspending.gov\/award\/ASST_NON_R01AI110964_7529\" target=\"_blank\" rel=\"noreferrer noopener\"><span>dost\u00e1vala feder\u00e1ln\u00ed finan\u010dn\u00ed prost\u0159edky p\u0159i prov\u00e1d\u011bn\u00ed v\u00fdzkumu zisku z funkce od roku 2014, kdy vstoupil v platnost t\u0159\u00edlet\u00fd\u00a0\u00a0<\/span><\/a><a href=\"https:\/\/www.science.org\/content\/article\/us-halts-funding-new-risky-virus-studies-calls-voluntary-moratorium\" target=\"_blank\" rel=\"noreferrer noopener\"><span>z\u00e1kaz<\/span><\/a><span>\u00a0pou\u017e\u00edv\u00e1n\u00ed feder\u00e1ln\u00edch fond\u016f na takov\u00e9 experimenty a kdy vstoupila v platnost Fauciho milost.<\/span><\/p>\n<p><span>I kdy\u017e neexistuj\u00ed \u017e\u00e1dn\u00e9 d\u016fkazy o tom, \u017ee by tyto experimenty souvisely s koronavirem, kter\u00fd se roz\u0161\u00ed\u0159il z Wu-chanu na konci roku 2019 a na za\u010d\u00e1tku roku 2020, zat\u00edm nev\u00edme mnoho o rozsahu zapojen\u00ed USA do podobn\u00fdch experiment\u016f ve Wuhansk\u00e9 laborato\u0159i, kdy se Covid za\u010dal \u0161\u00ed\u0159it.<\/span><\/p>\n<p><span>Tato skute\u010dnost spolu s panick\u00fdm a tajn\u016fstk\u00e1\u0159sk\u00fdm\u00a0<\/span><a href=\"https:\/\/brownstone.org\/articles\/the-lab-leak-the-plots-and-schemes-of-jeremy-farrar-anthony-fauci-and-francis-collins\/\" target=\"_blank\" rel=\"noreferrer noopener\"><span>chov\u00e1n\u00edm<\/span><\/a><span>\u00a0Fauciho a jeho koleg\u016f pot\u00e9, co se objevily prvn\u00ed zpr\u00e1vy o Covidu, vyvolala podez\u0159en\u00ed na mo\u017en\u00e9 zapojen\u00ed americk\u00e9 vl\u00e1dy do p\u016fvodu Covidu. Bidenovo ministerstvo spravedlnosti odm\u00edtlo tyto z\u00e1le\u017eitosti vy\u0161et\u0159ovat. Ale pot\u00e9, co sen\u00e1tor Rand Paul p\u0159im\u011bl Fauciho, aby pod p\u0159\u00edsahou v\u00fdslovn\u011b pop\u0159el, \u017ee jeho odd\u011blen\u00ed financovalo v\u00fdzkum zisk\u016f z funkce v laborato\u0159i ve Wu-chanu, zb\u00fdvalo vy\u0161et\u0159ov\u00e1n\u00ed pravdivosti tohoto tvrzen\u00ed, aby se zjistilo, zda Fauci k\u0159iv\u011b p\u0159\u00edsahal.<\/span><\/p>\n<p><span>To bylo do t\u00e9 doby, ne\u017e mu Biden v pond\u011bl\u00ed r\u00e1no ud\u011blil milost.<\/span><\/p>\n<p><span>Feder\u00e1ln\u00ed vy\u0161et\u0159ov\u00e1n\u00ed by donutilo m\u00e9dia znovu pro\u0161et\u0159it mnoho Fauciho nespr\u00e1vn\u00fdch \u010din\u016f, opomenut\u00ed a mo\u017en\u00fdch zlo\u010din\u016f. To by bylo nepohodln\u00e9 pro politick\u00fd establishment, kter\u00fd Fauciho p\u0159ijal a oslavoval po cel\u00e1 desetilet\u00ed.<\/span><\/p>\n<p><span>Skute\u010dn\u00fdm nebezpe\u010d\u00edm vysoce postaven\u00e9ho Fauciho vy\u0161et\u0159ov\u00e1n\u00ed z pohledu politick\u00e9 t\u0159\u00eddy by v\u0161ak bylo, \u017ee by se ve\u0159ejnost za\u010dala pt\u00e1t, pro\u010d byrokrat s tak dlouhou histori\u00ed ne\u00fasp\u011bch\u016f byl p\u0159ijat a oslavov\u00e1n t\u011bmi, kdo jsou u moci. A pro\u010d m\u011bl p\u0159ed odchodem do d\u016fchodu tolik profesion\u00e1ln\u00edch \u00fasp\u011bch\u016f s \u010dist\u00fdm jm\u011bn\u00edm v\u00edce ne\u017e 11 milion\u016f dolar\u016f.<\/span><\/p>\n<p><span>Takov\u00e9 ot\u00e1zky by mohly v\u00e9st k zamy\u0161len\u00ed, \u017ee mo\u017en\u00e1 des\u00edtky let trvaj\u00edc\u00ed chyby, kter\u00e9 nasm\u011brovaly stovky miliard dolar\u016f da\u0148ov\u00fdch poplatn\u00edk\u016f do ve\u0159ejn\u00fdch zdravotnick\u00fdch agentur, farmaceutick\u00fdch spole\u010dnost\u00ed a zn\u00e1m\u00e9ho syst\u00e9mu zdravotn\u00ed p\u00e9\u010de jako celku, nakonec nebyly chyby. Mo\u017en\u00e1, \u017ee ve\u0159ejn\u00fd zdravotnick\u00fd apar\u00e1t nen\u00ed nic jin\u00e9ho ne\u017e v\u00fdtr\u017enictv\u00ed a \u00fa\u0159edn\u00edci jsou odm\u011b\u0148ov\u00e1ni nikoli za to, \u017ee n\u00e1s udr\u017euj\u00ed v bezpe\u010d\u00ed, ale za ochranu a roz\u0161i\u0159ov\u00e1n\u00ed t\u00e9to v\u00fdtr\u017enosti.<\/span><\/p>\n<p><span>To jsou ot\u00e1zky, kter\u00e9 by mohly vyvstat, kdyby feder\u00e1ln\u00ed vy\u0161et\u0159ov\u00e1n\u00ed vedlo k p\u0159ezkoum\u00e1n\u00ed a prozkoum\u00e1n\u00ed kari\u00e9ry a chov\u00e1n\u00ed Anthonyho Fauciho. A proto Bidenovi nezbylo nic jin\u00e9ho, \u200b\u200bne\u017e ho omilostnit.<\/span><\/p>\n<p><em>Autor: Connor O&#8217;Keeffe<\/em><\/p>\n<\/div>\n<\/div>\n<div class=\"elementor-element elementor-element-8c57238 quelle dc-has-condition dc-condition-empty elementor-widget elementor-widget-heading\" data-id=\"8c57238\" data-element_type=\"widget\" data-widget_type=\"heading.default\">\n<div class=\"elementor-widget-container\">\n<h3 class=\"elementor-heading-title elementor-size-default\"><span style=\"font-size: 10pt;\"><a href=\"https:\/\/www.lewrockwell.com\/2025\/01\/no_author\/why-joe-biden-had-to-pardon-anthony-fauci\/\" target=\"_blank\" rel=\"nofollow noopener\">Zdroj<\/a><\/span><\/h3>\n<p>&nbsp;<\/p>\n<\/div>\n<\/div>\n","protected":false},"excerpt":{"rendered":"<p>V pond\u011bl\u00ed, v posledn\u00edch hodin\u00e1ch jeho funk\u010dn\u00edho obdob\u00ed, se t\u00fdm b\u00fdval\u00e9ho prezidenta Bidena rozhodl ud\u011blit&#8230;<\/p>\n","protected":false},"author":2,"featured_media":70083,"comment_status":"closed","ping_status":"closed","sticky":false,"template":"","format":"standard","meta":[],"categories":[7],"tags":[72,549,4582],"_links":{"self":[{"href":"https:\/\/www.infokuryr.cz\/n\/wp-json\/wp\/v2\/posts\/71212"}],"collection":[{"href":"https:\/\/www.infokuryr.cz\/n\/wp-json\/wp\/v2\/posts"}],"about":[{"href":"https:\/\/www.infokuryr.cz\/n\/wp-json\/wp\/v2\/types\/post"}],"author":[{"embeddable":true,"href":"https:\/\/www.infokuryr.cz\/n\/wp-json\/wp\/v2\/users\/2"}],"replies":[{"embeddable":true,"href":"https:\/\/www.infokuryr.cz\/n\/wp-json\/wp\/v2\/comments?post=71212"}],"version-history":[{"count":0,"href":"https:\/\/www.infokuryr.cz\/n\/wp-json\/wp\/v2\/posts\/71212\/revisions"}],"wp:featuredmedia":[{"embeddable":true,"href":"https:\/\/www.infokuryr.cz\/n\/wp-json\/wp\/v2\/media\/70083"}],"wp:attachment":[{"href":"https:\/\/www.infokuryr.cz\/n\/wp-json\/wp\/v2\/media?parent=71212"}],"wp:term":[{"taxonomy":"category","embeddable":true,"href":"https:\/\/www.infokuryr.cz\/n\/wp-json\/wp\/v2\/categories?post=71212"},{"taxonomy":"post_tag","embeddable":true,"href":"https:\/\/www.infokuryr.cz\/n\/wp-json\/wp\/v2\/tags?post=71212"}],"curies":[{"name":"wp","href":"https:\/\/api.w.org\/{rel}","templated":true}]}}