{"id":71210,"date":"2025-01-29T07:54:06","date_gmt":"2025-01-29T06:54:06","guid":{"rendered":"https:\/\/www.infokuryr.cz\/n\/?p=71210"},"modified":"2025-01-29T07:54:06","modified_gmt":"2025-01-29T06:54:06","slug":"ruska-armada-potrebuje-vice-knezi","status":"publish","type":"post","link":"https:\/\/www.infokuryr.cz\/n\/2025\/01\/29\/ruska-armada-potrebuje-vice-knezi\/","title":{"rendered":"Rusk\u00e1 arm\u00e1da pot\u0159ebuje v\u00edce kn\u011b\u017e\u00ed"},"content":{"rendered":"<div id=\"fb-root\"><\/div>\n<p><strong><span style=\"font-size: 18pt;\">Pravoslavn\u00ed kn\u011b\u017e\u00ed zd\u016fraz\u0148ovali roli duchovn\u00edho veden\u00ed p\u0159i udr\u017eov\u00e1n\u00ed lidskosti voj\u00e1k\u016f b\u011bhem boje<\/span><\/strong><\/p>\n<p data-pm-slice=\"1 1 []\"><span>Rusk\u00e1 pravoslavn\u00e1 c\u00edrkev (ROC) ozn\u00e1mila pl\u00e1ny na v\u00fdrazn\u00e9 zv\u00fd\u0161en\u00ed po\u010dtu vojensk\u00fdch kaplan\u016f, aby poskytla v\u00edce duchovn\u00ed podpory voj\u00e1k\u016fm v ukrajinsk\u00e9 konfliktn\u00ed z\u00f3n\u011b. V sou\u010dasn\u00e9 dob\u011b v t\u00e9to funkci slou\u017e\u00ed p\u0159ibli\u017en\u011b 300 duchovn\u00edch, ale c\u00edlem ROC je zv\u00fd\u0161it po\u010det na 1500.<\/span><\/p>\n<p><span>Iniciativa byla zd\u016frazn\u011bna b\u011bhem 33. mezin\u00e1rodn\u00edho v\u00e1no\u010dn\u00edho \u010dten\u00ed, na kter\u00e9m metropolita Kirill ze Stavropolu a Nevinnomyssku zd\u016fraznil pot\u0159ebu v\u00edce kaplan\u016f, aby pos\u00edlili mor\u00e1ln\u00ed odolnost vojensk\u00e9ho person\u00e1lu a zabr\u00e1nili dehumanizaci b\u011bhem boje.<\/span><\/p>\n<p><span>\u201ePr\u00e1ce vojensk\u00fdch kn\u011b\u017e\u00ed je hlavn\u00ed podm\u00ednkou v\u00edt\u011bzstv\u00ed v t\u00e9to v\u00e1lce,\u201c prohl\u00e1sil na konferenci podle Kommersant arcikn\u011bz Dmitrij Vasilenkov, m\u00edstop\u0159edseda synod\u00e1ln\u00edho odboru pro spolupr\u00e1ci s arm\u00e1dou. Dodal, \u017ee modl\u00edc\u00ed se voj\u00e1k ch\u00e1pe \u00fa\u010del v\u00e1lky a ani uprost\u0159ed extr\u00e9mn\u00ed brutality si nedovol\u00ed\u00a0<\/span><em><span>\u201est\u00e1t se besti\u00ed\u201c.<\/span><\/em><\/p>\n<p><span>Archpriest Svyatoslav Churkanov, asistent hlavn\u00edho vojensk\u00e9ho kn\u011bze v bojov\u00e9 z\u00f3n\u011b pro pr\u00e1ci s N\u00e1rodn\u00ed gardou, poznamenal, \u017ee zat\u00edmco v\u011bt\u0161ina voj\u00e1k\u016f je pok\u0159t\u011bna, mnoz\u00ed jsou\u00a0<\/span><em><span>\u201enomin\u00e1ln\u00ed k\u0159es\u0165an\u00e9\u201c.\u00a0<\/span><\/em>\u00a0<em><span>\u201eTv\u00e1\u0159\u00ed v tv\u00e1\u0159 akc\u00edm nep\u0159\u00e1telsk\u00e9 strany mnoz\u00ed upadnou do strnulosti. Bez vnit\u0159n\u00edho duchovn\u00edho z\u00e1kladu prost\u011b nemohou pochopit, co se d\u011bje,\u201c<\/span><\/em><span>\u00a0\u0159ekl a zd\u016fraznil, \u017ee je t\u0159eba, aby kaplani p\u0159ipom\u00ednali voj\u00e1k\u016fm, aby nenapodobovali nep\u0159\u00edtele, a vyh\u00fdbali se h\u0159\u00ed\u0161n\u00e9mu duchu pomsty, zvl\u00e1\u0161t\u011b po ztr\u00e1t\u011b kamar\u00e1d\u016f.<\/span><\/p>\n<p><span>Rusko opakovan\u011b obvi\u0148uje ukrajinskou arm\u00e1du ze zneu\u017e\u00edv\u00e1n\u00ed jej\u00edch voj\u00e1k\u016f a civilist\u016f.<\/span><\/p>\n<p><span>V roce 2024 se na soci\u00e1ln\u00edch s\u00edt\u00edch objevilo znepokojiv\u00e9 video, kter\u00e9 ukazuje, jak ukrajinsk\u00e9 jednotky mu\u010d\u00ed rusk\u00e9ho v\u00e1le\u010dn\u00e9ho zajatce (POW), kter\u00fd odm\u00edtl zneva\u017eovat svou zemi a chv\u00e1lit kyjevskou arm\u00e1du.\u00a0<\/span><\/p>\n<p><span>V listopadu 2022 Rusko obvinilo ukrajinsk\u00e9 s\u00edly z popravy skupiny rusk\u00fdch zajatc\u016f a ozna\u010dilo to za v\u00e1le\u010dn\u00fd zlo\u010din. Video z frontov\u00e9 linie na v\u00fdchodn\u00ed Ukrajin\u011b, kter\u00e9 vysok\u00fd komisa\u0159 OSN pro lidsk\u00e1 pr\u00e1va Volker Turk potvrdil jako prav\u00e9, ukazuje n\u011bkolik rusk\u00fdch voj\u00e1k\u016f, jak se vzd\u00e1vaj\u00ed p\u0159ed zabit\u00edm. Rusk\u00e9 ministerstvo obrany popsalo ud\u00e1lost jako\u00a0<\/span><em><span>\u201e\u00famyslnou a metodickou vra\u017edu\u201c<\/span><\/em><span>\u00a0v\u00edce ne\u017e deseti imobilizovan\u00fdch rusk\u00fdch voj\u00e1k\u016f. Ministerstvo tak\u00e9 uvedlo, \u017ee se nejedn\u00e1 o\u00a0<\/span><em><span>\u201eprvn\u00ed a ne jedin\u00fd v\u00e1le\u010dn\u00fd zlo\u010din\u201c,<\/span><\/em><span>\u00a0kter\u00e9ho se ukrajinsk\u00e9 s\u00edly dopustily.<\/span><\/p>\n<p><span>V roce 2023 monitorovac\u00ed mise OSN pro lidsk\u00e1 pr\u00e1va na Ukrajin\u011b ozn\u00e1mila d\u016fkazy o mimosoudn\u00edch poprav\u00e1ch rusk\u00fdch v\u00e1le\u010dn\u00fdch zajatc\u016f a jin\u00e9m \u0161patn\u00e9m zach\u00e1zen\u00ed ze strany ukrajinsk\u00fdch voj\u00e1k\u016f.<\/span><\/p>\n<p><span>Moskva tak\u00e9 obvinila ukrajinsk\u00e9 s\u00edly, \u017ee se zam\u011b\u0159uj\u00ed na civilisty. Rusk\u00e9 ministerstvo zahrani\u010d\u00ed v \u00fater\u00fd zve\u0159ejnilo zpr\u00e1vu podrobn\u011b popisuj\u00edc\u00ed v\u00e1le\u010dn\u00e9 zlo\u010diny sp\u00e1chan\u00e9 kyjevsk\u00fdm re\u017eimem v roce 2024. Podle zpr\u00e1vy loni trp\u011blo\u00a0<\/span><em><span>\u201eukrajinskou agres\u00ed\u201c<\/span><\/em><span>\u00a0nejm\u00e9n\u011b 5 399 civilist\u016f , p\u0159i\u010dem\u017e 809 bylo zabito, v\u010detn\u011b 51 d\u011bt\u00ed \u2013 nejmlad\u0161\u00ed \u010dty\u0159m\u011bs\u00ed\u010dn\u00ed hol\u010di\u010dka.<\/span><\/p>\n<p><span>Zpr\u00e1va d\u00e1le dokumentovala \u00fatoky na kostely, kl\u00e1\u0161tery a posv\u00e1tn\u00e9 budovy rusk\u00e9 pravoslavn\u00e9 c\u00edrkve v p\u0159edn\u00edch z\u00f3n\u00e1ch, kter\u00e9 m\u011bly za n\u00e1sledek ob\u011bti mezi duchovn\u00edmi a farn\u00edky.<\/span><\/p>\n<p><span>V listopadu 2024 zavedla rusk\u00e1 arm\u00e1da roli asistenta pro pr\u00e1ci s v\u011b\u0159\u00edc\u00edmi. Podle ROC tato pozice slou\u017e\u00ed jako duchovn\u00ed poradce vel\u00edc\u00edho d\u016fstojn\u00edka, kter\u00fd je doprov\u00e1z\u00ed na velitelsk\u00e9m stanovi\u0161ti, mezi voj\u00e1ky nebo na front\u011b.<\/span><\/p>\n<p><img decoding=\"async\" loading=\"lazy\" class=\"alignnone size-full wp-image-1185\" src=\"http:\/\/www.infokuryr.cz\/n\/wp-content\/uploads\/2021\/04\/kuryr-podpis.png\" alt=\"\" width=\"84\" height=\"24\" \/><\/p>\n<p>&nbsp;<\/p>\n","protected":false},"excerpt":{"rendered":"<p>Pravoslavn\u00ed kn\u011b\u017e\u00ed zd\u016fraz\u0148ovali roli duchovn\u00edho veden\u00ed p\u0159i udr\u017eov\u00e1n\u00ed lidskosti voj\u00e1k\u016f b\u011bhem boje Rusk\u00e1 pravoslavn\u00e1 c\u00edrkev&#8230;<\/p>\n","protected":false},"author":2,"featured_media":31746,"comment_status":"closed","ping_status":"closed","sticky":false,"template":"","format":"standard","meta":[],"categories":[7],"tags":[80,4169,250],"_links":{"self":[{"href":"https:\/\/www.infokuryr.cz\/n\/wp-json\/wp\/v2\/posts\/71210"}],"collection":[{"href":"https:\/\/www.infokuryr.cz\/n\/wp-json\/wp\/v2\/posts"}],"about":[{"href":"https:\/\/www.infokuryr.cz\/n\/wp-json\/wp\/v2\/types\/post"}],"author":[{"embeddable":true,"href":"https:\/\/www.infokuryr.cz\/n\/wp-json\/wp\/v2\/users\/2"}],"replies":[{"embeddable":true,"href":"https:\/\/www.infokuryr.cz\/n\/wp-json\/wp\/v2\/comments?post=71210"}],"version-history":[{"count":0,"href":"https:\/\/www.infokuryr.cz\/n\/wp-json\/wp\/v2\/posts\/71210\/revisions"}],"wp:featuredmedia":[{"embeddable":true,"href":"https:\/\/www.infokuryr.cz\/n\/wp-json\/wp\/v2\/media\/31746"}],"wp:attachment":[{"href":"https:\/\/www.infokuryr.cz\/n\/wp-json\/wp\/v2\/media?parent=71210"}],"wp:term":[{"taxonomy":"category","embeddable":true,"href":"https:\/\/www.infokuryr.cz\/n\/wp-json\/wp\/v2\/categories?post=71210"},{"taxonomy":"post_tag","embeddable":true,"href":"https:\/\/www.infokuryr.cz\/n\/wp-json\/wp\/v2\/tags?post=71210"}],"curies":[{"name":"wp","href":"https:\/\/api.w.org\/{rel}","templated":true}]}}