{"id":71208,"date":"2025-01-29T07:51:42","date_gmt":"2025-01-29T06:51:42","guid":{"rendered":"https:\/\/www.infokuryr.cz\/n\/?p=71208"},"modified":"2025-01-29T07:51:42","modified_gmt":"2025-01-29T06:51:42","slug":"trump-dal-zamestnancum-usaid-dovolenou","status":"publish","type":"post","link":"https:\/\/www.infokuryr.cz\/n\/2025\/01\/29\/trump-dal-zamestnancum-usaid-dovolenou\/","title":{"rendered":"Trump dal zam\u011bstnanc\u016fm USAID dovolenou"},"content":{"rendered":"<div id=\"fb-root\"><\/div>\n<p><span style=\"font-size: 18pt;\"><strong>Pozastaven\u00ed zam\u011bstnanci jsou podez\u0159el\u00ed z pokusu podkopat v\u00fdkonn\u00e9 p\u0159\u00edkazy americk\u00e9ho prezidenta<\/strong><\/span><\/p>\n<p><span>Trumpova administrativa um\u00edstila p\u0159ibli\u017en\u011b 60 vysok\u00fdch kari\u00e9rn\u00edch \u00fa\u0159edn\u00edk\u016f v Americk\u00e9 agentu\u0159e pro mezin\u00e1rodn\u00ed rozvoj (USAID) na administrativn\u00ed volno, \u00fadajn\u011b proto, aby potla\u010dila nesouhlas s v\u00fdznamn\u00fdmi zm\u011bnami v politice zahrani\u010dn\u00ed pomoci USA, uv\u00e1d\u00ed intern\u00ed zpr\u00e1va.<\/span><\/p>\n<p><span>Akce n\u00e1sleduje po exekutivn\u00edm p\u0159\u00edkazu prezidenta Donalda Trumpa, kter\u00fd iniciuje 90denn\u00ed pozastaven\u00ed v\u011bt\u0161iny zahrani\u010dn\u00ed pomoci za \u00fa\u010delem proveden\u00ed komplexn\u00edho p\u0159ezkumu v\u00fddaj\u016f. Intern\u00ed zpr\u00e1va od nov\u00e9ho veden\u00ed USAID, kterou v pond\u011bl\u00ed z\u00edskaly agentury Reuters a AP, uv\u00e1d\u00ed, \u017ee n\u011bkter\u00e9 akce agentury\u00a0<\/span><em><span>\u201ese zdaj\u00ed b\u00fdt navr\u017eeny tak, aby obch\u00e1zely prezidentovy v\u00fdkonn\u00e9 p\u0159\u00edkazy a mand\u00e1t od americk\u00e9ho lidu\u201c.<\/span><\/em><\/p>\n<p><em><span>\u201eV d\u016fsledku toho jsme um\u00edstili \u0159adu zam\u011bstnanc\u016f USAID na administrativn\u00ed volno s plnou mzdou a v\u00fdhodami a\u017e do odvol\u00e1n\u00ed, dokud nedokon\u010d\u00edme na\u0161i anal\u00fdzu t\u011bchto akc\u00ed,\u201c<\/span><\/em><span>\u00a0napsal ve zpr\u00e1v\u011b \u00fa\u0159aduj\u00edc\u00ed administr\u00e1tor USAID Jason Gray.<\/span><\/p>\n<p><span>Kritici v r\u00e1mci agentury, citovan\u00ed agenturou Reuters, popsali atmosf\u00e9ru v USAID jako s\u00a0<\/span><em><span>\u201eobrovsk\u00fdm mraziv\u00fdm efektem\u201c<\/span><\/em><span>\u00a0a navrhli, \u017ee c\u00edlem tohoto kroku je uml\u010det ty, kdo hledaj\u00ed v\u00fdjimku za to, co pova\u017euj\u00ed za\u00a0<\/span><em><span>\u201enezbytn\u00e9\u201c<\/span><\/em><span>\u00a0programy. Podle Financial Times po\u017e\u00e1dalo n\u011bkolik americk\u00fdch diplomat\u016f o v\u00fdjimky pro \u00fadajn\u00e9\u00a0<\/span><em><span>\u201ekritick\u00e9\u201c<\/span><\/em><span>\u00a0projekty souvisej\u00edc\u00ed s Ukrajinou.<\/span><\/p>\n<p><span>Devades\u00e1tidenn\u00ed pauza v zahrani\u010dn\u00ed pomoci vedla k zastaven\u00ed programu a propou\u0161t\u011bn\u00ed zam\u011bstnanc\u016f po cel\u00e9m sv\u011bt\u011b. Ministr zahrani\u010d\u00ed Marco Rubio vyjmul ze zmrazen\u00ed pouze nouzov\u00e9 potravinov\u00e9 programy a vojenskou pomoc Izraeli a Egyptu. USA jako nejv\u011bt\u0161\u00ed sv\u011btov\u00fd d\u00e1rce vyplatily ve fisk\u00e1ln\u00edm roce 2023 p\u0159ibli\u017en\u011b 72 miliard dolar\u016f v r\u016fzn\u00fdch form\u00e1ch pomoci zahrani\u010dn\u00edm vl\u00e1d\u00e1m a mezin\u00e1rodn\u00edm instituc\u00edm.<\/span><\/p>\n<p><span>Washington p\u0159edstavuje v\u00edce ne\u017e 42 % ve\u0161ker\u00e9 pomoci sledovan\u00e9 Organizac\u00ed spojen\u00fdch n\u00e1rod\u016f. Navzdory Rubiov\u00fdm uji\u0161t\u011bn\u00edm, \u017ee z\u00e1sadn\u00ed pomoc p\u0159i z\u00e1chran\u011b \u017eivota nebude dot\u010dena, vysok\u00fd komisa\u0159 OSN pro uprchl\u00edky Filippo Grandi ozn\u00e1mil nevyhnuteln\u00e9 \u0161krty ve v\u00fddaj\u00edch a provozn\u00ed zmrazen\u00ed. Prezident Trump a jeho p\u0159\u00edznivci tvrd\u00ed, \u017ee tato opat\u0159en\u00ed spl\u0148uj\u00ed jeho p\u0159edvolebn\u00ed slib o sn\u00ed\u017een\u00ed byrokracie a vl\u00e1dn\u00edho odpadu.<\/span><\/p>\n<p><img decoding=\"async\" loading=\"lazy\" class=\"alignnone size-full wp-image-1185\" src=\"http:\/\/www.infokuryr.cz\/n\/wp-content\/uploads\/2021\/04\/kuryr-podpis.png\" alt=\"\" width=\"84\" height=\"24\" \/><\/p>\n<p>&nbsp;<\/p>\n","protected":false},"excerpt":{"rendered":"<p>Pozastaven\u00ed zam\u011bstnanci jsou podez\u0159el\u00ed z pokusu podkopat v\u00fdkonn\u00e9 p\u0159\u00edkazy americk\u00e9ho prezidenta Trumpova administrativa um\u00edstila p\u0159ibli\u017en\u011b&#8230;<\/p>\n","protected":false},"author":2,"featured_media":71209,"comment_status":"closed","ping_status":"closed","sticky":false,"template":"","format":"standard","meta":[],"categories":[7],"tags":[202,452,6804],"_links":{"self":[{"href":"https:\/\/www.infokuryr.cz\/n\/wp-json\/wp\/v2\/posts\/71208"}],"collection":[{"href":"https:\/\/www.infokuryr.cz\/n\/wp-json\/wp\/v2\/posts"}],"about":[{"href":"https:\/\/www.infokuryr.cz\/n\/wp-json\/wp\/v2\/types\/post"}],"author":[{"embeddable":true,"href":"https:\/\/www.infokuryr.cz\/n\/wp-json\/wp\/v2\/users\/2"}],"replies":[{"embeddable":true,"href":"https:\/\/www.infokuryr.cz\/n\/wp-json\/wp\/v2\/comments?post=71208"}],"version-history":[{"count":0,"href":"https:\/\/www.infokuryr.cz\/n\/wp-json\/wp\/v2\/posts\/71208\/revisions"}],"wp:featuredmedia":[{"embeddable":true,"href":"https:\/\/www.infokuryr.cz\/n\/wp-json\/wp\/v2\/media\/71209"}],"wp:attachment":[{"href":"https:\/\/www.infokuryr.cz\/n\/wp-json\/wp\/v2\/media?parent=71208"}],"wp:term":[{"taxonomy":"category","embeddable":true,"href":"https:\/\/www.infokuryr.cz\/n\/wp-json\/wp\/v2\/categories?post=71208"},{"taxonomy":"post_tag","embeddable":true,"href":"https:\/\/www.infokuryr.cz\/n\/wp-json\/wp\/v2\/tags?post=71208"}],"curies":[{"name":"wp","href":"https:\/\/api.w.org\/{rel}","templated":true}]}}