{"id":7119,"date":"2021-12-27T03:57:14","date_gmt":"2021-12-27T02:57:14","guid":{"rendered":"http:\/\/www.infokuryr.cz\/n\/?p=7119"},"modified":"2021-12-27T03:57:14","modified_gmt":"2021-12-27T02:57:14","slug":"v-kremlu-prohlasili-ze-rozsireni-nato-je-pro-rusko-otazkou-zivota-a-smrti","status":"publish","type":"post","link":"https:\/\/www.infokuryr.cz\/n\/2021\/12\/27\/v-kremlu-prohlasili-ze-rozsireni-nato-je-pro-rusko-otazkou-zivota-a-smrti\/","title":{"rendered":"V Kremlu prohl\u00e1sili, \u017ee roz\u0161\u00ed\u0159en\u00ed NATO je pro Rusko ot\u00e1zkou \u017eivota a smrti"},"content":{"rendered":"<div id=\"fb-root\"><\/div>\n<p><strong>Tiskov\u00fd tajemn\u00edk rusk\u00e9ho prezidenta Dmitrij Peskov prohl\u00e1sil, \u017ee roz\u0161\u00ed\u0159en\u00ed NATO o Ukrajinu, Gruzii a Moldavsko je pro Rusko ot\u00e1zkou \u017eivota a smrti.<\/strong><\/p>\n<p>Bezpe\u010dnost Ruska je ohro\u017eena v d\u016fsledku podvodu ze strany Z\u00e1padu o nepostupov\u00e1n\u00ed NATO sm\u011brem na v\u00fdchod; pro Ruskou federaci je to nyn\u00ed ot\u00e1zka \u017eivota a smrti, \u0159ekl Peskov v rozhovoru s Vladimirem Solovjovem v po\u0159adu Moskva. Kreml. Putin na televizn\u00edm kan\u00e1lu Rossija 1.<\/p>\n<p>\u201eA v tomto ohledu samoz\u0159ejm\u011b roz\u0161\u00ed\u0159en\u00ed NATO do takov\u00fdch zem\u00ed, jako je Ukrajina, ur\u010dit\u011b do dal\u0161\u00edch zem\u00ed, kter\u00e9 byly na \u00fazem\u00ed Sov\u011btsk\u00e9ho svazu,\u201c \u0159ekl.<\/p>\n<p>\u201eMoldavska a Gruzie,\u201c poznamenal moder\u00e1tor.<\/p>\n<p>\u201eTo u\u017e je samoz\u0159ejm\u011b pro n\u00e1s ot\u00e1zkou \u017eivota a smrti,\u201c \u0159ekl Peskov.<\/p>\n<p>Uvedl tak\u00e9, \u017ee konflikt\u00a0v Donbasu\u00a0nesm\u00ed b\u00fdt \u0159e\u0161en vojenskou cestou. \u201eJinak dojde na ot\u00e1zku ukrajinsk\u00e9 st\u00e1tnosti, co\u017e Kyjev a Washington v\u011bd\u00ed,\u201c dodal.<\/p>\n<p>K roz\u0161\u00ed\u0159en\u00ed NATO na v\u00fdchod se dnes vyj\u00e1d\u0159il rusk\u00fd prezident Vladimir Putin. Pokud USA a NATO odm\u00edtnou poskytnout Rusku bezpe\u010dnostn\u00ed z\u00e1ruky, m\u016f\u017ee b\u00fdt reakce Moskvy velmi r\u016fzn\u00e1, v\u00fdb\u011br variant bude z\u00e1viset na doporu\u010den\u00ed vojensk\u00fdch expert\u016f, \u0159ekl rusk\u00fd prezident Vladimir Putin v po\u0159adu televizn\u00edho kan\u00e1lu Rossija 1.<\/p>\n<p>\u201eM\u016f\u017ee to b\u00fdt velmi r\u016fzn\u00e9. Z\u00e1le\u017e\u00ed na n\u00e1vrz\u00edch, kter\u00e9 mi p\u0159edlo\u017e\u00ed na\u0161i vojen\u0161t\u00ed experti,\u201c \u0159ekl novin\u00e1\u0159i Pavlu Zarubinovi v rozhovoru pro po\u0159ad Moskva. Kreml. Putin.<\/p>\n<p>Prezident z\u00e1rove\u0148 zd\u016fraznil, \u017ee Rusko bude usilovat o dosa\u017een\u00ed pozitivn\u00edch v\u00fdsledk\u016f jedn\u00e1n\u00ed o t\u00e9to ot\u00e1zce.<\/p>\n<p>\u201eDouf\u00e1m, \u017ee p\u0159esto &#8211; a my jsme p\u0159ece ne pro to, aby bylo n\u011bco zam\u00edtnuto a n\u011bco zastaveno, z hlediska tohoto diplomatick\u00e9ho procesu, navrhli, ale proto, aby bylo dosa\u017eeno diplomatick\u00e9ho v\u00fdsledku jedn\u00e1n\u00ed, zakotven\u00e9ho, jak u\u017e jsem \u0159\u00edkal, pr\u00e1vn\u011b, v r\u00e1mci t\u011bch dokument\u016f, kter\u00e9 jsme navrhli. Budeme pr\u00e1v\u011b o to usilovat,\u201c dodal Putin.<\/p>\n<p>Rusk\u00fd prezident na tiskov\u00e9 konferenci 23. prosince prohl\u00e1sil, \u017ee dal\u0161\u00ed aktivity Moskvy nebudou z\u00e1viset na pr\u016fb\u011bhu jedn\u00e1n\u00ed s USA o bezpe\u010dnostn\u00edch z\u00e1ruk\u00e1ch, ale na bezpodm\u00edne\u010dn\u00e9m zaji\u0161t\u011bn\u00e9 bezpe\u010dnosti Ruska \u201ednes a v historick\u00e9 perspektiv\u011b\u201c. Podle Putina dala rusk\u00e1 strana v souvislosti s t\u00edm \u201ejasn\u011b a p\u0159esn\u011b\u201c na srozum\u011bnou, \u017ee \u201edal\u0161\u00ed postup\u00a0NATO\u00a0na v\u00fdchod je nep\u0159ijateln\u00fd\u201c.<\/p>\n<p>Putin si post\u011b\u017eoval, \u017ee Rusko nen\u00ed t\u00edm, kdo rozmis\u0165uje rakety pobl\u00ed\u017e hranic USA, ale \u201eUSA se p\u0159ibl\u00ed\u017eily se sv\u00fdmi raketami k na\u0161emu domovu a jsou na prahu na\u0161eho domova\u201c. Prezident si tak\u00e9 polo\u017eil ot\u00e1zku, jak by reagovali Ameri\u010dan\u00e9 na to, kdyby Rusko rozm\u00edstilo sv\u00e9 rakety na hranice Mexika nebo Kanady s USA.<\/p>\n<p>Ministerstvo zahrani\u010d\u00ed RF\u00a0zve\u0159ejnilo dne 17. prosince n\u00e1vrhy smlouvy s USA o bezpe\u010dnostn\u00edch z\u00e1ruk\u00e1ch, a tak\u00e9 dohody o opat\u0159en\u00edch na zaji\u0161t\u011bn\u00ed bezpe\u010dnosti RF a \u010dlensk\u00fdch st\u00e1t\u016f Severoatlantick\u00e9 aliance. Americk\u00e9 stran\u011b byly p\u0159ed\u00e1ny dne 15. prosince na sch\u016fzce na rusk\u00e9m diplomatick\u00e9m \u00fa\u0159adu.<\/p>\n<p><a href=\"https:\/\/cz.sputniknews.com\/20211226\/v-kremlu-prohlasili-ze-rozsireni-nato-je-pro-rusko-otazkou-zivota-a-smrti-16994922.html\">ZDROJ<\/a><\/p>\n<p>&nbsp;<\/p>\n","protected":false},"excerpt":{"rendered":"<p>Tiskov\u00fd tajemn\u00edk rusk\u00e9ho prezidenta Dmitrij Peskov prohl\u00e1sil, \u017ee roz\u0161\u00ed\u0159en\u00ed NATO o Ukrajinu, Gruzii a Moldavsko&#8230;<\/p>\n","protected":false},"author":2,"featured_media":2335,"comment_status":"closed","ping_status":"closed","sticky":false,"template":"","format":"standard","meta":[],"categories":[7],"tags":[1065,39,22],"_links":{"self":[{"href":"https:\/\/www.infokuryr.cz\/n\/wp-json\/wp\/v2\/posts\/7119"}],"collection":[{"href":"https:\/\/www.infokuryr.cz\/n\/wp-json\/wp\/v2\/posts"}],"about":[{"href":"https:\/\/www.infokuryr.cz\/n\/wp-json\/wp\/v2\/types\/post"}],"author":[{"embeddable":true,"href":"https:\/\/www.infokuryr.cz\/n\/wp-json\/wp\/v2\/users\/2"}],"replies":[{"embeddable":true,"href":"https:\/\/www.infokuryr.cz\/n\/wp-json\/wp\/v2\/comments?post=7119"}],"version-history":[{"count":0,"href":"https:\/\/www.infokuryr.cz\/n\/wp-json\/wp\/v2\/posts\/7119\/revisions"}],"wp:featuredmedia":[{"embeddable":true,"href":"https:\/\/www.infokuryr.cz\/n\/wp-json\/wp\/v2\/media\/2335"}],"wp:attachment":[{"href":"https:\/\/www.infokuryr.cz\/n\/wp-json\/wp\/v2\/media?parent=7119"}],"wp:term":[{"taxonomy":"category","embeddable":true,"href":"https:\/\/www.infokuryr.cz\/n\/wp-json\/wp\/v2\/categories?post=7119"},{"taxonomy":"post_tag","embeddable":true,"href":"https:\/\/www.infokuryr.cz\/n\/wp-json\/wp\/v2\/tags?post=7119"}],"curies":[{"name":"wp","href":"https:\/\/api.w.org\/{rel}","templated":true}]}}