{"id":7118,"date":"2021-12-27T03:54:47","date_gmt":"2021-12-27T02:54:47","guid":{"rendered":"http:\/\/www.infokuryr.cz\/n\/?p=7118"},"modified":"2021-12-27T03:54:47","modified_gmt":"2021-12-27T02:54:47","slug":"v-pripade-valky-by-ruske-tanky-vjely-do-kyjeva-hned-prvni-den","status":"publish","type":"post","link":"https:\/\/www.infokuryr.cz\/n\/2021\/12\/27\/v-pripade-valky-by-ruske-tanky-vjely-do-kyjeva-hned-prvni-den\/","title":{"rendered":"V p\u0159\u00edpad\u011b v\u00e1lky by rusk\u00e9 tanky vjely do Kyjeva hned prvn\u00ed den"},"content":{"rendered":"<div id=\"fb-root\"><\/div>\n<p><strong>Rusko nebude pot\u0159ebovat ani cel\u00fd den k dobyt\u00ed Kyjeva v p\u0159\u00edpad\u011b hypotetick\u00e9ho vojensk\u00e9ho konfliktu s Ukrajinou, p\u00ed\u0161e American Thinker.<\/strong><\/p>\n<p>Publikace zd\u016fraz\u0148uje, \u017ee roz\u0161\u00ed\u0159en\u00ed NATO na v\u00fdchod po skon\u010den\u00ed studen\u00e9 v\u00e1lky bylo chybou, kter\u00e1 vedla k sou\u010dasn\u00e9 napjat\u00e9 situaci. Podle autor\u016f jsou vojensk\u00e9 akce mo\u017en\u00e9, pokud se Severoatlantick\u00e1 aliance pokus\u00ed za\u010dlenit Ukrajinu do organizace.<\/p>\n<p>\u201e(V p\u0159\u00edpad\u011b vojensk\u00e9ho konfliktu &#8211; pozn. red.) rusk\u00e9 tanky vjedou do Kyjeva za m\u00e9n\u011b ne\u017e 24 hodin,\u201c uv\u00e1d\u00ed se v \u010dl\u00e1nku.<\/p>\n<p>\u010casopis\u00a0upozor\u0148uje\u00a0na skute\u010dnost, \u017ee pro Rusko mo\u017en\u00fd za\u010d\u00e1tek bojov\u00fdch akc\u00ed \u201enen\u00ed spojen se zvl\u00e1\u0161tn\u00edmi riziky, a\u0165 u\u017e vojensk\u00fdmi, politick\u00fdmi nebo ekonomick\u00fdmi\u201c.<\/p>\n<p>Rusk\u00e1 arm\u00e1da m\u00e1 p\u0159evahu nad ozbrojen\u00fdmi silami Ukrajiny a americk\u00fd prezident Joe Biden narovinu prohl\u00e1sil, \u017ee NATO nezas\u00e1hne do p\u0159\u00edpadn\u00e9ho vojensk\u00e9ho konfliktu mezi Moskvou a Kyjevem, p\u0159ipom\u00edn\u00e1 American Thinker. Nav\u00edc, i kdyby si to americk\u00fd v\u016fdce rozmyslel, zem\u011b aliance, kter\u00e9 sn\u00ed\u017eily sv\u016fj vojensk\u00fd potenci\u00e1l, nebudou schopny konkurovat rusk\u00fdm ozbrojen\u00fdm sil\u00e1m, domn\u00edvaj\u00ed se auto\u0159i \u010dl\u00e1nku.<\/p>\n<p>Politick\u00e9 d\u016fsledky se omez\u00ed na odsouzen\u00ed, tvrd\u00ed list. Z\u00e1pad nedok\u00e1\u017ee se ekonomicky postavit Moskv\u011b.<\/p>\n<p>\u201eEkonomicky je nepravd\u011bpodobn\u00e9, \u017ee by demokratick\u00e9 strany podpo\u0159ily nov\u00e9 protirusk\u00e9 sankce. Proti t\u00e9to my\u0161lence by se postavily, proto\u017ee omezen\u00ed by nepochybn\u011b prohloubila sou\u010dasn\u00fd ekonomick\u00fd pokles zp\u016fsoben\u00fd pandemi\u00ed koronaviru a vedla by ke krizi, kter\u00e1 by zas\u00e1hla jejich vlastn\u00ed ekonomiky,\u201c doch\u00e1zej\u00ed k z\u00e1v\u011bru auto\u0159i \u010dl\u00e1nku v \u010dasopise.<\/p>\n<p>V posledn\u00ed dob\u011b Z\u00e1pad st\u00e1le \u010dast\u011bji tvrd\u00ed, \u017ee Rusko p\u0159ipravuje\u00a0\u201einvazi\u201c na Ukrajinu. Moskva to odm\u00edt\u00e1 a zd\u016fraz\u0148uje, \u017ee nikoho neohro\u017euje a pohyb vojsk na vlastn\u00edm \u00fazem\u00ed nemus\u00ed nikoho znepokojovat. Kreml opakovan\u011b upozor\u0148oval na skute\u010dnost, \u017ee takov\u00e9 \u00fatoky jsou pou\u017e\u00edv\u00e1ny jako z\u00e1minka k um\u00edst\u011bn\u00ed v\u011bt\u0161\u00edho po\u010dtu\u00a0vojensk\u00e9 techniky a sil NATO u rusk\u00fdch hranic.<\/p>\n<p>V polovin\u011b prosince zve\u0159ejnilo rusk\u00e9 ministerstvo zahrani\u010d\u00ed n\u00e1vrh smlouvy se Spojen\u00fdmi st\u00e1ty a dohody s alianc\u00ed. Dokumenty ji\u017e byly p\u0159ed\u00e1ny Washingtonu a jeho spojenc\u016fm. Moskva v jednom z bod\u016f projektu navrhuje, aby aliance poskytla z\u00e1ruky, kter\u00e9 vylu\u010duj\u00ed dal\u0161\u00ed postup bloku v\u00fdchodn\u00edm sm\u011brem &#8211; zejm\u00e9na na ukrajinsk\u00e9 \u00fazem\u00ed.<\/p>\n<p>Jak opakovan\u011b zd\u016fraz\u0148oval prezident Vladimir Putin,\u00a0expanze NATO na v\u00fdchod a rozm\u00edst\u011bn\u00ed \u00fato\u010dn\u00fdch zbran\u00ed na Ukrajin\u011b jsou pro Moskvu \u010derven\u00e9 \u010d\u00e1ry. Ministr zahrani\u010d\u00ed Sergej Lavrov pouk\u00e1zal na to, \u017ee blok zvy\u0161uje dod\u00e1vky zbran\u00ed do Kyjeva a v zemi se tak\u00e9 zv\u00fd\u0161il po\u010det z\u00e1padn\u00edch instruktor\u016f. Podle jeho n\u00e1zoru by to mohlo vyprovokovat ukrajinsk\u00e9 org\u00e1ny \u201ek vojensk\u00fdm dobrodru\u017estv\u00edm\u201c, co\u017e vytv\u00e1\u0159\u00ed p\u0159\u00edmou hrozbu pro bezpe\u010dnost Ruska.<\/p>\n<p><a href=\"https:\/\/cz.sputniknews.com\/20211226\/at-v-pripade-valky-by-ruske-tanky-vjely-do-kyjeva-hned-prvni-den-16993875.html\">ZDROJ<\/a><\/p>\n<p>&nbsp;<\/p>\n","protected":false},"excerpt":{"rendered":"<p>Rusko nebude pot\u0159ebovat ani cel\u00fd den k dobyt\u00ed Kyjeva v p\u0159\u00edpad\u011b hypotetick\u00e9ho vojensk\u00e9ho konfliktu s&#8230;<\/p>\n","protected":false},"author":2,"featured_media":648,"comment_status":"closed","ping_status":"closed","sticky":false,"template":"","format":"standard","meta":[],"categories":[7],"tags":[22,1549,26,40],"_links":{"self":[{"href":"https:\/\/www.infokuryr.cz\/n\/wp-json\/wp\/v2\/posts\/7118"}],"collection":[{"href":"https:\/\/www.infokuryr.cz\/n\/wp-json\/wp\/v2\/posts"}],"about":[{"href":"https:\/\/www.infokuryr.cz\/n\/wp-json\/wp\/v2\/types\/post"}],"author":[{"embeddable":true,"href":"https:\/\/www.infokuryr.cz\/n\/wp-json\/wp\/v2\/users\/2"}],"replies":[{"embeddable":true,"href":"https:\/\/www.infokuryr.cz\/n\/wp-json\/wp\/v2\/comments?post=7118"}],"version-history":[{"count":0,"href":"https:\/\/www.infokuryr.cz\/n\/wp-json\/wp\/v2\/posts\/7118\/revisions"}],"wp:featuredmedia":[{"embeddable":true,"href":"https:\/\/www.infokuryr.cz\/n\/wp-json\/wp\/v2\/media\/648"}],"wp:attachment":[{"href":"https:\/\/www.infokuryr.cz\/n\/wp-json\/wp\/v2\/media?parent=7118"}],"wp:term":[{"taxonomy":"category","embeddable":true,"href":"https:\/\/www.infokuryr.cz\/n\/wp-json\/wp\/v2\/categories?post=7118"},{"taxonomy":"post_tag","embeddable":true,"href":"https:\/\/www.infokuryr.cz\/n\/wp-json\/wp\/v2\/tags?post=7118"}],"curies":[{"name":"wp","href":"https:\/\/api.w.org\/{rel}","templated":true}]}}