{"id":71128,"date":"2025-01-28T00:42:24","date_gmt":"2025-01-27T23:42:24","guid":{"rendered":"https:\/\/www.infokuryr.cz\/n\/?p=71128"},"modified":"2025-01-27T17:36:16","modified_gmt":"2025-01-27T16:36:16","slug":"jiri-paroubek-mezinarodni-den-pamatky-obeti-holocaustu","status":"publish","type":"post","link":"https:\/\/www.infokuryr.cz\/n\/2025\/01\/28\/jiri-paroubek-mezinarodni-den-pamatky-obeti-holocaustu\/","title":{"rendered":"Ji\u0159\u00ed Paroubek: Mezin\u00e1rodn\u00ed den pam\u00e1tky ob\u011bt\u00ed holocaustu"},"content":{"rendered":"<div id=\"fb-root\"><\/div>\n<p><strong>27. ledna 1945 osvobodily jednotky Sov\u011btsk\u00e9 arm\u00e1dy nejv\u011bt\u0161\u00ed vyhlazovac\u00ed koncentra\u010dn\u00ed t\u00e1bor N\u011bmeck\u00e9 \u0159\u00ed\u0161e, Auschwitz \u2013 Osv\u011btim. V tomto t\u00e1bo\u0159e byl zlikvidov\u00e1n \u201epr\u016fmyslov\u00fdm zp\u016fsobem\u201c jeden milion \u017did\u016f a sto tis\u00edc dal\u0161\u00edch ob\u011bt\u00ed.<\/strong><\/p>\n<p>V\u00e1lka, kterou zah\u00e1jilo N\u011bmecko 1. z\u00e1\u0159\u00ed 1939, m\u011bla na \u00fazem\u00ed st\u0159edn\u00ed\u00a0 a v\u00fdchodn\u00ed Evropy, v\u00a0prvn\u00ed etap\u011b v\u00a0Polsku, charakter vyhlazovac\u00ed v\u00e1lky. Vyhlazovac\u00ed v\u00e1lky prvo\u0159ad\u011b proti \u017did\u016fm, Rom\u016fm, ale tak\u00e9 proti slovansk\u00e9mu obyvatelstvu st\u0159edn\u00ed a v\u00fdchodn\u00ed Evropy.<\/p>\n<p>Prakticky od po\u010d\u00e1tku Hitlerovy vl\u00e1dy v\u00a0N\u011bmecku v\u00a0roce 1933 byly nejen velmi rychle zlikvidov\u00e1ny kulisy demokracie, kter\u00e9 zbyly po V\u00fdmarsk\u00e9 republice. Ale byl tak\u00e9 rychle zah\u00e1jen teror proti komunist\u016fm, socialist\u016fm, odbor\u00e1\u0159\u016fm a postupn\u011b tak\u00e9 proti \u017did\u016fm. Byl to tedy teror jednak politick\u00fd, kter\u00fd m\u011bl za c\u00edl zlikvidovat n\u011bmeckou opozici, ale tak\u00e9 teror postaven\u00fd na t\u00e9m\u011b\u0159 st\u0159edov\u011bk\u00e9 premise rasov\u00e9 nen\u00e1visti. V N\u011bmecku po\u010d\u00e1tkem T\u0159et\u00ed \u0159\u00ed\u0161e \u017eilo zhruba 600 tis\u00edc \u017did\u016f. Z nich 160 tis\u00edc \u017eilo v\u00a0hlavn\u00edm m\u011bst\u011b Berl\u00edn\u011b.<\/p>\n<p>D\u00edky \u201ep\u0159irozen\u00e9mu v\u00fdb\u011bru\u201c, kter\u00fd u \u017eidovsk\u00e9ho obyvatelstva prob\u00edhal po des\u00edtky generac\u00ed, je\u017e bylo nuceno \u017e\u00edt po vyhn\u00e1n\u00ed z\u00a0historick\u00e9 Palestiny \u0158\u00edmany v diaspo\u0159e, p\u0159e\u017eili ti nejschopn\u011bj\u0161\u00ed a nejtalentovan\u011bj\u0161\u00ed. A sv\u016fj talent dok\u00e1zali \u017did\u00e9 jak v\u00a0N\u011bmecku, tak zejm\u00e9na v\u00a0Rakousko-Uhersku \u010di ve Velk\u00e9 Britanii i jinde uplatnit od okam\u017eiku sv\u00e9ho zrovnopr\u00e1vn\u011bn\u00ed s\u00a0ostatn\u00edm obyvatelstvem. Mnoho \u017did\u016f se stalo bohat\u00fdmi a \u00fasp\u011b\u0161n\u00fdmi podnikateli, vynikali ve v\u011bdeck\u00e9 oblasti, ve svobodn\u00fdch povol\u00e1n\u00edch, po\u010d\u00ednaje medic\u00ednou, p\u0159es advokacii aj. obory. Prost\u011b tvo\u0159ili z\u00a0velk\u00e9 \u010d\u00e1sti p\u0159irozenou intelektu\u00e1ln\u00ed elitu v\u00a0\u0159ad\u011b evropsk\u00fdch zem\u00ed, v\u010detn\u011b N\u011bmeck\u00e9 \u0159\u00ed\u0161e. Ve Vil\u00e9movsk\u00e9m N\u011bmecku byli rovnopr\u00e1vn\u00fdmi ob\u010dany, by\u0165 ve spole\u010dnosti doutnal latentn\u00ed antisemitismus, \u017eiven\u00fd pr\u00e1v\u011b velkou spole\u010denskou \u00fasp\u011b\u0161nost\u00ed \u017did\u016f. Tis\u00edce n\u011bmeck\u00fdch \u017did\u016f bojovaly za svou zem v\u00a0Prvn\u00ed sv\u011btov\u00e9 v\u00e1lce a mnoho z\u00a0nich z\u00edskalo vysok\u00e1 vojensk\u00e1 vyznamen\u00e1n\u00ed za state\u010dnost. Po Versaillsk\u00e9 m\u00edrov\u011b smlouv\u011b\u00a0 n\u011bme\u010dt\u00ed nacionalist\u00e9, v\u010detn\u011b postupn\u011b s\u00edl\u00edc\u00ed Hitlerovy nacistick\u00e9 strany, obvi\u0148ovali zejm\u00e9na socialisty a \u017didy z\u00a0prohry N\u011bmecka v\u00a0Prvn\u00ed sv\u011btov\u00e9 v\u00e1lce. Bylo to v\u00a0rozporu s\u00a0historick\u00fdmi fakty, ale stokr\u00e1t opakovan\u00e1 le\u017e se stala postupn\u011b pravdou. Nacistick\u00fd re\u017eim po roce 1933 a zejm\u00e9na po \u00famrt\u00ed \u0159\u00ed\u0161sk\u00e9ho prezidenta Hindenburga v\u00a0roce 1934 za\u010dal postupn\u011b zav\u00e1d\u011bt proti\u017eidovsk\u00e9 z\u00e1kony. Tyto z\u00e1kony byly protihum\u00e1nn\u00ed a zr\u016fdn\u00e9 a vlastn\u011b u\u010dinily z\u00a0n\u011bmeck\u00fdch \u017did\u016f ob\u010dany druh\u00e9 kategorie. P\u0159ipravili je postupn\u011b o d\u016fstojnost, majetek, mo\u017enost zam\u011bstn\u00e1n\u00ed, mo\u017enost uplatnit se ve sv\u00e9m povol\u00e1n\u00ed.<\/p>\n<p>Ve 30. letech v\u0161ak nacist\u00e9 rozv\u00edjeli vcelku komickou my\u0161lenku\u00a0 vys\u00eddlen\u00ed \u017did\u016f na Madagaskar. Ve\u0161ker\u00e9 z\u00e1brany v\u0161ak nacist\u00e9 ztratili pot\u00e9, kdy\u017e obsadili po polsko-n\u011bmeck\u00e9 v\u00e1lce z\u00e1pad p\u0159edv\u00e1le\u010dn\u00e9ho polsk\u00e9ho st\u00e1tu. V\u00a0Polsku v\u00a0roce 1939 \u017eilo na 3 miliony \u017did\u016f. Velkou \u010d\u00e1st z\u00a0nich tvo\u0159ili neasimilovan\u00ed \u017did\u00e9 a v\u00a0polsk\u00e9 spole\u010dnosti se projevoval, zejm\u00e9na na polsk\u00e9 pravici, siln\u00fd antisemitismus. Nicm\u00e9n\u011b teroristick\u00fd re\u017eim, kter\u00fd zavedli po okupaci Polska n\u011bme\u010dt\u00ed nacist\u00e9, byl n\u011bco jin\u00e9ho. Nacist\u00e9 zah\u00e1jili likvidaci polsk\u00e9 intelektu\u00e1ln\u00ed elity a tak\u00e9 teror v\u016f\u010di \u017did\u016fm, kter\u00fd v\u00a0kr\u00e1tk\u00e9 dob\u011b nabyl rozm\u011br\u016f genocidy. Pol\u0161t\u00ed \u017did\u00e9 byly bezskurpul\u00f3zn\u011b vra\u017ed\u011bni a byli zah\u00e1n\u011bni do ghett v\u00a0\u0159ad\u011b polsk\u00fdch m\u011bst. V t\u011bchto ghettech panovaly nelidsk\u00e9 pom\u011bry, kter\u00e9 vedly k\u00a0\u00famrt\u00ed desetitis\u00edc\u016f \u017did\u016f.<\/p>\n<p>Nov\u00fd rozm\u011br ov\u0161em dostala genocida \u017did\u016f po napaden\u00ed Sov\u011btsk\u00e9ho svazu v\u00a0\u010dervnu 1941. Do rukou nacist\u016f se dostaly nejm\u00e9n\u011b 2 miliony sov\u011btsk\u00fdch \u017did\u016f, kte\u0159\u00ed byli postupn\u011b a naprosto brut\u00e1ln\u011b zlikvidov\u00e1ni. A to \u010dasto za \u00fa\u010dasti militantn\u00edch antisemit\u016f vyzbrojen\u00fdch N\u011bmci v\u00a0Pobalt\u00ed, na Ukrajin\u011b a tak\u00e9 v\u00a0oblastech ovl\u00e1dan\u00fdch rumunskou spr\u00e1vou v\u00a0oblasti Moldavska, Od\u011bsy a ji\u017en\u00ed Ukrajiny. \u201cPr\u016fmyslov\u00fd rozm\u011br\u201c dostalo vra\u017ed\u011bn\u00ed \u017eidovsk\u00e9ho obyvatelstva a\u017e po konferenci nacistick\u00fdch \u0161pi\u010dek 20. ledna 1942 ve vile u jezera Wannsee. Kl\u00ed\u010dovou roli na t\u00e9to konferenci sehr\u00e1l R. Heydrich, jeho\u017e za p\u00e1r m\u011bs\u00edc\u016f sprovodil ze sv\u011bta v Praze naprosto zaslou\u017een\u011b atent\u00e1t \u010ds. voj\u00e1k\u016f z\u00a0v\u00fdsadku Antropoid. Nicm\u00e9n\u011b Heydrichovi a dal\u0161\u00edm nacistick\u00fdm zlo\u010dinc\u016fm se poda\u0159ilo nastartovat syst\u00e9m likvidace lid\u00ed s\u00a0vyu\u017eit\u00edm modern\u00edch technologi\u00ed, kter\u00fd umo\u017e\u0148oval usmrcov\u00e1n\u00ed a\u017e des\u00edtek tis\u00edc lid\u00ed denn\u011b v\u00a0plynov\u00fdch komor\u00e1ch cyklonem B. A odstra\u0148ov\u00e1n\u00edm jejich t\u011bl v\u00a0krematori\u00edch, vybudovan\u00fdmi sna\u017eiv\u00fdmi n\u011bmeck\u00fdmi firmami. Takto jen v\u00a0Osv\u011btimi byl zlikvidov\u00e1n 1 milion \u017did\u016f z\u00a0cel\u00e9 Evropy. Pouze horthyovsk\u00e9 Ma\u010farsko se sna\u017eilo, a\u017e do p\u00e1du sv\u00e9ho vl\u00e1dce admir\u00e1la Horthyho, uchr\u00e1nit 400 tis\u00edc sv\u00fdch \u017eidovsk\u00fdch obyvatel. Je pot\u0159eba \u0159\u00edci, \u017ee \u017did\u00e9 ovl\u00e1dali v\u00fdznamnou \u010d\u00e1st ma\u010farsk\u00e9ho pr\u016fmyslu a nap\u0159. ze stroj\u00edrensk\u00fdch tov\u00e1ren, vlastn\u011bn\u00fdch jednou \u017eidovskou podnikatelskou skupinou vych\u00e1zely vysoce kvalitn\u00ed motory pro n\u011bmeck\u00e1 letadla Messerschmitt. Po p\u00e1du Horthyho za\u010dali ma\u010far\u0161t\u00ed fa\u0161ist\u00e9 s\u00a0fyzickou likvidac\u00ed \u017eidovsk\u00e9ho obyvatelstva. Velk\u00e1 \u010d\u00e1st ma\u010farsk\u00fdch \u017did\u016f skon\u010dila v\u00a0Osv\u011btimi.<\/p>\n<p>Jist\u00e9 ochrany se dostalo od sv\u00e9 vl\u00e1dy tak\u00e9 bulharsk\u00fdm \u017did\u016fm a po v\u011bt\u0161\u00ed \u010d\u00e1st Mussoliniho diktatury, prakticky a\u017e do jej\u00edho p\u00e1du v\u00a0roce 1943 a kapitulaci It\u00e1lie, nebyly proti\u017eidovsk\u00e9 z\u00e1kony uplat\u0148ov\u00e1ny v\u00a0pln\u00e9 m\u00ed\u0159e ani v\u00a0It\u00e1lii. A\u017e po vzniku Mussoliniho tzv. Italsk\u00e9 soci\u00e1ln\u00ed republiky se s\u00eddlem v\u00a0Sal\u00f3, byli ital\u0161t\u00ed \u017did\u00e9 hozeni n\u011bmeck\u00fdm nacist\u016fm v\u00a0plen.<\/p>\n<p>Zvl\u00e1\u0161tn\u00ed kapitolou je likvidace slovensk\u00e9ho \u017eidovsk\u00e9ho obyvatelstva. P\u0159i p\u0159e\u010dten\u00ed rasistick\u00fdch, antisemitsk\u00fdch v\u00fdrok\u016f katolick\u00e9ho kn\u011bze, prezidenta Slovensk\u00e9ho \u0161t\u00e1tu, Tisa, tuhne krev v\u00a0\u017eil\u00e1ch. Sloven\u0161t\u00ed klerofa\u0161ist\u00e9 zaplatili N\u011bmecku za likvidaci \u201esv\u00fdch\u201c, tedy slovensk\u00fdch \u017did\u016f nemalou sumu \u0159\u00ed\u0161sk\u00fdch marek a zmocnili se jejich majetku, kter\u00fd byl rozchv\u00e1cen exponenty Hlinkovy strany.<\/p>\n<p>Mohl bych popisovat peripetie likvidace evropsk\u00fdch \u017did\u016f nacisty v jednotliv\u00fdch zem\u00edch velmi podrobn\u011b, ale mysl\u00edm, \u017ee t\u011bchto p\u00e1r uk\u00e1zek je dosta\u010duj\u00edc\u00edch. V\u00fdsledkem holocaustu bylo 6 milion\u016f mrtv\u00fdch Evropan\u016f \u017eidovsk\u00e9ho p\u016fvodu, kte\u0159\u00ed zahynuli za brut\u00e1ln\u00edch, nesm\u00edrn\u011b krut\u00fdch a lidsk\u00e9mu rozumu se p\u0159\u00ed\u010d\u00edc\u00edch okolnost\u00ed.<\/p>\n<p>Tak\u00e9 pro Sov\u011btskou arm\u00e1du bylo objeven\u00ed Osv\u011btimsk\u00e9ho t\u00e1bora smrti neuv\u011b\u0159iteln\u00fdm zjeven\u00edm. Tak jako pozd\u011bji pro Ameri\u010dany, kdy\u017e se objevili nap\u0159. v\u00a0koncentra\u010dn\u00edm t\u00e1bo\u0159e Dachau. Hr\u016fzy, o nich\u017e se tu\u0161ilo, \u017ee se d\u011bj\u00ed v\u00a0koncentra\u010dn\u00edch t\u00e1borech, najednou byly zdokumentov\u00e1ny a p\u0159edlo\u017eeny dosud nev\u011b\u0159\u00edc\u00ed sv\u011btov\u00e9 ve\u0159ejnosti.<\/p>\n<p><span style=\"font-size: 18pt;\"><strong>Genocida slovansk\u00e9ho obyvatelstva<\/strong><\/span><\/p>\n<p>V\u00e1lka na v\u00fdchod\u011b Evropy, tedy na Ukrajin\u011b a v\u00a0Rusku, byla v\u00e1lkou ideologickou a z\u00a0n\u011bmeck\u00e9 strany tak\u00e9 rasovou. Dnes se prakticky nemluv\u00ed, p\u0159i v\u0161\u00ed \u00fact\u011b k\u00a0ob\u011btem z\u00a0\u0159ad evropsk\u00fdch \u017did\u016f, o ob\u011btech z\u00a0\u0159ad slovansk\u00e9ho obyvatelstva st\u0159edn\u00ed, v\u00fdchodn\u00ed a ji\u017en\u00ed Evropy. V\u00a0pr\u016fb\u011bhu 2. sv\u011btov\u00e9 v\u00e1lky zahynulo 27 milion\u016f sov\u011btsk\u00fdch ob\u010dan\u016f, z\u00a0toho\u00a0 10 milion\u016f voj\u00e1k\u016f (velk\u00e1 \u010d\u00e1st z\u00a0nich zahynula hladem a krut\u00fdm zach\u00e1zen\u00edm v\u00a0n\u011bmeck\u00fdch zajateck\u00fdch t\u00e1borech) a \u201ezbytek\u201c tvo\u0159ilo civiln\u00ed obyvatelstvo, p\u0159ev\u00e1\u017en\u011b slovansk\u00e9ho p\u016fvodu. P\u0159edstavy nacist\u016f, po\u010d\u00ednaje Hitlerem vyj\u00e1d\u0159en\u00e9 v\u00a0jeho \u201ed\u00edle&#8220; Mein Kampf, byly, zbavit v\u00fdchodn\u00ed Evropu n\u011bkolika des\u00edtek milion\u016f Slovan\u016f a na takto uvoln\u011bn\u00e1 \u00fazem\u00ed um\u00edstit n\u011bmeck\u00e9 kolonisty. Sice \u00fapln\u011b nech\u00e1pu, kde by N\u011bmci tyto kolonisty vzali v\u00a0\u0159\u00e1dech milion\u016f lid\u00ed. Ale takov\u00fd byl z\u00e1m\u011br Hitlera a realiz\u00e1tor\u016f rasov\u00e9 v\u00e1lky ve v\u00fdchodn\u00ed Evrop\u011b, p\u0159edev\u0161\u00edm Himmlera a Rosenberga. Velk\u00e9 po\u010dty obyvatel ztratilo v\u00a0pr\u016fb\u011bhu v\u00e1lky v\u00a0d\u016fsledku neuv\u011b\u0159iteln\u011b krut\u00e9ho teroristick\u00e9ho re\u017eimu nacist\u016f Polsko. Z\u0159ejm\u011b v\u00edce ne\u017e desetinu obyvatel ztratila Jugosl\u00e1vie. V\u00a0d\u016fsledku neuv\u011b\u0159iteln\u011b tvrd\u00e9 nacistick\u00e9 okupace a tak\u00e9 d\u00edky nacistick\u00fdm p\u0159isluhova\u010d\u016fm z\u00a0\u0159ad chorvatsk\u00fdch Usta\u0161ovc\u016f.<\/p>\n<p>Genocidn\u00ed program byl konec konc\u016f p\u0159ipraven i pro \u010desk\u00e9 obyvatelstvo. A v\u00a0dob\u011b sv\u00e9ho \u201eprotektorov\u00e1n\u00ed\u201c s\u00a0n\u00edm sezn\u00e1mil nacistick\u00e9 \u0161pi\u010dky v\u00a0tzv. Protektor\u00e1tu \u010cechy a Morava, zlo\u0159e\u010den\u00fd E. Heydrich, jako nejvy\u0161\u0161\u00ed p\u0159edstavitel nacistick\u00e9 moci v\u00a0na\u0161\u00ed zemi. \u010ce\u0161i m\u011bli b\u00fdt z\u010d\u00e1sti asimilov\u00e1ni. Intelektu\u00e1ln\u00ed elita a lid\u00e9 br\u00e1n\u00edc\u00ed se aktivn\u011b asimilaci m\u011bli b\u00fdt zlikvidov\u00e1ni a zbytek\u00a0vyvezen na Sibi\u0159. To byla p\u0159edstava nacist\u016f o budoucnosti \u010desk\u00e9ho n\u00e1roda, pokud by ve v\u00e1lce zv\u00edt\u011bzili.<\/p>\n<p><span style=\"font-size: 18pt;\"><strong>Z\u00e1v\u011br<\/strong><\/span><\/p>\n<p>Je dob\u0159e, \u017ee se p\u0159ipom\u00edn\u00e1 po osmdes\u00e1ti letech osvobozen\u00ed prvn\u00edho velk\u00e9ho likvida\u010dn\u00edho koncentra\u010dn\u00edho t\u00e1bora Sov\u011btskou arm\u00e1dou 27.ledna 1945, Den pam\u00e1tky ob\u011bt\u00ed holocaustu.<\/p>\n<p>Ale stejn\u011b tak by se m\u011bly p\u0159ipom\u00ednat miliony ob\u011bt\u00ed z\u00a0\u0159ad civiln\u00edho obyvatelstva slovansk\u00e9ho p\u016fvodu ve v\u00fdchodn\u00ed, st\u0159edn\u00ed a ji\u017en\u00ed Evrop\u011b. Tedy Rus\u016f, Ukrajinc\u016f, Pol\u00e1k\u016f, \u010cech\u016f a Jihoslovan\u016f ad. n\u00e1rod\u016f.<\/p>\n<p>P\u0159i p\u0159\u00edle\u017eitosti uct\u011bn\u00ed pam\u00e1tky milion\u016f umu\u010den\u00fdch \u017did\u016f je pot\u0159eba ale tak\u00e9 p\u0159ipomenout sou\u010dasnou politiku Izraelsk\u00e9ho st\u00e1tu, kter\u00e1 je vn\u00edm\u00e1na mezin\u00e1rodn\u011b velmi kontroverzn\u011b. Obr\u00e1zky zcela zni\u010den\u00e9 Gazy, podle objektivn\u00edch britsk\u00fdch zdroj\u016f a\u017e 70 tis\u00edc mrtv\u00fdch civiln\u00edch obyvatel tohoto \u00fazem\u00ed, jsou \u0161patnou vizitkou sou\u010dasn\u00e9ho veden\u00ed Izraelsk\u00e9ho st\u00e1tu. Jen tak mimochodem, p\u0159ed dv\u011bma t\u00fddny zve\u0159ejnilo OSN po\u010dty civiln\u00edch ob\u011bt\u00ed v\u00e1lky na Ukrajin\u011b. Bylo jich napo\u010dteno 12 300. Ob\u011b dv\u011b tato \u010d\u00edsla jsou stra\u0161liv\u00e1, p\u0159edstavuj\u00ed zma\u0159en\u00e9 lidsk\u00e9 \u017eivoty. Bohu\u017eel ta \u010d\u00edsla des\u00edtek tis\u00edc civiln\u00edch ob\u011bt\u00ed v\u00a0Gaze budou dlouh\u00e1 l\u00e9ta skvrnou na pov\u011bsti St\u00e1tu Izrael.<\/p>\n<p><a href=\"https:\/\/vasevec.info\/komentare\/mezinarodni-den-pamatky-obeti-holocaustu\">Ji\u0159\u00ed Paroubek<\/a><\/p>\n<p><img decoding=\"async\" loading=\"lazy\" class=\"alignnone size-medium wp-image-2342\" src=\"http:\/\/www.infokuryr.cz\/n\/wp-content\/uploads\/2021\/06\/paroubek-300x208.jpg\" alt=\"\" width=\"300\" height=\"208\" srcset=\"https:\/\/www.infokuryr.cz\/n\/wp-content\/uploads\/2021\/06\/paroubek-300x208.jpg 300w, https:\/\/www.infokuryr.cz\/n\/wp-content\/uploads\/2021\/06\/paroubek.jpg 318w\" sizes=\"(max-width: 300px) 100vw, 300px\" \/><\/p>\n<p>&nbsp;<\/p>\n","protected":false},"excerpt":{"rendered":"<p>27. ledna 1945 osvobodily jednotky Sov\u011btsk\u00e9 arm\u00e1dy nejv\u011bt\u0161\u00ed vyhlazovac\u00ed koncentra\u010dn\u00ed t\u00e1bor N\u011bmeck\u00e9 \u0159\u00ed\u0161e, Auschwitz \u2013&#8230;<\/p>\n","protected":false},"author":2,"featured_media":19605,"comment_status":"closed","ping_status":"closed","sticky":false,"template":"","format":"standard","meta":[],"categories":[6],"tags":[810,1503,7148,664,1790,92],"_links":{"self":[{"href":"https:\/\/www.infokuryr.cz\/n\/wp-json\/wp\/v2\/posts\/71128"}],"collection":[{"href":"https:\/\/www.infokuryr.cz\/n\/wp-json\/wp\/v2\/posts"}],"about":[{"href":"https:\/\/www.infokuryr.cz\/n\/wp-json\/wp\/v2\/types\/post"}],"author":[{"embeddable":true,"href":"https:\/\/www.infokuryr.cz\/n\/wp-json\/wp\/v2\/users\/2"}],"replies":[{"embeddable":true,"href":"https:\/\/www.infokuryr.cz\/n\/wp-json\/wp\/v2\/comments?post=71128"}],"version-history":[{"count":0,"href":"https:\/\/www.infokuryr.cz\/n\/wp-json\/wp\/v2\/posts\/71128\/revisions"}],"wp:featuredmedia":[{"embeddable":true,"href":"https:\/\/www.infokuryr.cz\/n\/wp-json\/wp\/v2\/media\/19605"}],"wp:attachment":[{"href":"https:\/\/www.infokuryr.cz\/n\/wp-json\/wp\/v2\/media?parent=71128"}],"wp:term":[{"taxonomy":"category","embeddable":true,"href":"https:\/\/www.infokuryr.cz\/n\/wp-json\/wp\/v2\/categories?post=71128"},{"taxonomy":"post_tag","embeddable":true,"href":"https:\/\/www.infokuryr.cz\/n\/wp-json\/wp\/v2\/tags?post=71128"}],"curies":[{"name":"wp","href":"https:\/\/api.w.org\/{rel}","templated":true}]}}