{"id":71127,"date":"2025-01-28T00:39:15","date_gmt":"2025-01-27T23:39:15","guid":{"rendered":"https:\/\/www.infokuryr.cz\/n\/?p=71127"},"modified":"2025-01-27T17:31:21","modified_gmt":"2025-01-27T16:31:21","slug":"lenka-prochazkova-kdyz-odvaha-preroste-do-statecnosti","status":"publish","type":"post","link":"https:\/\/www.infokuryr.cz\/n\/2025\/01\/28\/lenka-prochazkova-kdyz-odvaha-preroste-do-statecnosti\/","title":{"rendered":"Lenka Proch\u00e1zkov\u00e1: Kdy\u017e odvaha p\u0159eroste do state\u010dnosti"},"content":{"rendered":"<div id=\"fb-root\"><\/div>\n<p>Sotva se n\u011bkdej\u0161\u00ed vojensk\u00fd prokur\u00e1tor Igor St\u0159\u00ed\u017e ocitl ve funkci Nejvy\u0161\u0161\u00edho st\u00e1tn\u00edho z\u00e1stupce, sna\u017eil se rozpt\u00fdlit podez\u0159en\u00ed, \u017ee je \u201eostatkem\u201c star\u00e9ho re\u017eimu. A\u00a0tak ihned po\u00a0vstupu rusk\u00fdch vojsk na Ukrajinu d\u016frazn\u011b varoval \u010desk\u00e9 ob\u010dany, \u017ee ve\u0159ejn\u00e9 schvalov\u00e1n\u00ed agrese m\u016f\u017ee b\u00fdt trestn\u00fdm \u010dinem, p\u00ed\u0161e na\u00a0<a href=\"https:\/\/www.facebook.com\/lenka.prochazkova.503\" target=\"_blank\" rel=\"noopener\">facebooku<\/a>\u00a0Lenka Proch\u00e1zkov\u00e1 .<br \/>\n<b><i>\u00a0<\/i><\/b><br \/>\n<b><i>\u201eMy nechceme v\u00a0\u017e\u00e1dn\u00e9m p\u0159\u00edpad\u011b vyvolat dojem, \u017ee aktivisticky nastavujeme n\u011bjakou hranici mezi svobodou slova a\u00a0protipr\u00e1vnost\u00ed takov\u00e9ho jedn\u00e1n\u00ed. To mus\u00ed u\u010dinit konkr\u00e9tn\u00ed org\u00e1ny \u010dinn\u00e9 v\u00a0trestn\u00edm \u0159\u00edzen\u00ed, kter\u00e9 v\u00a0dan\u00e9 konkr\u00e9tn\u00ed v\u011bci, ke kter\u00e9 jsou p\u0159\u00edslu\u0161n\u00e9, to mus\u00ed posoudit,\u201c<\/i><\/b> objasnil Nejvy\u0161\u0161\u00ed st\u00e1tn\u00ed z\u00e1stupce m\u00e9di\u00edm.<\/p>\n<p>Nicm\u00e9n\u011b do kauzy u\u010ditelky Martiny Bedn\u00e1\u0159ov\u00e9 se aktivisticky vlo\u017eil a\u00a0podal proti osvobozuj\u00edc\u00edmu (pravomocn\u00e9mu) rozsudku dovol\u00e1n\u00ed k\u00a0Nejvy\u0161\u0161\u00edmu soudu. Zat\u00edmco prvoinstan\u010dn\u00ed i\u00a0odvolac\u00ed soudy rozhodly, \u017ee s\u00a0odkazem na svobodu slova nelze v\u00fdroky u\u010ditelky trestn\u011b st\u00edhat a\u00a0jedn\u00e1 se o\u00a0probl\u00e9m etick\u00fd (za kter\u00fd u\u017e byla dost \u201epotrest\u00e1na\u201c v\u00fdpov\u011bd\u00ed z\u00a0pr\u00e1ce), Nejvy\u0161\u0161\u00ed st\u00e1tn\u00ed z\u00e1stupce je p\u0159esv\u011bd\u010den, \u017ee \u201ev celkov\u00e9m kontextu lze dovodit, \u017ee ob\u017ealovan\u00e1 se v\u00a0pozici u\u010ditelky pokou\u0161ela nepravdiv\u00fdmi v\u00fdroky takov\u00e9 (v\u00e1le\u010dn\u00e9) zlo\u010diny ospravedl\u0148ovat\u201c.<\/p>\n<p>Nejvy\u0161\u0161\u00ed soud dovol\u00e1n\u00ed Igora St\u0159\u00ed\u017ee neve\u0159ejn\u011b projednal a\u00a0osvobozuj\u00edc\u00ed rozsudek zru\u0161il.<\/p>\n<p><b><\/b><span style=\"font-size: 18pt;\"><b>\u00datrpn\u00e9 pr\u00e1vo<\/b><\/span><\/p>\n<p>Kdy\u017e nechal premi\u00e9r Petr Fiala koncem \u00fanora 2022 zablokovat \u0159adu nez\u00e1visl\u00fdch web\u016f, prohl\u00e1sil, \u017ee to \u201evy\u017eadovalo odvahu.\u201c Jist\u011b, p\u0159ekonat strach z\u00a0poru\u0161en\u00ed \u00fastavy jist\u00fd druh \u201eodvahy\u201c vy\u017eaduje.<\/p>\n<p>Zcela jin\u00fd typ odvahy projevila Martina Bedn\u00e1\u0159ov\u00e1, kdy\u017e po\u010d\u00e1tkem dubna 2022 v r\u00e1mci v\u00fduky medi\u00e1ln\u00ed gramotnosti upozor\u0148ovala \u017e\u00e1ky na jednostrann\u00e9 informov\u00e1n\u00ed mainstreamu o konfliktu na Ukrajin\u011b a nab\u00e1dala je, aby se sna\u017eili vyhled\u00e1vat si zpr\u00e1vy i z jin\u00fdch zdroj\u016f. P\u0159esto\u017ee svoboda slova a svobodn\u00e9 \u0161\u00ed\u0159en\u00ed n\u00e1zor\u016f \u00fastava \u010cR zaru\u010duje a cenzura je nep\u0159\u00edpustn\u00e1, byla pan\u00ed u\u010ditelka za odvahu p\u0159i dodr\u017eov\u00e1n\u00ed \u00fastavy ob\u017ealovan\u00e1. Za snahu vychov\u00e1vat \u017e\u00e1ky ke kritick\u00e9mu my\u0161len\u00ed se j\u00ed m\u00e9dia (v\u010detn\u011b ve\u0159ejnopr\u00e1vn\u00edch) od po\u010d\u00e1tku kauzy mst\u00ed, kdy\u017e donekone\u010dna zve\u0159ej\u0148uj\u00ed jej\u00ed n\u011bkter\u00e9 v\u00fdroky zaznamenan\u00e9 v tajn\u00e9 nahr\u00e1vce mobilem. Z\u00e1kladn\u00ed \u0161kola, kde pan\u00ed u\u010ditelka byla zam\u011bstnan\u00e1, ve sv\u00e9m \u0159\u00e1du \u017e\u00e1k\u016fm zakazuje vyu\u017e\u00edv\u00e1n\u00ed mobil\u016f b\u011bhem v\u00fduky, p\u0159esto nahr\u00e1vka (zkr\u00e1cen\u00e1 a modula\u010dn\u011b ve studiu upraven\u00e1) znovu v opakovan\u00e9m soudn\u00edm jedn\u00e1n\u00ed poslou\u017e\u00ed jako d\u016fkaz. Pan\u00ed Martina bude d\u00e1l vystavena dehonestuj\u00edc\u00edmu medi\u00e1ln\u00edmu lyn\u010di, nen\u00e1vistn\u00fdm dopis\u016fm anonym\u016f, pot\u00ed\u017e\u00edm u \u201en\u00e1hradn\u00edho\u201c zam\u011bstnavatele a nav\u00edc se mus\u00ed vyrovn\u00e1vat s t\u011b\u017ekou chorobou man\u017eela, kter\u00e1 u n\u011bj vypukla v pr\u016fb\u011bhu soudn\u00edho procesu.<b><br \/>\n<\/b><br \/>\n<span style=\"font-size: 18pt;\"><b>\u0160patn\u011b vytipovan\u00e1 ob\u011b\u0165<\/b><\/span><\/p>\n<p><b>Odvaha Martiny Bedn\u00e1\u0159ov\u00e9 v\u0161ak u\u017e p\u0159erostla do state\u010dnosti. A s takov\u00fdm posunem inici\u00e1to\u0159i kauzy nepo\u010d\u00edtali. Vlastn\u011b v\u0161echny jejich kalkulace byly chybn\u00e9. Ne\u010dekali, \u017ee navzdory fanaticky vystupuj\u00edc\u00edm st\u00e1tn\u00edm z\u00e1stupc\u016fm a medi\u00e1ln\u00edm kibic\u016fm soud opakovan\u011b vy\u0159kne osvobozuj\u00edc\u00ed rozsudky. Nepochopili, \u017ee pojem u\u010ditel m\u00e1 st\u00e1le je\u0161t\u011b v mysl\u00edch \u010cech\u016f, Moravan\u016f a Slezan\u016f p\u0159\u00eddech autority, nebo\u0165 t\u00e9m\u011b\u0159 ka\u017ed\u00fd z n\u00e1s m\u011bl \u201esv\u00e9ho\u201c nezapomenuteln\u00e9ho u\u010ditele, kter\u00fd jej inspiroval na cest\u011b k dosp\u011bl\u00e9mu sv\u011btu. Neodhadli, \u017ee v zemi Komensk\u00e9ho budou statis\u00edce lid\u00ed (v\u0161ech spole\u010densk\u00fdch skupin) vn\u00edmat kriminalizaci pan\u00ed u\u010ditelky za n\u00e1zor (nav\u00edc na z\u00e1klad\u011b tajn\u011b po\u0159\u00edzen\u00e9 nahr\u00e1vky jej\u00edho \u017e\u00e1ka!) jako politicky motivovan\u00fd proces. Jeho\u017e zjevn\u00fdm \u00fa\u010delem je nejen potrestat ob\u017ealovanou ale p\u0159edev\u0161\u00edm zastra\u0161it ve\u0159ejnost.\u00a0<\/b><\/p>\n<p>Kauza pan\u00ed Martiny Bedn\u00e1\u0159ov\u00e9 m\u00e1 b\u00fdt kladivem na svobodomysln\u00e9 pedagogy, kte\u0159\u00ed sv\u00e9 zam\u011bstn\u00e1n\u00ed vn\u00edmaj\u00ed jako posl\u00e1n\u00ed. Nejvy\u0161\u0161\u00ed soud je\u0161t\u011b nezve\u0159ejnil d\u016fvody, pro kter\u00e9 zru\u0161il osvobozuj\u00edc\u00ed rozsudek, ale v\u00fdstra\u017en\u00fd smysl obnoven\u00e9 ob\u017ealoby je z\u0159ejm\u00fd u\u017e dnes: Na v\u00fdchovu \u017e\u00e1k\u016f ke kritick\u00e9mu my\u0161len\u00ed zapome\u0148te, je to p\u0159ekonan\u00fd p\u0159e\u017eitek minulosti. \u017d\u00e1dn\u00fd u\u010ditel si u\u017e nesm\u00ed dovolit \u201eh\u00e1zet vidle\u201c do \u201ev\u00fdrobn\u00ed linky,\u201c kter\u00e1 prefabrikuje bioroboty. A\u00a0\u017e\u00e1dn\u00fd \u017e\u00e1k (\u010di\u00a0student) nesm\u00ed b\u00fdt trest\u00e1n za udava\u010dstv\u00ed, nebo\u0165 \u0161pehov\u00e1n\u00ed je pro modern\u00ed spole\u010dnost stejn\u011b prosp\u011b\u0161n\u00e9 jako t\u0159\u00edd\u011bn\u00ed odpadu.<\/p>\n<p><b>Inici\u00e1to\u0159i st\u00edh\u00e1n\u00ed, st\u00e1tn\u00ed z\u00e1stupci \u010dinn\u00ed v\u00a0kauze, Nejvy\u0161\u0161\u00ed soud a\u00a0medi\u00e1ln\u00ed n\u00e1den\u00edci mohou b\u00fdt spokojeni se svou kolektivn\u011b odvedenou \u0161tvanic\u00ed. Mo\u017en\u00e1 je ale zneklid\u0148uje skute\u010dnost, \u017ee vlna lidsk\u00e9 solidarity, d\u00edky kter\u00e9 si pan\u00ed u\u010ditelka uchovala d\u016fstojn\u00e9 podm\u00ednky \u017eivota, st\u00e1le s\u00edl\u00ed. Je z\u0159ejm\u011b pouze ot\u00e1zkou \u010dasu, kdy se z\u00a0Martiny Bedn\u00e1\u0159ov\u00e9 \u2013 vytipovan\u00e9 ob\u011bti zv\u016fle \u2013 stane symbol odporu.<br \/>\n<\/b><b>\u00a0<\/b><br \/>\n<i>Lenka Proch\u00e1zkov\u00e1,\u00a0<a href=\"https:\/\/www.facebook.com\/lenka.prochazkova.503\" target=\"_blank\" rel=\"noopener\">fb<\/a><\/i><\/p>\n<p><img decoding=\"async\" loading=\"lazy\" class=\"alignnone size-medium wp-image-2746\" src=\"http:\/\/www.infokuryr.cz\/n\/wp-content\/uploads\/2021\/06\/lenka-prochazkova-300x190.jpg\" alt=\"\" width=\"300\" height=\"190\" srcset=\"https:\/\/www.infokuryr.cz\/n\/wp-content\/uploads\/2021\/06\/lenka-prochazkova-300x190.jpg 300w, https:\/\/www.infokuryr.cz\/n\/wp-content\/uploads\/2021\/06\/lenka-prochazkova.jpg 551w\" sizes=\"(max-width: 300px) 100vw, 300px\" \/><\/p>\n","protected":false},"excerpt":{"rendered":"<p>Sotva se n\u011bkdej\u0161\u00ed vojensk\u00fd prokur\u00e1tor Igor St\u0159\u00ed\u017e ocitl ve funkci Nejvy\u0161\u0161\u00edho st\u00e1tn\u00edho z\u00e1stupce, sna\u017eil se&#8230;<\/p>\n","protected":false},"author":2,"featured_media":55780,"comment_status":"closed","ping_status":"closed","sticky":false,"template":"","format":"standard","meta":[],"categories":[6],"tags":[5160,33,914,57],"_links":{"self":[{"href":"https:\/\/www.infokuryr.cz\/n\/wp-json\/wp\/v2\/posts\/71127"}],"collection":[{"href":"https:\/\/www.infokuryr.cz\/n\/wp-json\/wp\/v2\/posts"}],"about":[{"href":"https:\/\/www.infokuryr.cz\/n\/wp-json\/wp\/v2\/types\/post"}],"author":[{"embeddable":true,"href":"https:\/\/www.infokuryr.cz\/n\/wp-json\/wp\/v2\/users\/2"}],"replies":[{"embeddable":true,"href":"https:\/\/www.infokuryr.cz\/n\/wp-json\/wp\/v2\/comments?post=71127"}],"version-history":[{"count":0,"href":"https:\/\/www.infokuryr.cz\/n\/wp-json\/wp\/v2\/posts\/71127\/revisions"}],"wp:featuredmedia":[{"embeddable":true,"href":"https:\/\/www.infokuryr.cz\/n\/wp-json\/wp\/v2\/media\/55780"}],"wp:attachment":[{"href":"https:\/\/www.infokuryr.cz\/n\/wp-json\/wp\/v2\/media?parent=71127"}],"wp:term":[{"taxonomy":"category","embeddable":true,"href":"https:\/\/www.infokuryr.cz\/n\/wp-json\/wp\/v2\/categories?post=71127"},{"taxonomy":"post_tag","embeddable":true,"href":"https:\/\/www.infokuryr.cz\/n\/wp-json\/wp\/v2\/tags?post=71127"}],"curies":[{"name":"wp","href":"https:\/\/api.w.org\/{rel}","templated":true}]}}