{"id":71067,"date":"2025-01-27T06:43:18","date_gmt":"2025-01-27T05:43:18","guid":{"rendered":"https:\/\/www.infokuryr.cz\/n\/?p=71067"},"modified":"2025-01-27T06:43:18","modified_gmt":"2025-01-27T05:43:18","slug":"stanislav-a-hosek-nejvyznamnejsi-vyrok-o-ukrajine-v-prvnim-tydnu-trumpova-cisarstvi","status":"publish","type":"post","link":"https:\/\/www.infokuryr.cz\/n\/2025\/01\/27\/stanislav-a-hosek-nejvyznamnejsi-vyrok-o-ukrajine-v-prvnim-tydnu-trumpova-cisarstvi\/","title":{"rendered":"Stanislav A. Ho\u0161ek: Nejv\u00fdznamn\u011bj\u0161\u00ed v\u00fdrok o Ukrajin\u011b v prvn\u00edm t\u00fddnu Trumpova &#8222;c\u00edsa\u0159stv\u00ed&#8220;"},"content":{"rendered":"<div id=\"fb-root\"><\/div>\n<p>A kupodivu ho k sv\u011btu nepronesl Trump, ale Marija Vladimirovna Zacharova, kter\u00e1 se 10. 8.2015 stala prvn\u00ed \u017eenou ve funkci mluv\u010d\u00ed ministerstva zahrani\u010d\u00ed Ruska. Je proto samoz\u0159ejm\u00e9, \u017ee poskokov\u00e9 sv\u011btovl\u00e1dce z EU na ni u\u017e v roce 2022, v pr\u016fb\u011bhu Speci\u00e1ln\u00ed operace arm\u00e1dy Ruska na \u00fazem\u00ed Ukrajiny, uvalili sankce. Zm\u00edn\u011bn\u00fd v\u00fdrok zn\u00ed, cituji: \u201ePokud Trumpova administrativa prohl\u00e1sila, \u017ee situace na Ukrajin\u011b je v\u00fdsledkem chyb p\u0159edchoz\u00ed administrativy, pak je mus\u00ed napravit\u201c. P\u00fcnktlich. \u0158e\u010deno rodn\u00fdm jazykem nejpo\u010detn\u011bj\u0161\u00edho ob\u010danstva EU.<\/p>\n<p><span style=\"font-size: 18pt;\"><strong>O chyb\u00e1ch Bidenova kabinetu<\/strong><\/span><\/p>\n<p>Trump prakticky po celou dobu pr\u016fb\u011bhu SVO zve\u0159ej\u0148oval sv\u00e9 n\u00e1zory na chyby Bidena v\u00a0zapojov\u00e1n\u00ed jeho administrativy do konfliktu na Ukrajin\u011b. Bylo jich pom\u011brn\u011b hodn\u011b a nem\u00e1 v\u00fdznam si na n\u011b vzpom\u00ednat, nadto\u017e vyhled\u00e1vat p\u0159esn\u00e1 zn\u011bn\u00ed Trumpov\u00fdch v\u00fdrok\u016f, u\u017e jenom proto ne, \u017ee on s\u00e1m mluv\u00ed mnohdy, velmi slu\u0161n\u011b \u0159e\u010deno, neur\u010dit\u011b.<\/p>\n<p>Opr\u00e1vn\u011bn\u011b ale p\u0159edpokl\u00e1d\u00e1m, \u017ee jeho n\u00e1zory na chyby Bidena se budou do velk\u00e9 m\u00edry li\u0161it od n\u00e1zoru mocn\u00fdch v\u00a0Rusku. Co\u017e bude prvn\u00edm z\u00e1sadn\u00edm probl\u00e9mem \u201en\u00e1pravy \u00fadajn\u00e9ho chybov\u00e1n\u00ed\u201c.<\/p>\n<p>Podle Trumpov\u00fdch v\u00fdrok\u016f v\u00a0prvn\u00edm t\u00fddnu sv\u00e9ho mand\u00e1tu sv\u011bt od n\u011bj sly\u0161el, \u017ee k\u00a0v\u00e1lce nem\u011blo doj\u00edt a \u017ee kdyby on byl prezidentem, tak k\u00a0n\u00ed nedo\u0161lo. Sl\u016fvko kdyby v\u00a0t\u00e9to souvislosti mi velice siln\u011b p\u0159ipom\u00edn\u00e1 lidovou moudrost o ryb\u00e1ch, kter\u00e9 by za ur\u010dit\u00e9ho p\u0159edpokladu nepot\u0159ebovaly rybn\u00edk. Jin\u00fdmi slovy \u0159e\u010deno, \u201ekdyby, jsou chyby\u201c.<\/p>\n<p>Prvn\u00ed \u010d\u00e1st v\u00fdroku je samoz\u0159ejm\u011b ban\u00e1ln\u00ed a nic ne\u0159\u00edkaj\u00edc\u00ed pravdou. Druh\u00e1 \u010d\u00e1st je naopak tvrzen\u00edm, kter\u00e9 Trump v\u00a0\u017e\u00e1dn\u00e9m p\u0159\u00edpad\u011b nem\u016f\u017ee dok\u00e1zat a zku\u0161enosti z\u00a0jeho prvn\u00edho funk\u010dn\u00edho obdob\u00ed sv\u011bd\u010d\u00ed sp\u00ed\u0161e o opaku, proto\u017ee mimo jin\u00e9 to byl pr\u00e1v\u011b on, kdo vyhla\u0161oval proti Rusku velmi t\u011b\u017ek\u00e9 sankce. A dokonce kup\u0159\u00edkladu kv\u016fli takov\u00fdm zpravodajsk\u00fdm v\u00fdmysl\u016fm, jako byl p\u0159\u00edpad \u201eSkripal\u201c.<\/p>\n<p>Holedbat se t\u00edm, \u017ee byl s\u00a0Putinem v p\u0159\u00e1telsk\u00fdch vztaz\u00edch je dal\u0161\u00ed nesmysl. Tak jako velmoci nemaj\u00ed p\u0159\u00e1tele, tak i jejich st\u00e1tn\u00edci je nemaj\u00ed. Snad n\u011bkdy do\u010dasn\u00e9 dobr\u00e9 zn\u00e1m\u00e9.<\/p>\n<p>M\u011b osobn\u011b ale zaj\u00edm\u00e1, o \u010dem vlastn\u011b Trump mluv\u00ed, kdy\u017e v\u00a0p\u0159\u00edpad\u011b konfliktu na Ukrajin\u011b hovo\u0159\u00ed \u201eo v\u00e1lce\u201c. Rusko toti\u017e o konfliktu na Ukrajin\u011b nikdy jako o v\u00e1lce nehovo\u0159ilo a k\u00a0m\u00e9mu \u00fadivu ani Ukrajinsk\u00e1 strana SVO za v\u00e1lku nevyhl\u00e1sila. \u0160lo tedy o jak\u00e9si pobratimsk\u00e9 vy\u0159izov\u00e1n\u00ed si star\u00fdch \u00fa\u010dt\u016f. A bylo z\u00e1sadn\u00ed chybou, \u017ee se jin\u00ed do n\u011bho zapletli. USA, EU a NATO se nem\u011bly co pl\u00e9st do boj\u016f mezi dv\u011bma v\u011btvemi jednoho kmene, tak jako se po druh\u00e9 sv\u011btov\u00e9 v\u00e1lce neanga\u017eovaly do mnoha jin\u00fdch vojensk\u00fdch st\u0159et\u016f. Pokud se tedy Bidenova administrativa zapojila do konfliktu, pak to byla jej\u00ed dominantn\u00ed chyba. Tvrd\u00edm j\u00e1. Co\u017e ale neodpov\u00edd\u00e1 na ot\u00e1zku co Trump mysl\u00ed kdy\u017e o konfliktu hovo\u0159\u00ed jako o v\u00e1lce.<\/p>\n<p><span style=\"font-size: 18pt;\"><strong>Od kdy je konflikt na Ukrajin\u011b v\u00e1lkou<\/strong><\/span><\/p>\n<p>Z\u00a0kontextu slov a \u010din\u016f Trumpa v\u00a0roli prezidenta lze odpov\u011bdn\u011b vyvodit, \u017ee pokud hovo\u0159\u00ed o v\u00e1lce, ke kter\u00e9 nem\u011blo doj\u00edt, tak m\u00e1 na mysli pouze obdob\u00ed po 24. \u00fanoru 2022. Ov\u0161em to za prv\u00e9 \u017e\u00e1dn\u00e1 ze stran konfliktu za v\u00e1lku neprohl\u00e1sila, a za druh\u00e9 USA, EU, a NATO, \u010dti \u201ekolektivn\u00ed Z\u00e1pad\u201c v\u00a0my\u0161len\u00ed Ruska, se v\u00a0boj\u00edch absolutn\u011b neanga\u017eovaly. Tak\u017ee kdy vlastn\u011b za\u010dala v\u00e1lka na Ukrajin\u011b. To by si m\u011bly ob\u011b strany p\u0159edem vyjasnit a hlavn\u011b pak s\u00e1m Trump, kter\u00fd samolib\u011b ji\u017e dlouho vyhla\u0161uje, \u017ee v\u00e1lku skon\u010d\u00ed, dokonce za 24 hodin. Z toho toti\u017e kdy, p\u0159esn\u011bji jak\u00fdmi akcemi ta v\u00e1lka za\u010dala logicky vyplyne, kde hledat po\u010d\u00e1tek jej\u00edho konce. Pokud za\u010dala nap\u0159\u00edklad dod\u00e1vkami smrt\u00edc\u00edch zbran\u00ed ze Z\u00e1padu na Ukrajinu, tak jej\u00ed konec mus\u00ed za\u010d\u00edt absolutn\u00edm a ob\u011bma stranami kontrolovateln\u00fdm ukon\u010den\u00edm t\u011bchto dod\u00e1vek. Jen\u017ee ona takto neza\u010dala.<\/p>\n<p>Z\u00e1pad i Rusko se shoduj\u00ed, \u017ee sou\u010dasn\u00e1 v\u00e1lka na Ukrajin\u011b za\u010dala u\u017e v\u00a0roce 2014. Jen\u017ee! Podle nositel\u016f jedin\u00e9 historick\u00e9 pravdy za\u010dala anex\u00ed Krymu, kde\u017eto podle \u201ezlo\u010dinn\u00e9ho\u201c Ruska za\u010dala u\u017e Majdanem v\u00a0Kyjev\u011b. Nebyla tedy zah\u00e1jena v\u00a0prvn\u00ed Trumpov\u011b kadenci, ale od r. 2017, do roku 2021 Trump pro zm\u00edrn\u011bn\u00ed ji\u017e vznikl\u00e9 \u201ev\u00e1lky\u201c neud\u011blal nic, sp\u00ed\u0161e naopak neust\u00e1le zvy\u0161oval hlavn\u011b ekonomick\u00fd n\u00e1tlak na Rusko a v\u00a0tichosti sledoval intenzivn\u00ed vyzbrojov\u00e1n\u00ed Ukrajiny pod rou\u0161kou Minsk\u00fdch \u201eburek\u201c.<\/p>\n<p>Z\u00a0\u010deho\u017e plyne, \u017ee po cel\u00e9 \u010dty\u0159i roky sv\u00e9ho \u201eprezidentov\u00e1n\u00ed\u201c se v\u016fbec nikdy nezamyslel nad mnoha z\u00e1sadn\u00edmi prohl\u00e1\u0161en\u00edmi Ruska, a\u0165 ji\u017e Lavrova, N\u011bbenzji, a p\u0159edev\u0161\u00edm Putina. Znamen\u00e1 to, \u017ee trp\u011bl onou hluchotou, v\u00a0n\u00ed\u017e tak vynikal Obama, a zd\u00e1rn\u011b pokra\u010doval jeho n\u00e1sledovn\u00edk Biden. Vzpom\u00edn\u00e1m si ale, \u017ee u\u017e jako pouh\u00fd \u201eob\u010dan\u201c USA v\u00a0roce 2022 Trump oce\u0148oval, \u017ee Putin uznal Luhanskou a Don\u011bckou oblast Ukrajiny jako samostatn\u00e9, svrchovan\u00e9 st\u00e1ty, a\u010d jen t\u011bsn\u011b p\u0159ed t\u00edm, ne\u017e tam poslal sv\u00e1 vojska.<\/p>\n<p>Trouf\u00e1m si proto tvrdit, \u017ee kdyby Trump byl ke konci roku 2021 prezidentem, tak by stejn\u011b jako administrativa Bidenova \u201enesly\u0161el\u201c posledn\u00ed doslova \u00fap\u011bnliv\u00e9 varov\u00e1n\u00ed Putina. V\u017edy\u0165 s roz\u0161i\u0159ov\u00e1n\u00edm NATO co nejbl\u00ed\u017ee k\u00a0Moskv\u011b neud\u011blal nic, a pr\u00e1v\u011b to bylo podle Ruska fundament\u00e1ln\u00edm d\u016fvodem k\u00a0jeho vojensk\u00e9 intervenci na \u201eUkrajinsk\u00e9 \u00fazem\u00ed\u201c. Tak\u017ee sou\u010dasn\u00fd konflikt na Ukrajin\u011b je bu\u010fto pro akt\u00e9ry pouze v\u00e1lkou od \u00fanora 2022 anebo u\u017e kdesi od roku 1999. To je z\u00e1sadn\u00ed, co si mus\u00ed p\u0159ipustit a p\u0159ed jedn\u00e1n\u00edmi se na tom dohodnout.<\/p>\n<p>Jin\u00e9 \u0159e\u0161en\u00ed budou hledat pokud pro n\u011b d\u011bjiny v\u00e1lky za\u010daly p\u0159ed t\u0159emi lety a naprosto jin\u00e9, pokud je budou vid\u011bt u\u017e na konci minul\u00e9ho tis\u00edcilet\u00ed.<\/p>\n<p><span style=\"font-size: 18pt;\"><strong>O NATO a Rusku<\/strong><\/span><\/p>\n<p>Ka\u017ed\u00fd, kdo pozorn\u011bji sledoval v\u00fdvoj po rozpadu SSSR v\u00ed, \u017ee Rusku samotn\u00e9 roz\u0161i\u0159ov\u00e1n\u00ed NATO, nadto\u017e EU z\u00e1sadn\u011b nevadilo. Do ur\u010dit\u00e9 doby samoz\u0159ejm\u011b. Do \u010das\u016f, pokud m\u011blo garantovanou svou bezpe\u010dnost smlouvami o jadern\u00fdch zbran\u00edch a p\u0159edev\u0161\u00edm o jejich nosi\u010d\u00edch a do doby, dokud neexistovala jist\u00e1 \u00faprava vojensk\u00fdch doktr\u00edn Z\u00e1padu. Konkr\u00e9tn\u011bji. Rusku nevadilo ani tak roz\u0161i\u0159ov\u00e1n\u00ed NATO, jako rozm\u00eds\u0165ov\u00e1n\u00ed zbrojn\u00edch syst\u00e9m\u016f ohro\u017euj\u00edc\u00edch bezpe\u010dnost Ruska na vojensk\u00fdch z\u00e1kladn\u00e1ch nov\u00fdch \u010dlen\u016f, tedy podstatn\u011b bl\u00ed\u017ee k\u00a0hranic\u00edm Ruska. Nebylo ochotno tolerovat, \u017ee jeho \u00fazem\u00ed se dost\u00e1v\u00e1 na dost\u0159el zbran\u00ed USArmy, rozm\u00eds\u0165ovan\u00fdch na \u00fazem\u00ed v\u00fdchodn\u00edch \u010dlen\u016f NATO.<\/p>\n<p>Rusku dokonce ani samotn\u00e9 NATO nevadilo, dokud se mezi n\u00edm a NATO rozv\u00edjelo ur\u010dit\u00e9 partnerstv\u00ed s\u00a0atmosf\u00e9rou d\u016fv\u011bry, kter\u00e9 bylo dokonce smluvn\u011b institucializov\u00e1no. V\u00a0pr\u016fb\u011bhu \u010das\u016f se ale oboj\u00ed zm\u011bnilo. NATO zru\u0161ilo spolupr\u00e1ci s\u00a0Ruskem a n\u00e1sledn\u011b ve sv\u00e9 doktr\u00edn\u011b prohl\u00e1silo Rusko za nep\u0159\u00edtele. Co\u017e nakonec potvrdily vojensk\u00e9 doktr\u00edny mnoha jeho \u010dlensk\u00fdch arm\u00e1d. Hlavn\u011b se ale prakticky chovalo jako nesmi\u0159iteln\u00fd nep\u0159\u00edtel Ruska, proto\u017ee zru\u0161ilo v\u0161echny, nebo skoro ve\u0161ker\u00e9 smlouvy reguluj\u00edc\u00ed mo\u017enost \u00fatoku jadern\u00fdmi syst\u00e9my a za\u010dalo je rozm\u00eds\u0165ovat do vzd\u00e1lenost\u00ed ohro\u017euj\u00edc\u00ed \u00fazem\u00ed Ruska.<\/p>\n<p><span style=\"font-size: 18pt;\"><strong>Z\u00e1v\u011bre\u010dn\u00e9 v\u011bty<\/strong><\/span><\/p>\n<p>\u0158e\u0161en\u00ed \u201ev\u00e1lky\u201c na Ukrajin\u011b m\u00e1 tedy p\u0159i nejmen\u0161\u00edm dva z\u00e1sadn\u00ed probl\u00e9my, technicko-vojensk\u00fd a ment\u00e1ln\u011b-politick\u00fd. Ka\u017ed\u00fd, kdo jej hodl\u00e1 ukon\u010dit, mus\u00ed nal\u00e9zt re\u00e1lnou nemo\u017enost ohro\u017een\u00ed Rusk\u00e9ho \u00fazem\u00ed a zajistit konec rusofobie v\u00a0Z\u00e1padn\u00edm prostoru sou\u010dasn\u00e9ho sv\u011bta. S\u00a0ohledem na zku\u0161enosti z\u00a0v\u00fdvoje budouc\u00edch v\u00e1lek si trouf\u00e1m konstatovat, \u017ee technick\u00fd probl\u00e9m je ne\u0159e\u0161iteln\u00fd, u\u017e dneska jsou drony a v\u00a0dohledn\u00e9 budoucnosti budou robotick\u00e9 zbran\u011b schopn\u00e9 ohro\u017eovat kohokoliv a kdekoliv. Tak\u017ee zb\u00fdv\u00e1 jedin\u00e9. Zbavit se vz\u00e1jemn\u00e9 nen\u00e1visti. Vyjasnit si vztah Z\u00e1padu a Ruska, minim\u00e1ln\u011b zru\u0161it ve sv\u00fdch vojensk\u00fdch doktr\u00edn\u00e1ch pasus o tom, \u017ee ten druh\u00fd je existen\u010dn\u00edm nep\u0159\u00edtelem.<\/p>\n<p>K\u00a0jednac\u00edmu stolu budou moci, ba dokonce budou muset usedat ob\u011b strany lidsk\u00e9 civilizace teprve tehdy, kdy\u017e se zbav\u00ed vz\u00e1jemn\u00e9 fobie, propagandy nen\u00e1visti a p\u0159esv\u011bd\u010den\u00ed, \u017ee ten druh\u00fd je nep\u0159\u00edtelem, kter\u00e9ho je t\u0159eba zni\u010dit. P\u0159\u00edslu\u0161n\u00edci vyjedn\u00e1va\u010d\u016f a tedy vl\u00e1dnouc\u00edch vrstev mus\u00ed druhou stranu pova\u017eovat za rovnocenn\u00e9ho partnera a v\u00a0jedn\u00e1n\u00edch bezpodm\u00edne\u010dn\u011b hledat principy budouc\u00edho spolu\u017eit\u00ed na t\u00e9to vesm\u00edrn\u00e9 koc\u00e1bce s\u00a0n\u00e1zvem Zem\u011b. Podle m\u00fdch n\u00e1zor\u016f nem\u00e1 smysl ani usedat k\u00a0jedn\u00e1n\u00ed jen proto, aby d\u00e1l pokra\u010dovala zbroja\u0159sk\u00e1 p\u0159etahovan\u00e1 v o\u010dek\u00e1v\u00e1n\u00ed, \u017ee se p\u0159ece jenom jednou vytvo\u0159\u00ed \u201eokno p\u0159\u00edle\u017eitosti\u201c k\u00a0prvn\u00edmu jadern\u00e9mu \u00fatoku, na kter\u00fd druh\u00e1 strana nedok\u00e1\u017ee odpov\u011bd\u011bt. Finito.<\/p>\n<p><strong><em>Stanislav A. Ho\u0161ek<\/em><\/strong><\/p>\n<p>&nbsp;<\/p>\n<p>&nbsp;<\/p>\n","protected":false},"excerpt":{"rendered":"<p>A kupodivu ho k sv\u011btu nepronesl Trump, ale Marija Vladimirovna Zacharova, kter\u00e1 se 10. 8.2015&#8230;<\/p>\n","protected":false},"author":2,"featured_media":49010,"comment_status":"closed","ping_status":"closed","sticky":false,"template":"","format":"standard","meta":[],"categories":[6],"tags":[1503,452,26],"_links":{"self":[{"href":"https:\/\/www.infokuryr.cz\/n\/wp-json\/wp\/v2\/posts\/71067"}],"collection":[{"href":"https:\/\/www.infokuryr.cz\/n\/wp-json\/wp\/v2\/posts"}],"about":[{"href":"https:\/\/www.infokuryr.cz\/n\/wp-json\/wp\/v2\/types\/post"}],"author":[{"embeddable":true,"href":"https:\/\/www.infokuryr.cz\/n\/wp-json\/wp\/v2\/users\/2"}],"replies":[{"embeddable":true,"href":"https:\/\/www.infokuryr.cz\/n\/wp-json\/wp\/v2\/comments?post=71067"}],"version-history":[{"count":0,"href":"https:\/\/www.infokuryr.cz\/n\/wp-json\/wp\/v2\/posts\/71067\/revisions"}],"wp:featuredmedia":[{"embeddable":true,"href":"https:\/\/www.infokuryr.cz\/n\/wp-json\/wp\/v2\/media\/49010"}],"wp:attachment":[{"href":"https:\/\/www.infokuryr.cz\/n\/wp-json\/wp\/v2\/media?parent=71067"}],"wp:term":[{"taxonomy":"category","embeddable":true,"href":"https:\/\/www.infokuryr.cz\/n\/wp-json\/wp\/v2\/categories?post=71067"},{"taxonomy":"post_tag","embeddable":true,"href":"https:\/\/www.infokuryr.cz\/n\/wp-json\/wp\/v2\/tags?post=71067"}],"curies":[{"name":"wp","href":"https:\/\/api.w.org\/{rel}","templated":true}]}}