{"id":71065,"date":"2025-01-27T06:40:17","date_gmt":"2025-01-27T05:40:17","guid":{"rendered":"https:\/\/www.infokuryr.cz\/n\/?p=71065"},"modified":"2025-01-27T06:40:17","modified_gmt":"2025-01-27T05:40:17","slug":"papez-varuje-pred-posouvanim-hniloby-mozku","status":"publish","type":"post","link":"https:\/\/www.infokuryr.cz\/n\/2025\/01\/27\/papez-varuje-pred-posouvanim-hniloby-mozku\/","title":{"rendered":"Pape\u017e varuje p\u0159ed posouv\u00e1n\u00edm \u201ehniloby mozku\u201c"},"content":{"rendered":"<div id=\"fb-root\"><\/div>\n<p><span style=\"font-size: 18pt;\"><strong>Pape\u017e Franti\u0161ek to \u0159ekl v projevu k novin\u00e1\u0159\u016fm ve Vatik\u00e1nu<\/strong><\/span><\/p>\n<p><span>Pape\u017e Franti\u0161ek varoval katol\u00edky p\u0159ed rizikem\u00a0<\/span><em><span>\u201ehnit\u00ed mozku\u201c<\/span><\/em><span>\u00a0z nadm\u011brn\u00e9ho rolov\u00e1n\u00ed na soci\u00e1ln\u00edch s\u00edt\u00edch a vyzval\u00a0<\/span><em><span>\u201eodv\u00e1\u017en\u00e9\u201c<\/span><\/em><span>\u00a0novin\u00e1\u0159e, aby\u00a0m\u00edsto toho vypr\u00e1v\u011bli ve\u0159ejnosti\u00a0<\/span><em><span>\u201ep\u0159\u00edb\u011bhy nad\u011bje\u201c .<\/span><\/em><\/p>\n<p><span>Pape\u017e to \u0159ekl v sobotu ve Vatik\u00e1nu na adresu novin\u00e1\u0159\u016f a dal\u0161\u00edch odborn\u00edk\u016f na komunikaci.<\/span><\/p>\n<p><em><span>\u201eKomunikace znamen\u00e1 vykro\u010dit trochu mimo sebe, abychom dali n\u011bco ze sebe druh\u00e9mu,\u201c<\/span><\/em><span>\u00a0\u0159ekl, ne\u017e vyzval mlad\u00e9 lidi, aby uplat\u0148ovali v\u00edce dovednost\u00ed kritick\u00e9ho my\u0161len\u00ed a vyh\u00fdbali se\u00a0<\/span><em><span>\u201ehnilob\u011b mozku\u201c<\/span><\/em><span>\u00a0z nadm\u011brn\u00e9ho pou\u017e\u00edv\u00e1n\u00ed soci\u00e1ln\u00edch m\u00e9di\u00ed.<\/span><\/p>\n<p><em><span>\u201eBrain rot\u201c<\/span><\/em><span>\u00a0je slangov\u00fd v\u00fdraz b\u011b\u017en\u011b pou\u017e\u00edvan\u00fd \u201aGen Z\u2018 k popisu stavu odcizen\u00ed pramen\u00edc\u00edho z nadm\u011brn\u00e9 konzumace online obsahu.<\/span><\/p>\n<p><em><span>\u201ePot\u0159ebujeme odv\u00e1\u017en\u00e9 podnikatele, odv\u00e1\u017en\u00e9 informa\u010dn\u00ed in\u017een\u00fdry, aby kr\u00e1sa komunikace nebyla naru\u0161ena,\u201c<\/span><\/em><span>\u00a0\u0159ekl shrom\u00e1\u017ed\u011bn\u00fdm novin\u00e1\u0159\u016fm a vyzval je, aby\u00a0<\/span><em><span>\u201evypr\u00e1v\u011bli p\u0159\u00edb\u011bhy napln\u011bn\u00e9 nad\u011bj\u00ed, m\u011bli obavy o n\u00e1\u0161 spole\u010dn\u00fd osud a sna\u017eili se ps\u00e1t spole\u010dn\u011b historii na\u0161\u00ed budoucnosti.&#8220;<\/span><\/em><\/p>\n<p><span>Pape\u017e tak\u00e9 upozornil na 120 novin\u00e1\u0159\u016f, kte\u0159\u00ed p\u0159i\u0161li o \u017eivot v roce 2024, p\u0159i\u010dem\u017e mnoz\u00ed z nich se zab\u00fdvali konfliktem mezi Izraelem a Ham\u00e1sem v Gaze.<\/span><\/p>\n<p><span>Toto je\u00a0<\/span><em><span>\u201eobt\u00ed\u017en\u00fd okam\u017eik v d\u011bjin\u00e1ch lidstva, se sv\u011btem st\u00e1le zran\u011bn\u00fdm v\u00e1lkami a n\u00e1sil\u00edm, prolit\u00edm tolika nevinn\u00e9 krve,\u201c<\/span><\/em><span>\u00a0\u0159ekl a dodal:\u00a0<\/span><em><span>\u201eKdy\u017e pod\u00e1v\u00e1te zpr\u00e1vy o zlu, nechte prostor pro mo\u017enost n\u00e1pravy co bylo roztrh\u00e1no.&#8220;<\/span><\/em><\/p>\n<p><span>Pape\u017e Franti\u0161ek je pravideln\u00fdm kritikem soci\u00e1ln\u00edch s\u00edt\u00ed. Loni v l\u00e9t\u011b varoval, \u017ee tyto platformy\u00a0<\/span><em><span>\u201eodcizuj\u00ed mlad\u00e9 lidi\u201c.<\/span><\/em><\/p>\n<p><em><span>\u201eKolik hodin dnes \u010dlov\u011bk tr\u00e1v\u00ed u televize nebo na sv\u00fdch mal\u00fdch telefonech? Kolik hodin?&#8220;<\/span><\/em><span>\u00a0zeptal se tehdy v rozhovoru pro CBS News.<\/span><\/p>\n<p><img decoding=\"async\" loading=\"lazy\" class=\"alignnone size-full wp-image-1185\" src=\"http:\/\/www.infokuryr.cz\/n\/wp-content\/uploads\/2021\/04\/kuryr-podpis.png\" alt=\"\" width=\"84\" height=\"24\" \/><\/p>\n<p>&nbsp;<\/p>\n","protected":false},"excerpt":{"rendered":"<p>Pape\u017e Franti\u0161ek to \u0159ekl v projevu k novin\u00e1\u0159\u016fm ve Vatik\u00e1nu Pape\u017e Franti\u0161ek varoval katol\u00edky p\u0159ed&#8230;<\/p>\n","protected":false},"author":2,"featured_media":71066,"comment_status":"closed","ping_status":"closed","sticky":false,"template":"","format":"standard","meta":[],"categories":[7],"tags":[273,254,3338,538],"_links":{"self":[{"href":"https:\/\/www.infokuryr.cz\/n\/wp-json\/wp\/v2\/posts\/71065"}],"collection":[{"href":"https:\/\/www.infokuryr.cz\/n\/wp-json\/wp\/v2\/posts"}],"about":[{"href":"https:\/\/www.infokuryr.cz\/n\/wp-json\/wp\/v2\/types\/post"}],"author":[{"embeddable":true,"href":"https:\/\/www.infokuryr.cz\/n\/wp-json\/wp\/v2\/users\/2"}],"replies":[{"embeddable":true,"href":"https:\/\/www.infokuryr.cz\/n\/wp-json\/wp\/v2\/comments?post=71065"}],"version-history":[{"count":0,"href":"https:\/\/www.infokuryr.cz\/n\/wp-json\/wp\/v2\/posts\/71065\/revisions"}],"wp:featuredmedia":[{"embeddable":true,"href":"https:\/\/www.infokuryr.cz\/n\/wp-json\/wp\/v2\/media\/71066"}],"wp:attachment":[{"href":"https:\/\/www.infokuryr.cz\/n\/wp-json\/wp\/v2\/media?parent=71065"}],"wp:term":[{"taxonomy":"category","embeddable":true,"href":"https:\/\/www.infokuryr.cz\/n\/wp-json\/wp\/v2\/categories?post=71065"},{"taxonomy":"post_tag","embeddable":true,"href":"https:\/\/www.infokuryr.cz\/n\/wp-json\/wp\/v2\/tags?post=71065"}],"curies":[{"name":"wp","href":"https:\/\/api.w.org\/{rel}","templated":true}]}}