{"id":71055,"date":"2025-01-27T00:39:06","date_gmt":"2025-01-26T23:39:06","guid":{"rendered":"https:\/\/www.infokuryr.cz\/n\/?p=71055"},"modified":"2025-01-26T17:19:23","modified_gmt":"2025-01-26T16:19:23","slug":"miroslav-kavij-lhar-lhare-neodvola","status":"publish","type":"post","link":"https:\/\/www.infokuryr.cz\/n\/2025\/01\/27\/miroslav-kavij-lhar-lhare-neodvola\/","title":{"rendered":"Miroslav Kavij: Lh\u00e1\u0159 lh\u00e1\u0159e neodvol\u00e1"},"content":{"rendered":"<div id=\"fb-root\"><\/div>\n<p>Fialova vl\u00e1da vedle nejv\u011bt\u0161\u00edho po\u010dtu t\u00e9m\u011b\u0159 ka\u017edodenn\u00edch \u00a0af\u00e9r\u00a0 se v\u00a0porovn\u00e1n\u00ed s\u00a0ostatn\u00edmi\u00a0 p\u0159ede\u0161l\u00fdmi \u00a0vl\u00e1dami\u00a0\u00a0 jedn\u00edm \u00a0prvenstv\u00edm \u00a0p\u0159eci jen m\u016f\u017ee pochlubit.<\/p>\n<p>T\u00edm je precizn\u00ed \u201ezvl\u00e1dnut\u00ed\u201c v\u0161ech\u00a0 kauz, af\u00e9r a podez\u0159en\u00ed, jejich\u00a0 zameten\u00ed pod koberec. \u00a0Trocha medi\u00e1ln\u00edho povyku u af\u00e9ry Dozimetr spojen\u00e9 s\u00a0ministrem vnitra Raku\u0161anem (STAN), \u010di pran\u00ed \u0161pinav\u00fdch pen\u011bz\u00a0 v\u00a0kampeli\u010dce, kterou proslavili politici\u00a0 ODS v\u00a0\u010dele s\u00a0premi\u00e9rem Fialou(ODS) \u00a0a v\u0161e se dost\u00e1v\u00e1 do star\u00fdch vyjet\u00fdch kolej\u00ed. \u00a0Zat\u00edmco\u00a0 podstatn\u011b \u00a0men\u0161\u00ed af\u00e9ry m\u011bly za n\u00e1sledek\u00a0 konec vl\u00e1d premi\u00e9r\u016f Grosse ( \u010cSDD), Topol\u00e1nka (ODS),\u00a0 Ne\u010dase (ODS), Fial\u016fv Titanic z\u016fstane nakonec nepotopen. \u00a0Politici vl\u00e1dn\u00edch stran \u00a0nejvy\u0161\u0161\u00edch\u00a0 pater\u00a0 ve kter\u00fdch se prol\u00edn\u00e1\u00a0 korupce, mafi\u00e1nstv\u00ed, klientelismus\u00a0 a lhan\u00ed, \u00a0jisti si sv\u00e9 nepr\u016fst\u0159elnosti v\u00a0tomto \u00a0zdevastovan\u00e9m\u00a0 mor\u00e1ln\u00edm a pr\u00e1vn\u00edm prost\u0159ed\u00ed \u00a0\u00a0tak pro\u017e\u00edvaj\u00ed\u00a0 nad\u00e1le \u00a0klidn\u00fd sp\u00e1nek.<\/p>\n<p>Jedin\u00fdm, komu v\u00a0dne\u0161n\u00ed dob\u011b klidn\u00fd sp\u00e1nek mo\u017en\u00e1 chyb\u00ed, je n\u00e1\u010deln\u00edk \u00a0G\u0160 Karel\u00a0 \u0158ehka, \u00a0v\u00a0sou\u010dasnosti pran\u00fd\u0159ov\u00e1n za sv\u00e9 vulg\u00e1rn\u00ed \u00a0vyj\u00e1d\u0159en\u00ed\u00a0 na adresu n\u011bkter\u00fdch politik\u016f. \u00a0Medi\u00e1ln\u011b\u00a0 nejzn\u00e1m\u011bj\u0161\u00ed\u00a0 je z\u0159ejm\u011b incident, kdy m\u011bl\u00a0 poslanci \u00a0a \u010dlenu bezpe\u010dnostn\u00edho v\u00fdboru \u00a0R\u016f\u017ei\u010dkovi (ANO) vyhro\u017eovat, \u017ee mu \u201eroz\u0161lape ksicht\u201c. Incident, kter\u00fd uveden\u00fd poslanec potvrdil i pro redakci CNN\u00a0 Prima NEWS , zat\u00edmco\u00a0 Karel \u0158ehka \u00a0pro stejnou televizn\u00ed stanici celou z\u00e1le\u017eitost\u00a0 odm\u00edtl. Podobn\u00fd konflikt m\u011bl m\u00edt s\u00a0\u0158ehkou v\u00a0minulosti , tak\u00e9 po jedn\u00e1n\u00ed v\u00fdboru pro obranu, vrchn\u00ed \u0159editel sekce vyzbrojov\u00e1n\u00ed a akvizic ministerstva obrany Lubor Koudelka. I ten konflikt pro CNN Prima NEWS potvrdil. \u00a0S\u00a0chov\u00e1n\u00edm \u00a0\u0158ehky m\u00e1 z\u00a0minulosti podobn\u00e9 zku\u0161enosti i Lubom\u00edr Zaor\u00e1lek, kter\u00fd p\u0159ed \u010dasem ve Sn\u011bmovn\u011b vyslovil \u00a0pochyby, jak se vyv\u00edj\u00ed situace v\u00a0Afgh\u00e1nist\u00e1nu. Pr\u00e1v\u011b b\u00fdval\u00fd ministr Lubom\u00edr Zaor\u00e1lek vyzval ministryni obrany \u010cernochovou, aby byl \u0158ehka za sv\u00e9 vulgarity a postoje odvol\u00e1n.<\/p>\n<p>Odvol\u00e1n\u00ed n\u00e1\u010deln\u00edka G\u0160 m\u016f\u017ee prov\u00e9st pouze prezident.\u00a0 V\u00a0tomto p\u0159\u00edpad\u011b prezident \u00a0Petr Pavel,\u00a0 nelichotiv\u011b naz\u00fdv\u00e1n\u00a0 jako \u00a0automat na podpisy, kter\u00fd v\u00a0dob\u011b prezidentsk\u00e9 \u00a0kampan\u011b\u00a0 v\u00a0mnoh\u00fdch p\u0159\u00edpadech, abych nevypla\u0161il\u00a0 Folt\u00fdna slu\u0161n\u011b \u0159e\u010deno nemluvil pravdu, zapom\u00ednal na n\u011bkter\u00e9 z\u00e1sadn\u00ed ud\u00e1losti\u00a0 sv\u00e9ho \u017eivotopisu t\u00fdkaj\u00edc\u00ed se p\u0159edlistopadov\u00e9ho obdob\u00ed.\u00a0 V\u011b\u0159\u00ed\u00a0 ale n\u011bkdo , \u017ee \u00a0lh\u00e1\u0159 odvol\u00e1 lh\u00e1\u0159e? \u00a0Nav\u00edc v dob\u011b, kdy vl\u00e1dn\u00ed \u00a0papal\u00e1\u0161i\u00a0 a agent P\u00e1vek jsou\u00a0 zcela pod\u0159\u00edzeni\u00a0 plnit z\u00e1jmy americk\u00fdch spojenc\u016f a nav\u00edc mus\u00ed \u017eehlit\u00a0 sv\u016fj profil\u00a0 v\u00a0o\u010d\u00edch nov\u00e9 administrativy po n\u00e1stupu Donalda Trumpa ?<\/p>\n<p>Korupce, mafi\u00e1nstv\u00ed, klientelismus\u00a0 a l\u017ei budou\u00a0 prov\u00e1zet vl\u00e1du Petra Fialy (ODS) a\u017e do podzimn\u00edch voleb. Je na voli\u010d\u00edch zbavit sou\u010dasn\u00e9 vl\u00e1dn\u00ed strany sv\u00fdch koryt, ukon\u010dit jejich klidn\u00e9 span\u00ed.\u00a0 Ve volb\u00e1ch\u00a0 jasn\u011b a d\u016frazn\u011b \u0159\u00edci\u00a0 STA\u010cILO!<\/p>\n<p><a href=\"https:\/\/www.pokec24.cz\/blog\/lhar-lhare-neodvola\/\">Miroslav Kavij<\/a><\/p>\n<p><span style=\"font-size: 18pt;\"><strong>***<\/strong><\/span><\/p>\n<div class=\"block-title\">\n<h4 class=\"wp-block-heading\"><span style=\"font-size: 18pt;\"><strong>Roz\u0161lapu ti dr\u017eku, m\u011bl vyhro\u017eovat \u0158ehka poslanci. Bl\u00e1boly, pop\u00edr\u00e1 na\u0159\u010den\u00ed gener\u00e1l<\/strong><\/span><\/h4>\n<\/div>\n<p>N\u00e1\u010deln\u00edk gener\u00e1ln\u00edho \u0161t\u00e1bu Karel \u0158ehka m\u011bl v minulosti vulg\u00e1rn\u011b nad\u00e1vat politik\u016fm. Podle informac\u00ed podcastu Emko se m\u011blo jednat o poslance hnut\u00ed ANO Pavla R\u016f\u017ei\u010dku, kter\u00fd \u0158ehku kritizuje dlouhodob\u011b. Gener\u00e1l mu m\u011bl na chodb\u011b vyhro\u017eovat, \u017ee mu \u201eroz\u0161lape ksicht\u201c. R\u016f\u017ei\u010dka konflikt potvrdil i pro CNN Prima NEWS. N\u00e1\u010deln\u00edk gener\u00e1ln\u00edho \u0161t\u00e1bu Karel \u0158ehka cel\u00fd incident pop\u00edr\u00e1. Kv\u016fli jeho \u00fadajn\u00fdm vulgarit\u00e1m v\u0161ak \u017e\u00e1d\u00e1 exministr zahrani\u010d\u00ed a m\u00edstop\u0159edseda SOCDEM Lubom\u00edr Zaor\u00e1lek jeho rezignaci.<\/p>\n<p><a href=\"https:\/\/cnn.iprima.cz\/rozslapu-ti-drzku-mel-vyhrozovat-rehka-poslanci-blaboly-popira-narceni-general-464108\">https:\/\/cnn.iprima.cz\/rozslapu-ti-drzku-mel-vyhrozovat-rehka-poslanci-blaboly-popira-narceni-general-464108<\/a><\/p>\n<p>&nbsp;<\/p>\n","protected":false},"excerpt":{"rendered":"<p>Fialova vl\u00e1da vedle nejv\u011bt\u0161\u00edho po\u010dtu t\u00e9m\u011b\u0159 ka\u017edodenn\u00edch \u00a0af\u00e9r\u00a0 se v\u00a0porovn\u00e1n\u00ed s\u00a0ostatn\u00edmi\u00a0 p\u0159ede\u0161l\u00fdmi \u00a0vl\u00e1dami\u00a0\u00a0 jedn\u00edm \u00a0prvenstv\u00edm&#8230;<\/p>\n","protected":false},"author":2,"featured_media":52031,"comment_status":"closed","ping_status":"closed","sticky":false,"template":"","format":"standard","meta":[],"categories":[6],"tags":[1497,1503,851,1032],"_links":{"self":[{"href":"https:\/\/www.infokuryr.cz\/n\/wp-json\/wp\/v2\/posts\/71055"}],"collection":[{"href":"https:\/\/www.infokuryr.cz\/n\/wp-json\/wp\/v2\/posts"}],"about":[{"href":"https:\/\/www.infokuryr.cz\/n\/wp-json\/wp\/v2\/types\/post"}],"author":[{"embeddable":true,"href":"https:\/\/www.infokuryr.cz\/n\/wp-json\/wp\/v2\/users\/2"}],"replies":[{"embeddable":true,"href":"https:\/\/www.infokuryr.cz\/n\/wp-json\/wp\/v2\/comments?post=71055"}],"version-history":[{"count":1,"href":"https:\/\/www.infokuryr.cz\/n\/wp-json\/wp\/v2\/posts\/71055\/revisions"}],"predecessor-version":[{"id":71056,"href":"https:\/\/www.infokuryr.cz\/n\/wp-json\/wp\/v2\/posts\/71055\/revisions\/71056"}],"wp:featuredmedia":[{"embeddable":true,"href":"https:\/\/www.infokuryr.cz\/n\/wp-json\/wp\/v2\/media\/52031"}],"wp:attachment":[{"href":"https:\/\/www.infokuryr.cz\/n\/wp-json\/wp\/v2\/media?parent=71055"}],"wp:term":[{"taxonomy":"category","embeddable":true,"href":"https:\/\/www.infokuryr.cz\/n\/wp-json\/wp\/v2\/categories?post=71055"},{"taxonomy":"post_tag","embeddable":true,"href":"https:\/\/www.infokuryr.cz\/n\/wp-json\/wp\/v2\/tags?post=71055"}],"curies":[{"name":"wp","href":"https:\/\/api.w.org\/{rel}","templated":true}]}}