{"id":71049,"date":"2025-01-27T00:33:26","date_gmt":"2025-01-26T23:33:26","guid":{"rendered":"https:\/\/www.infokuryr.cz\/n\/?p=71049"},"modified":"2025-01-26T17:11:39","modified_gmt":"2025-01-26T16:11:39","slug":"petr-pokorny-kam-az-zajde-opilec-a-vyzirka-polivka-za-18-milionu-od-ods-fico-vi-co-za-smejdy-na-slovensku-demonstruje","status":"publish","type":"post","link":"https:\/\/www.infokuryr.cz\/n\/2025\/01\/27\/petr-pokorny-kam-az-zajde-opilec-a-vyzirka-polivka-za-18-milionu-od-ods-fico-vi-co-za-smejdy-na-slovensku-demonstruje\/","title":{"rendered":"Petr Pokorn\u00fd: Kam a\u017e zajde opilec a vy\u017e\u00edrka Pol\u00edvka za 18 milion\u016f od ODS? Fico v\u00ed, co za \u0161mejdy na Slovensku demonstruje!"},"content":{"rendered":"<div id=\"fb-root\"><\/div>\n<div class=\"introtext\">\n<p><span style=\"font-size: 14pt;\"><strong>Fico s Orb\u00e1nem donutili Zelensk\u00e9ho, aby p\u0159estal vyd\u00edrat a Ukrajinci s opozic\u00ed na Slovensku d\u011blaj\u00ed pogromy. A kolik dostal komediant Pol\u00edvka? Zde m\u00e1te d\u016fkazy, jak to funguje!\u00a0<\/strong><\/span><\/p>\n<\/div>\n<div class=\"fulltext\">\n<p>Za miliony bude opilec jak jinak z Moravy od Fialy mo\u010dit t\u0159eba po lidech. A t\u011bch mili\u00f3n\u016f bylo rovn\u00fdch 18! Za dva roky. Dobr\u00fd k\u0161eft jako u kampeli\u010dky Fialy, i kdy\u017e tentokr\u00e1t to ODS ukradla z kapsy da\u0148ov\u00fdch poplatn\u00edk\u016f. Leze to v\u0161echno ven a v\u0161ichni Dozimet\u0159i a kampeli\u010dky pravdu nezastav\u00ed, by\u0165 se to \u010cesk\u00e1 televize \u010di CNN Prima News sna\u017e\u00ed vyml\u010det!<\/p>\n<p>Na Slovensku demonstruje \u010d\u00e1st ze\u00a0130 000 a\u017e 250 000 Ukrajinc\u016f za podpory komediant\u016f z \u010cesk\u00e9 republiky\u00a0a \u0161\u00edlen\u00e9 opozice.\u00a0<a title=\"Na Slovensko uprchlo \u010dtvrt milionu Ukrajinc\u016f\" href=\"https:\/\/ct24.ceskatelevize.cz\/clanek\/svet\/na-slovensko-uprchlo-uz-ctvrt-milionu-ukrajincu-po-puvodnim-naporu-je-situace-stabilizovana-22874\" target=\"_blank\" rel=\"noopener\">Na Slovensko uprchlo \u010dtvrt milionu Ukrajinc\u016f<\/a><\/p>\n<p>A v \u010dele t\u00e9to protislovensk\u00e9 skupiny jsou komedianti jako je Bolek Pol\u00edvka, \u010di Ivan Trojan?<\/p>\n<p><span style=\"font-size: 18pt;\"><strong>Jak trefn\u00e9 pro Kub\u00edka na Seznamu:<\/strong><\/span><\/p>\n<div class=\"g_bm speakable\" data-dot=\"mol-paragraph\">\n<p class=\"e_bm\"><span class=\"atm-text-decorator\"><span class=\"e_U\">V dob\u011b uvadaj\u00edc\u00ed d\u016fv\u011bry ve vl\u00e1du Petra Fialy vyslovil Bolek Pol\u00edvka za 18 mili\u00f3n\u016f v\u00a0rozhovoru pro Seznam Zpr\u00e1vy sv\u016fj jednozna\u010dn\u00fd postoj a\u00a0taky obavy z\u00a0dal\u0161\u00edho v\u00fdvoje.<\/span><\/span><\/p>\n<\/div>\n<div class=\"g_bm speakable\" data-dot=\"mol-paragraph\">\n<p class=\"e_bm\"><span class=\"atm-text-decorator\">\u201eD\u00e1 se \u0159\u00edct, \u017ee t\u00e9hle vl\u00e1d\u011b fand\u00edm. Fand\u00edm tomu, \u017ee m\u00e1 n\u011bkdo odvahu to takhle zkou\u0161et&#8230;<\/span><\/p>\n<p><span class=\"atm-text-decorator\">Bolek Pol\u00edvka p\u0159ed komun\u00e1ln\u00edmi volbami podpo\u0159il ODS, kdy se na Br\u0148any sm\u00e1l z\u00a0billboard\u016f po boku prim\u00e1torky Mark\u00e9ty Va\u0148kov\u00e9.A jak se \u0161\u00e1bli?\u00a0Politi\u010dka sv\u016fj post obh\u00e1jila a\u00a0na starosti si vzala mimo jin\u00e9 kulturu. Mezi zastupiteli v\u00a0lednu tak\u00e9 pomohla prosadit\u00a0<strong>dotace pro Pol\u00edvkovo divadlo<\/strong>. Soukrom\u00e1 sc\u00e9na m\u00e1 od m\u011bsta na roky 2023\u00a0a\u017e 2025\u00a0p\u0159iklepnut\u00fdch celkem\u00a0<strong>18\u00a0milion\u016f korun<\/strong>.\u00a0Bolek Pol\u00edvka uvedl, \u017ee svoji n\u00e1klonnost k\u00a0prim\u00e1torce Va\u0148kov\u00e9 nijak neskr\u00fdv\u00e1. \u201eJsem r\u00e1d, \u017ee m\u016f\u017eu b\u00fdt na\u0161emu m\u011bstu prosp\u011b\u0161n\u00fd. Dovolte mi cit\u00e1t z\u00a0Roberta Musila: \u201aBrno je velk\u00e1 t\u011blocvi\u010dna s\u00a0n\u00edzk\u00fdm stropem.\u2018 Jsem r\u00e1d, \u017ee pat\u0159\u00edm k\u00a0t\u011bm, kte\u0159\u00ed se sna\u017e\u00ed tento strop pozved\u00e1vat,\u201c reagoval pro Seznam Zpr\u00e1vy.\u00a0<a title=\"Divadlo Bolka Pol\u00edvky dostalo \u0161t\u011bdrou dotaci za pomoc ODS\" href=\"https:\/\/www.seznamzpravy.cz\/clanek\/domaci-zivot-v-cesku-divadlo-bolka-polivky-dostalo-stedrou-dotaci-podle-kritiku-za-pomoc-ods-228811?fbclid=IwY2xjawICAfZleHRuA2FlbQIxMAABHSN_LWlRpkPNSc5K1uYNgpvvFh-0kN7jI5uxzOoFbNbw07kktzSo0sFmNw_aem_MuQRNBt8KzRw05D_M2JNIg\" target=\"_blank\" rel=\"noopener\">Divadlo Bolka Pol\u00edvky dostalo \u0161t\u011bdrou dotaci za pomoc ODS<\/a><br \/>\n<\/span><\/p>\n<p>Ale to nen\u00ed v\u0161e, Fialova kampeli\u010dka je asi bezedn\u00e1 a koho chleba j\u00ed\u0161, toho p\u00edse\u0148 zp\u00edvej. Korupce jak vy\u0161it\u00e1, ale to st\u00e1tn\u00ed z\u00e1stupce a policii nezaj\u00edm\u00e1:<\/p>\n<div class=\"d_w c_iD\" data-dot=\"ogm-date-of-publication\">\n<div class=\"c_iF c_iE\" data-dot=\"ogm-date-of-publication__date\">\n<p><time class=\"mol-formatted-date\" datetime=\"2024-11-15 13:40:00\">15.\u00a011.\u00a02024<\/time><\/p>\n<p>Radn\u00ed m\u011bsta (Mark\u00e9ta Va\u0148kov\u00e1 podez\u0159el\u00e1 z kokainov\u00e9 af\u00e9ry) Brna odpustili\u00a0<strong>ro\u010dn\u00ed n\u00e1jem Divadlu Bolka Pol\u00edvky<\/strong>, kter\u00e9 od m\u011bsta podle kritik\u016f dost\u00e1v\u00e1 nadstandardn\u00ed dotace.<\/p>\n<p>A h\u00e1dejte, kdo to zaplat\u00ed? ODS? Ne, ti, co ODS nevol\u00ed!\u00a0<a href=\"https:\/\/www.seznamzpravy.cz\/clanek\/domaci-zivot-v-cesku-divadlo-bolka-polivky-nemusi-mestu-rok-platit-najem-dvoji-metr-zni-kritika-264493?fbclid=IwY2xjawICAhpleHRuA2FlbQIxMAABHSg8NkNkFlSeXtaH54BJBICE_Kg8cnsVjlmnlA-h8v3UNZnvlDU2QxFf4g_aem_qfBS6dq8Hj5Qq6qnj3xx_Q\">Divadlo Bolka Pol\u00edvky nemus\u00ed m\u011bstu rok platit n\u00e1jem.<\/a>\u00a0To se to mlask\u00e1 a \u017eere, kdy\u017e druz\u00ed plat\u00ed, \u0159ekl by bur\u0161 voj\u00e1k \u0160vejk Otto Katzovi.<\/p>\n<p>A kam zmizely dluhy Bolka pol\u00edvky u\u017e nelze dohledat.\u00a0<strong>Sekera 56 mili\u00f3n\u016f bez exekuce 18 milion\u016f<\/strong>\u00a0se vypa\u0159ila jak p\u00e1ra nad hrncem.\u00a0<a href=\"https:\/\/zpravy.aktualne.cz\/ekonomika\/ceska-ekonomika\/konecny-ucet-farmy-bolka-polivky-dluhy-pres-56-milionu\/r~i:article:776351\/\">Kone\u010dn\u00fd \u00fa\u010det Farmy Bolka Pol\u00edvky: Dluhy p\u0159es 56 milion\u016f\u00a0<\/a>A jak se vypa\u0159ila kauza dotace 11 milion\u016f z EU?\u00a0<a href=\"https:\/\/www.expres.cz\/celebrity\/bolek-polivka-farma.A180227_101540_dx-celebrity_kp\">Farma Bolka Pol\u00edvky je na seznamu dota\u010dn\u00edch podvod\u016f, mluv\u00ed se o 11 milionech!<\/a><\/p>\n<p>Jakoby kolem Brna bylo hn\u00edzdo vy\u017e\u00edrk\u016f a chameleon\u016f. Je jasn\u00e9, \u017ee tito vy\u017e\u00edrkov\u00e9 budou bojovat za sou\u010dasn\u00fd syst\u00e9m do posledn\u00ed dotace! I t\u0159eba v Bratislav\u011b, kdy\u017e to n\u011bkdo zam\u00e1zne.<\/p>\n<p>I kdy\u017e dal\u0161\u00ed komediant na Slovensku v\u0159e\u0161t\u00edc\u00ed za svoje dotace na tom nen\u00ed o nic h\u016f\u0159. A op\u011bt: kdo d\u00e1v\u00e1 dotace na divadlo, kde se v\u00e1l\u00ed komediant\u00a0Ivan Trojan?\u00a0<strong>Praha 6\u00a0 poslanec a m\u00edstop\u0159edseda hnut\u00ed STAN<\/strong><\/p>\n<p><a href=\"https:\/\/usneseni.praha6.cz:1190\/usneseni\/usneseni\/23362\">Poskytnut\u00ed dotace na \u010dinnost Dejvick\u00e9ho divadla 10 milion\u016f<\/a><\/p>\n<p>Nem\u00e1me na kucha\u0159ky a ukl\u00edze\u010dky pro na\u0161e d\u011bti ve \u0161kol\u00e1ch, ale komediantskou klaku, kter\u00e1 ukazuje, koho volit ve volb\u00e1ch, si politici h\u00fd\u010dkaj\u00ed.<\/p>\n<p>Co je hor\u0161\u00ed ne\u017e komunismus a komunisti? Komunistick\u00fd kapitalismus, kdy bol\u0161evici \u017eerou jako za komunsmu, ale hl\u00e1saj\u00ed kapitalismus pro ostatn\u00ed. Hlavn\u011b kdy\u017e je pumpuj\u00ed. V\u0161\u00edm\u00e1te si, jak se t\u00edm hnojem prol\u00ednaj\u00ed jak \u010derven\u00e1 nit dotace, dotace a korup\u010dn\u00ed dotace?<\/p>\n<\/div>\n<\/div>\n<div class=\"c_fN\">\n<div>\n<p><span style=\"font-size: 14pt;\"><strong>A toto je na\u0161e pluralita: kolik dala masm\u00e9dia prostoru opilci Pol\u00edvkovi zah\u00e1\u010dkovan\u00e9ho v dotac\u00edch Fialovy kampeli\u010dky a&#8230;<\/strong><\/span><\/p>\n<\/div>\n<div><img decoding=\"async\" loading=\"lazy\" class=\"aligncenter\" src=\"https:\/\/www.skrytapravda.cz\/images\/blogy\/2951\/2025\/cenzura\/volebn%C3%AD_machinacewebp_98d7d.webp\" alt=\"volebn\u00ed machinacewebp 98d7d\" width=\"723\" height=\"407\" \/><\/div>\n<\/div>\n<p class=\"e_bm\"><a href=\"https:\/\/www.skrytapravda.cz\/z-domova\/2356-kam-az-zajde-opilec-a-vyzirka-polivka-za-18-milionu-od-ods-fico-vi-co-za-smejdy-na-slovensku-demonstruje\">Petr Pokorn\u00fd<br \/>\n<\/a><\/p>\n<p>&nbsp;<\/p>\n<\/div>\n<\/div>\n","protected":false},"excerpt":{"rendered":"<p>Fico s Orb\u00e1nem donutili Zelensk\u00e9ho, aby p\u0159estal vyd\u00edrat a Ukrajinci s opozic\u00ed na Slovensku d\u011blaj\u00ed&#8230;<\/p>\n","protected":false},"author":2,"featured_media":71050,"comment_status":"closed","ping_status":"closed","sticky":false,"template":"","format":"standard","meta":[],"categories":[6],"tags":[1503,8504,95,203],"_links":{"self":[{"href":"https:\/\/www.infokuryr.cz\/n\/wp-json\/wp\/v2\/posts\/71049"}],"collection":[{"href":"https:\/\/www.infokuryr.cz\/n\/wp-json\/wp\/v2\/posts"}],"about":[{"href":"https:\/\/www.infokuryr.cz\/n\/wp-json\/wp\/v2\/types\/post"}],"author":[{"embeddable":true,"href":"https:\/\/www.infokuryr.cz\/n\/wp-json\/wp\/v2\/users\/2"}],"replies":[{"embeddable":true,"href":"https:\/\/www.infokuryr.cz\/n\/wp-json\/wp\/v2\/comments?post=71049"}],"version-history":[{"count":1,"href":"https:\/\/www.infokuryr.cz\/n\/wp-json\/wp\/v2\/posts\/71049\/revisions"}],"predecessor-version":[{"id":71051,"href":"https:\/\/www.infokuryr.cz\/n\/wp-json\/wp\/v2\/posts\/71049\/revisions\/71051"}],"wp:featuredmedia":[{"embeddable":true,"href":"https:\/\/www.infokuryr.cz\/n\/wp-json\/wp\/v2\/media\/71050"}],"wp:attachment":[{"href":"https:\/\/www.infokuryr.cz\/n\/wp-json\/wp\/v2\/media?parent=71049"}],"wp:term":[{"taxonomy":"category","embeddable":true,"href":"https:\/\/www.infokuryr.cz\/n\/wp-json\/wp\/v2\/categories?post=71049"},{"taxonomy":"post_tag","embeddable":true,"href":"https:\/\/www.infokuryr.cz\/n\/wp-json\/wp\/v2\/tags?post=71049"}],"curies":[{"name":"wp","href":"https:\/\/api.w.org\/{rel}","templated":true}]}}