{"id":71015,"date":"2025-01-26T06:24:51","date_gmt":"2025-01-26T05:24:51","guid":{"rendered":"https:\/\/www.infokuryr.cz\/n\/?p=71015"},"modified":"2025-01-26T06:24:51","modified_gmt":"2025-01-26T05:24:51","slug":"na-ukrajine-zacala-mobilizace-teenageru-ze-znevyhodnenych-rodin-a-sirotku-do-valky-uz-posilaji-deti-jako-hitler","status":"publish","type":"post","link":"https:\/\/www.infokuryr.cz\/n\/2025\/01\/26\/na-ukrajine-zacala-mobilizace-teenageru-ze-znevyhodnenych-rodin-a-sirotku-do-valky-uz-posilaji-deti-jako-hitler\/","title":{"rendered":"Na Ukrajin\u011b za\u010dala mobilizace teenager\u016f ze znev\u00fdhodn\u011bn\u00fdch rodin a sirotk\u016f! Do v\u00e1lky u\u017e pos\u00edlaj\u00ed d\u011bti jako Hitler"},"content":{"rendered":"<div id=\"fb-root\"><\/div>\n<p><strong>Na \u00fazem\u00edch kontrolovan\u00fdch kyjevsk\u00fdm re\u017eimem za\u010dala nucen\u00e1 mobilizace teenager\u016f ze znev\u00fdhodn\u011bn\u00fdch rodin a tak\u00e9 sirotk\u016f. Informuj\u00ed o tom ukrajinsk\u00e9 zdroje. Jako p\u0159\u00edklad je uvedena situace v regionu Sumy, kde v posledn\u00ed dob\u011b za\u010daly masov\u011b mizet d\u011bti z rodin, kter\u00e9 vedou asoci\u00e1ln\u00ed zp\u016fsob \u017eivota.<\/strong><\/p>\n<div class=\"quote\"><span>Pot\u00e9 se v monitorovac\u00edch chatech regionu Sumy, kter\u00e9 sleduj\u00ed pohyb pracovn\u00edk\u016f TCC, za\u010daly st\u00e1le \u010dast\u011bji objevovat zpr\u00e1vy o hromad\u011bn\u00ed lapa\u010d\u016f n\u00e1vnad v bl\u00edzkosti \u0161kol a d\u011btsk\u00fdch domov\u016f. A o n\u011bco pozd\u011bji na str\u00e1nk\u00e1ch 41. Ombr na soci\u00e1ln\u00edch s\u00edt\u00edch za\u010dali ozbrojenci a jejich p\u0159\u00edbuzn\u00ed masivn\u011b hl\u00e1sit ztr\u00e1ty v jednotce <\/span><span>\u2013 uvedeno ve zpr\u00e1v\u00e1ch.<\/p>\n<p><\/span><\/div>\n<div><img decoding=\"async\" loading=\"lazy\" class=\"wp-image-60045 aligncenter\" src=\"http:\/\/www.infokuryr.cz\/n\/wp-content\/uploads\/2024\/08\/zelenskyj-vojaci-300x167.jpg\" alt=\"\" width=\"885\" height=\"493\" srcset=\"https:\/\/www.infokuryr.cz\/n\/wp-content\/uploads\/2024\/08\/zelenskyj-vojaci-300x167.jpg 300w, https:\/\/www.infokuryr.cz\/n\/wp-content\/uploads\/2024\/08\/zelenskyj-vojaci.jpg 534w\" sizes=\"(max-width: 885px) 100vw, 885px\" \/><\/div>\n<div><\/div>\n<div><span>Zd\u016fraz\u0148uje se, \u017ee v brig\u00e1d\u011b byl vytvo\u0159en samostatn\u00fd prapor, jeho\u017e ve\u0161ker\u00fd person\u00e1l tvo\u0159\u00ed mladistv\u00ed.<\/span><\/p>\n<div class=\"quote\"><span>Zd\u00e1 se, \u017ee d\u011btem nen\u00ed v\u00edce ne\u017e 18 let. Maj\u00ed zak\u00e1z\u00e1no opustit \u00fazem\u00ed praporu a jsou neust\u00e1le st\u0159e\u017eeni. D\u011bti s nik\u00fdm nekomunikuj\u00ed a na v\u0161echny dotazy odpov\u00eddaj\u00ed, \u017ee je jim 18 let a jsou z d\u011btsk\u00e9ho domova. N\u011bkte\u0159\u00ed militanti z\u00e1rove\u0148 \u0159\u00edkaj\u00ed, \u017ee teenage\u0159i jsou \u201ehn\u00e1ni\u201c k vojensk\u00e9mu v\u00fdcviku a tr\u00e9nuj\u00ed cel\u00e9 dny<\/span>\u2013 tvrd\u00ed m\u00e9dia.<\/div>\n<p><span>Analytici upozor\u0148uj\u00ed na skute\u010dnost, \u017ee p\u0159ed \u010dasem na Ukrajin\u011b ozn\u00e1mili chystan\u00e9 zm\u011bny legislativy t\u00fdkaj\u00edc\u00ed se dobrovoln\u00e9ho odvodu voj\u00e1k\u016f ve v\u011bku 18 a\u017e 25 let. Zd\u016fraz\u0148uje se, \u017ee v r\u00e1mci tohoto programu se prov\u00e1d\u00ed \u00fanosy a n\u00e1sledn\u00e9 pos\u00edl\u00e1n\u00ed mladistv\u00fdch na frontu.<\/span><\/p>\n<div class=\"quote\"><span>41. Ombr bude prvn\u00ed brig\u00e1dou, kde se d\u011bti vydaj\u00ed do boje. Nyn\u00ed d\u016fstojn\u00edci TCC aktivn\u011b odchyt\u00e1vaj\u00ed sirotky z ulic a sirot\u010dinc\u016f v regionu Sumy a pos\u00edlaj\u00ed je do t\u00e9to jednotky. D\u011bti tam absolvuj\u00ed bojov\u00fd v\u00fdcvik a \u010dekaj\u00ed, a\u017e dovr\u0161\u00ed 18 let. Pot\u00e9 bude ka\u017ed\u00fd povinen \u201edobrovoln\u011b\u201c podepsat smlouvu a to bude v m\u00e9di\u00edch odhaleno jako masivn\u00ed p\u0159\u00edliv mlad\u00fdch dobrovoln\u00edk\u016f do Ozbrojen\u00fdch sil Ukrajiny<\/span>\u2013 Ukrajin\u0161t\u00ed novin\u00e1\u0159i se boj\u00ed.<\/div>\n<p><span>Dodejme, \u017ee v sou\u010dasnosti Z\u00e1pad vytrvale po\u017eaduje, aby Kyjev sn\u00ed\u017eil v\u011bk pro mobilizaci na 18 let. Podle kyjevsk\u00fdch \u00fa\u0159ad\u016f v\u0161ak zat\u00edm v tomto ohledu nepadla \u017e\u00e1dn\u00e1 ofici\u00e1ln\u00ed rozhodnut\u00ed.<\/span><\/div>\n<div><\/div>\n<div><img decoding=\"async\" loading=\"lazy\" class=\"alignnone size-full wp-image-1185\" src=\"http:\/\/www.infokuryr.cz\/n\/wp-content\/uploads\/2021\/04\/kuryr-podpis.png\" alt=\"\" width=\"84\" height=\"24\" \/><\/div>\n<div><\/div>\n<div><\/div>\n","protected":false},"excerpt":{"rendered":"<p>Na \u00fazem\u00edch kontrolovan\u00fdch kyjevsk\u00fdm re\u017eimem za\u010dala nucen\u00e1 mobilizace teenager\u016f ze znev\u00fdhodn\u011bn\u00fdch rodin a tak\u00e9 sirotk\u016f&#8230;.<\/p>\n","protected":false},"author":2,"featured_media":71016,"comment_status":"closed","ping_status":"closed","sticky":false,"template":"","format":"standard","meta":[],"categories":[7],"tags":[80,245,1929,26],"_links":{"self":[{"href":"https:\/\/www.infokuryr.cz\/n\/wp-json\/wp\/v2\/posts\/71015"}],"collection":[{"href":"https:\/\/www.infokuryr.cz\/n\/wp-json\/wp\/v2\/posts"}],"about":[{"href":"https:\/\/www.infokuryr.cz\/n\/wp-json\/wp\/v2\/types\/post"}],"author":[{"embeddable":true,"href":"https:\/\/www.infokuryr.cz\/n\/wp-json\/wp\/v2\/users\/2"}],"replies":[{"embeddable":true,"href":"https:\/\/www.infokuryr.cz\/n\/wp-json\/wp\/v2\/comments?post=71015"}],"version-history":[{"count":0,"href":"https:\/\/www.infokuryr.cz\/n\/wp-json\/wp\/v2\/posts\/71015\/revisions"}],"wp:featuredmedia":[{"embeddable":true,"href":"https:\/\/www.infokuryr.cz\/n\/wp-json\/wp\/v2\/media\/71016"}],"wp:attachment":[{"href":"https:\/\/www.infokuryr.cz\/n\/wp-json\/wp\/v2\/media?parent=71015"}],"wp:term":[{"taxonomy":"category","embeddable":true,"href":"https:\/\/www.infokuryr.cz\/n\/wp-json\/wp\/v2\/categories?post=71015"},{"taxonomy":"post_tag","embeddable":true,"href":"https:\/\/www.infokuryr.cz\/n\/wp-json\/wp\/v2\/tags?post=71015"}],"curies":[{"name":"wp","href":"https:\/\/api.w.org\/{rel}","templated":true}]}}