{"id":71014,"date":"2025-01-26T06:20:14","date_gmt":"2025-01-26T05:20:14","guid":{"rendered":"https:\/\/www.infokuryr.cz\/n\/?p=71014"},"modified":"2025-01-26T06:20:14","modified_gmt":"2025-01-26T05:20:14","slug":"michael-svatos-us-premnozeni-byrokrate-v-panice-co-trump-splnil-za-par-dni-nesplnil-fiala-ani-za-156-tydnu","status":"publish","type":"post","link":"https:\/\/www.infokuryr.cz\/n\/2025\/01\/26\/michael-svatos-us-premnozeni-byrokrate-v-panice-co-trump-splnil-za-par-dni-nesplnil-fiala-ani-za-156-tydnu\/","title":{"rendered":"Michael Svato\u0161: US p\u0159emno\u017een\u00ed byrokrat\u00e9 v panice! Co Trump splnil za p\u00e1r dn\u00ed, nesplnil Fiala ani za 156 t\u00fddn\u016f!"},"content":{"rendered":"<div id=\"fb-root\"><\/div>\n<p><span style=\"font-size: 18pt;\"><strong>US p\u0159emno\u017een\u00ed byrokrat\u00e9 v panice! Co Trump splnil za p\u00e1r dn\u00ed, nesplnil Fiala ani za 156 t\u00fddn\u016f! Plus: Fantastick\u00e9 video \u2013 nov\u00fd rusk\u00fd zabij\u00e1ck\u00fd dron! A nov\u00e1 rusk\u00e1 v\u00e1le\u010dn\u00e1 taktika!<\/strong><\/span><\/p>\n<h3>(1) Pozor, nejde o vtip:<\/h3>\n<p>Trump ihned po n\u00e1stupu do prezidentsk\u00e9ho \u00fa\u0159adu zah\u00e1jil razantn\u00ed ta\u017een\u00ed proti zbytn\u011bl\u00fdm a zbyte\u010dn\u00fdm feder\u00e1ln\u00edm byrokrat\u016fm, kte\u0159\u00ed se za posledn\u00ed l\u00e9ta v americk\u00e9 administrativ\u011b rozmno\u017eili doslova jako houby po de\u0161ti. Jeho prvn\u00ed opat\u0159en\u00ed, okam\u017eit\u00e9 propu\u0161t\u011bn\u00ed n\u011bkolika nejvy\u0161\u0161\u00edch st\u00e1tn\u00edch byrokrat\u016f, a pozastaven\u00ed pr\u00e1ce v\u0161ech \u00fa\u0159edn\u00edk\u016f tzv. z domova, i na\u0159\u00edzen\u00ed p\u0159ezkoumat pot\u0159ebnost cel\u00fdch byrokratick\u00fdch odd\u011blen\u00ed a apar\u00e1t\u016f pro chod USA, vyvolalo tento p\u00e1tek mezi americk\u00fdmi \u00fa\u0159edn\u00edky doslova d\u011bs a paniku. Zejm\u00e9na \u00fa\u0159edn\u00edci spojen\u00ed s agendou zav\u00e1d\u011bn\u00ed genderu, inkluz\u00ed a r\u016fzn\u00fdch zv\u00fdhod\u0148ov\u00e1n\u00ed men\u0161in a skupin, (<a href=\"https:\/\/en.wikipedia.org\/wiki\/Diversity,_equity,_and_inclusion\">agenda DEI<\/a>),\u00a0 a byrokrati \u0159\u00edd\u00edc\u00ed americkou obdobu evropsk\u00e9ho Green Deal, u\u017e pochopili, \u017ee v\u011bt\u0161ina jejich pracovn\u00edch m\u00edsta bude zru\u0161ena, a za\u010dali si proto houfn\u011b st\u011b\u017eovat US m\u00e9di\u00edm,\u00a0<em>\u017ee by sice r\u00e1di svoji \u00fa\u0159edn\u00ed funkci za t\u011bchto hrozn\u00fdch pracovn\u00edch podm\u00ednek sami rychle opustili, ale bohu\u017eel netu\u0161\u00ed, kam by nastoupili do pr\u00e1ce, a jsou zd\u011b\u0161eni, \u017ee by nakonec nebyli schopni platit n\u00e1jem, ani zdravotn\u00ed poji\u0161t\u011bn\u00ed<\/em>. (<em>\u201c<a href=\"https:\/\/www.politico.com\/news\/2025\/01\/25\/federal-workers-trump-dei-00200588\">I would love to leave, but I don\u2019t know where I\u2019d go, and I am terrified of not being able to pay rent and not having healthcare<\/a>,\u201d.<\/em>)<\/p>\n<p>Americk\u00e1 m\u00edra nezam\u011bstnanosti je p\u0159itom velmi n\u00edzk\u00e1,<a href=\"https:\/\/tradingeconomics.com\/united-states\/unemployment-rate\">\u00a04.2% v prosinci 2024<\/a>, a hlad po schopn\u00fdch pracovn\u00edch sil\u00e1ch zna\u010dn\u00fd. Panika mezi US byrokraty tak uk\u00e1zala na velmi zaj\u00edmavou skute\u010dnost, byrokrat zam\u011b\u0159en\u00fd na prosazov\u00e1n\u00ed agend Gender, Inkluze, a Green Deal, se panicky boj\u00ed, \u017ee si po vyhazovu z \u00fa\u0159adu, nov\u00e9 stejn\u011b lukrativn\u00ed zam\u011bstn\u00e1n\u00ed u\u017e nese\u017eene. A to cel\u00e9 dokazuje, \u017ee se v t\u011bchto funkc\u00edch v Americe i po cel\u00e9 EU hromad\u00ed p\u0159edev\u0161\u00edm ti jedinci, kte\u0159\u00ed se jinou prac\u00ed nejsou schopni u\u017eivit. Tedy, \u017ee neschopn\u00ed \u00fa\u0159edn\u00edci zast\u00e1vaj\u00ed zcela zbyte\u010dn\u00e9 \u00fa\u0159ady a prosazuj\u00ed zcela zbyte\u010dn\u00e9 agendy, proto\u017ee se vlastn\u011b jinak neu\u017eiv\u00ed.<\/p>\n<p>Fiala p\u0159ed volbami sliboval, \u017ee tyto zbyte\u010dn\u00e9 byrokraty ze st\u00e1tn\u00edho apar\u00e1tu vypud\u00ed, stejn\u011b jako to p\u0159ed volbami sliboval Trump. Ten v\u0161ak sv\u016fj slib za\u010dal plnit hned prvn\u00ed t\u00fdden po p\u0159evzet\u00ed \u00fa\u0159adu, kde\u017eto Fiala je u\u017e premi\u00e9rem 165 t\u00fddn\u016f, (od 28. listopadu 2021), a byrokrati se pod n\u00edm st\u00e1le jen mno\u017e\u00ed, a mno\u017e\u00ed! Koho v leto\u0161n\u00edch volb\u00e1ch nevolit, zd\u00e1 se, tak b\u00fdt jasn\u00e9.<\/p>\n<p>Vybrat si v\u0161ak bude t\u011b\u017e\u0161\u00ed, ne\u017e se na prvn\u00ed pohled zd\u00e1. A\u010dkoli se \u010desk\u00e9 \u0161kolstv\u00ed pot\u00e1c\u00ed ve zmaru, a vl\u00e1da Petra Fialy, aby u\u0161et\u0159ila na sv\u00e9 v\u00e1le\u010dn\u00e9 v\u00fddaje,\u00a0<a href=\"https:\/\/www.idnes.cz\/zlin\/zpravy\/starostove-dopis-vlada-kritika-placeni-skolnik-kucharka-rud.A241227_831696_zlin-zpravy_jfuk\">je\u0161t\u011b ke v\u0161emu p\u0159esunula povinnost v\u00fdplaty mezd \u0161koln\u00edk\u016fm a kucha\u0159k\u00e1m ze st\u00e1tu na m\u011bsta a obce<\/a>, pokud jde o pln\u011bn\u00ed tzv. Inkluze ve \u0161kolstv\u00ed, miliard m\u00e1 kupodivu dost,\u00a0<a href=\"https:\/\/www.novinky.cz\/clanek\/domaci-asistent-pedagoga-bude-temer-v-kazde-prvni-tride-navrhuji-poslanci-40495791\">a po shod\u011b nap\u0159\u00ed\u010d s opozic\u00ed<\/a>, v parlamentu schv\u00e1lila pos\u00edlen\u00ed \u0161kol o dal\u0161\u00ed v\u00e1rku tis\u00edc\u016f asistent\u016f pedagog\u016f. Nen\u00ed na kucha\u0159ky, nen\u00ed na \u0161koln\u00edky, a ani na po\u0159\u00e1dn\u00e9 platy kvalifikovan\u00fdch u\u010ditel\u016f, loni na podzim ani nebyl dostatek m\u00edst ve \u0161kol\u00e1ch pro \u017e\u00e1ky a studenty, ale Fiala nab\u00edr\u00e1 do \u0161kolstv\u00ed dal\u0161\u00ed naprosto zbyte\u010dn\u00e9 byrokraty, a jeho vl\u00e1da je\u0161t\u011b ke v\u0161emu uji\u0161\u0165uje, \u017ee budou p\u0159ed n\u00e1stupem do sv\u00fdch asistentsk\u00fdch funkc\u00ed v prvn\u00edch t\u0159\u00edd\u00e1ch z\u00e1kladn\u00edch \u0161kol \u0159\u00e1dn\u011b pro\u0161koleni. Jestli Fiala nebo Babi\u0161, pro boj s p\u0159emno\u017een\u00fdmi byrokraty, je to doslova volba \u201cz lou\u017ee pod okap\u201d. Chce rad\u011bji nov\u00e9 politiky!<\/p>\n<p>Minul\u00fd t\u00fdden Trump rozhodl, \u017ee za p\u016fl bilionu dolar\u016f vybuduje po St\u00e1tech nov\u00e1 centra pr\u016fmyslu um\u011bl\u00e9 inteligence, aby USA udr\u017eely svoji technologickou a ekonomickou nad\u0159azenost nad sv\u011btem a nep\u0159epustily tento nejlukrativn\u011bj\u0161\u00ed byznys \u010c\u00edn\u011b, Rusku a jejich spojenc\u016fm. Prvn\u00ed centrum Trump na\u0159\u00eddil vybudovat v Texasu. Ten se tak po kalifornsk\u00e9m Sillicon Walley m\u00e1 st\u00e1t novou technologickou Mekkou sv\u011bta. (Podrobn\u011b v MAP 2201.) Je tak nasnad\u011b, \u017ee v Texasu mus\u00ed b\u00fdt dostatek kvalifikovan\u00fdch a vzd\u011blan\u00fdch mlad\u00fdch lid\u00ed, proto\u017ee ti tento nov\u00fd pr\u016fmysl vymysl\u00ed, a vybuduj\u00ed. Srovn\u00e1n\u00edm \u010desk\u00e9ho a texask\u00e9ho \u0161kolstv\u00ed zjist\u00edme zaj\u00edmav\u00fd rozd\u00edl. V Texasu p\u0159ipad\u00e1 jeden kvalifikovan\u00fd u\u010ditel na 14.9 \u017e\u00e1k\u016f a student\u016f, kde\u017eto v \u010cR podle posledn\u00edch dat\u00a0<a href=\"https:\/\/csu.gov.cz\/lbk\/skolstvi-v-libereckem-kraji-ve-skolnim-roce-20232024\">p\u0159ipad\u00e1 jeden kvalifikovan\u00fd u\u010ditel na 13.1 \u017e\u00e1k\u016f z\u00e1kladn\u00edch \u0161kol, nebo na 10.8 st\u0159edo\u0161kol\u00e1k\u016f<\/a>.\u00a0Pr\u016fm\u011br USA je dokonce<a href=\"https:\/\/ballotpedia.org\/Education_statistics_in_the_United_States\">\u00a0jeden pedagog na 16 \u017e\u00e1k\u016f a student\u016f<\/a>,\u00a0a v Kalifornii, provozuj\u00edc\u00ed st\u00e1le je\u0161t\u011b technologickou Mekku sv\u011bta Sillicon Walley,\u00a0<a href=\"https:\/\/ballotpedia.org\/Education_statistics_in_the_United_States\">je tento pom\u011br dokonce 1 ku 17.2<\/a>.\u00a0Je v\u0161ak evidentn\u00ed, \u017ee jak Texas, tak Kalifornie, tak cel\u00e9 USA nyn\u00ed nemaj\u00ed \u017e\u00e1dn\u00fd probl\u00e9m provozovat mnohem na celkov\u00e9 \u00farovni vzd\u011bl\u00e1n\u00ed z\u00e1vislej\u0161\u00ed ekonomiku, ne\u017e jakou nyn\u00ed provozuje profesor Fiala v \u010cR. Kone\u010dn\u00e1 \u00farove\u0148 vzd\u011bl\u00e1n\u00ed tak ur\u010dit\u011b nen\u00ed nep\u0159\u00edmo \u00fam\u011brn\u00e1 po\u010dtu \u017e\u00e1k\u016f na u\u010ditele, jak se z\u0159ejm\u011b myln\u011b domn\u00edvali \u010de\u0161t\u00ed poslanci nap\u0159\u00ed\u010d politick\u00fdm spektrem, kdy\u017e p\u0159ed v\u00e1nocemi 2024 schvalovali odesl\u00e1n\u00ed dal\u0161\u00ed v\u00e1rky pseudopedagog\u016f do \u010desk\u00fdch \u0161kol, ale na kvalit\u011b cel\u00e9ho vzd\u011bl\u00e1vac\u00edho procesu. Ani \u010c\u00edna, kter\u00e1 se nyn\u00ed d\u00edky rychl\u00e9mu technick\u00e9mu v\u00fdzkumu a v\u00fdvoji sna\u017e\u00ed sesadit USA z piedestalu technologick\u00e9 velmoci sv\u011bta,\u00a0<a href=\"https:\/\/www.reportlinker.com\/dataset\/415a7186f720645bd9f85fedba3ad34f5f091514\">nem\u00e1 oproti sv\u00e9mu rivalovi rozd\u00edln\u00e9 po\u010dty jednoho u\u010ditele na jednoho studenta 11.99<\/a>, a\u00a0<a href=\"https:\/\/www.statista.com\/statistics\/233695\/number-of-students-per-teacher-at-elementary-schools-in-china\/\">na jednoho \u017e\u00e1ka 16.7<\/a>.\u00a0Ryba smrd\u00ed v\u017edy od hlavy. A tak net\u0159eba p\u0159\u00edli\u0161 spekulovat, kde se skr\u00fdv\u00e1 hlavn\u00ed probl\u00e9m sou\u010dasn\u00e9ho \u010desk\u00e9ho \u0161kolstv\u00ed. V dut\u00fdch hlav\u00e1ch \u010desk\u00e9ho Parlamentu.<\/p>\n<h3>(2) Fantastick\u00e9 rusk\u00e9 video o nov\u00e9m zabij\u00e1ck\u00e9m dronu!<\/h3>\n<p>\u0158ada z V\u00e1s, hlavn\u011b \u010dten\u00e1\u0159ky, jste mi psali, abych vysv\u011btlil, jak funguje nov\u00fd rusk\u00fd v\u00e1le\u010dn\u00fd dron \u0159\u00edzen\u00fd po optick\u00fdch vl\u00e1knech. V\u010dera jsem na\u0161el dokonal\u00e9 video, kter\u00e9 v\u0161e podrobn\u011b vysv\u011btluje. Nejd\u0159\u00edv p\u00e1r fotografi\u00ed z videa:<\/p>\n<div id=\"attachment_15804\" class=\"wp-caption aligncenter\" style=\"width: 859px;\"><img decoding=\"async\" loading=\"lazy\" class=\" wp-image-15804\" src=\"https:\/\/www.michalapetr.com\/wp-content\/uploads\/2025\/01\/photo_2025-01-25_13-17-26.jpg\" sizes=\"(max-width: 1280px) 100vw, 1280px\" srcset=\"https:\/\/www.michalapetr.com\/wp-content\/uploads\/2025\/01\/photo_2025-01-25_13-17-26.jpg 1280w, https:\/\/www.michalapetr.com\/wp-content\/uploads\/2025\/01\/photo_2025-01-25_13-17-26-300x169.jpg 300w, https:\/\/www.michalapetr.com\/wp-content\/uploads\/2025\/01\/photo_2025-01-25_13-17-26-1030x579.jpg 1030w, https:\/\/www.michalapetr.com\/wp-content\/uploads\/2025\/01\/photo_2025-01-25_13-17-26-768x432.jpg 768w, https:\/\/www.michalapetr.com\/wp-content\/uploads\/2025\/01\/photo_2025-01-25_13-17-26-705x397.jpg 705w, https:\/\/www.michalapetr.com\/wp-content\/uploads\/2025\/01\/photo_2025-01-25_13-17-26-450x253.jpg 450w\" alt=\"\" width=\"859\" height=\"483\" aria-describedby=\"caption-attachment-15804\" \/><\/p>\n<p id=\"caption-attachment-15804\" class=\"wp-caption-text\" style=\"text-align: justify;\">Na prvn\u00ed fotografii vid\u00edte rusk\u00e9ho oper\u00e1tora jak p\u0159\u00edmo na boji\u0161ti konfiguruje optick\u00fd stavebnicov\u00fd dron pro spln\u011bn\u00ed konkr\u00e9tn\u00edho \u00fakolu. Dron je sv\u011btle zelen\u00fd r\u00e1m. A k n\u011bmu oper\u00e1tor p\u0159ipojuje \u010dernou hlavici vpravo, a ta v sob\u011b skr\u00fdv\u00e1 optick\u00e9 vl\u00e1kno, po kter\u00e9m se dron \u0159\u00edd\u00ed.\u00a0<a href=\"https:\/\/ru.wikipedia.org\/wiki\/%D0%A1%D0%9F%D0%93-9\">A kumulativn\u00ed gran\u00e1t \u041f\u0413-9 vlevo.<\/a> Ten proraz\u00ed modern\u00ed panc\u00ed\u0159 o s\u00edle 40 cm. Vzhledem k tomu, \u017ee optick\u00fd dron \u00fato\u010d\u00ed na nejslab\u0161\u00ed m\u00edsta obrn\u011bn\u00fdch c\u00edl\u016f, a nelze ho nijak elektronicky ru\u0161it, zni\u010d\u00ed jak\u00fdkoli existuj\u00edc\u00ed tank, nebo obrn\u011bn\u00e9 vozidlo. Pr\u016fnik v\u00fdbuchu\u00a0 gran\u00e1tu \u041f\u0413-9 panc\u00ed\u0159em v\u017edy znamen\u00e1 smrt cel\u00e9 os\u00e1dky. Ta se doslova rozprskne uvnit\u0159 obrn\u011bnce, a v\u0161e se p\u0159i vysok\u00e9 teplot\u011b doslova u\u0161kva\u0159\u00ed. Rusk\u00e9, \u010di Ukrajinsk\u00e9 tanky p\u0159i v\u00fdbuchu v prostoru os\u00e1dky nav\u00edc je\u0161t\u011b \u010dasto exploduj\u00ed, proto\u017ee vybuchne uvnit\u0159 nalo\u017een\u00e1 munice, a jejich v\u011b\u017e d\u00edky enormn\u00edmu tlaku \u010dasto i odlet\u00ed n\u011bkolik metr\u016f. Mrtv\u00fdm uvnit\u0159 ka\u017ed\u00e9ho tanku je v\u0161ak jedno, jestli je\u0161t\u011b dojde k sekund\u00e1rn\u00edmu v\u00fdbuchu munice, nebo ne.<\/p>\n<\/div>\n<div id=\"attachment_15805\" class=\"wp-caption aligncenter\" style=\"width: 882px; text-align: justify;\"><img decoding=\"async\" loading=\"lazy\" class=\" wp-image-15805\" src=\"https:\/\/www.michalapetr.com\/wp-content\/uploads\/2025\/01\/photo_2025-01-25_13-17-26-3.jpg\" sizes=\"(max-width: 1280px) 100vw, 1280px\" srcset=\"https:\/\/www.michalapetr.com\/wp-content\/uploads\/2025\/01\/photo_2025-01-25_13-17-26-3.jpg 1280w, https:\/\/www.michalapetr.com\/wp-content\/uploads\/2025\/01\/photo_2025-01-25_13-17-26-3-300x169.jpg 300w, https:\/\/www.michalapetr.com\/wp-content\/uploads\/2025\/01\/photo_2025-01-25_13-17-26-3-1030x579.jpg 1030w, https:\/\/www.michalapetr.com\/wp-content\/uploads\/2025\/01\/photo_2025-01-25_13-17-26-3-768x432.jpg 768w, https:\/\/www.michalapetr.com\/wp-content\/uploads\/2025\/01\/photo_2025-01-25_13-17-26-3-705x397.jpg 705w, https:\/\/www.michalapetr.com\/wp-content\/uploads\/2025\/01\/photo_2025-01-25_13-17-26-3-450x253.jpg 450w\" alt=\"\" width=\"882\" height=\"496\" aria-describedby=\"caption-attachment-15805\" \/><\/p>\n<p id=\"caption-attachment-15805\" class=\"wp-caption-text\">Na druh\u00e9m fotce vid\u00edte kameru dronu, a dr\u00e1ty pro propojen\u00ed dronu s optick\u00fdm vl\u00e1knem.<\/p>\n<\/div>\n<div id=\"attachment_15806\" class=\"wp-caption aligncenter\" style=\"width: 901px;\"><img decoding=\"async\" loading=\"lazy\" class=\" wp-image-15806\" src=\"https:\/\/www.michalapetr.com\/wp-content\/uploads\/2025\/01\/photo_2025-01-25_13-17-26-4.jpg\" sizes=\"(max-width: 1280px) 100vw, 1280px\" srcset=\"https:\/\/www.michalapetr.com\/wp-content\/uploads\/2025\/01\/photo_2025-01-25_13-17-26-4.jpg 1280w, https:\/\/www.michalapetr.com\/wp-content\/uploads\/2025\/01\/photo_2025-01-25_13-17-26-4-300x169.jpg 300w, https:\/\/www.michalapetr.com\/wp-content\/uploads\/2025\/01\/photo_2025-01-25_13-17-26-4-1030x579.jpg 1030w, https:\/\/www.michalapetr.com\/wp-content\/uploads\/2025\/01\/photo_2025-01-25_13-17-26-4-768x432.jpg 768w, https:\/\/www.michalapetr.com\/wp-content\/uploads\/2025\/01\/photo_2025-01-25_13-17-26-4-705x397.jpg 705w, https:\/\/www.michalapetr.com\/wp-content\/uploads\/2025\/01\/photo_2025-01-25_13-17-26-4-450x253.jpg 450w\" alt=\"\" width=\"901\" height=\"507\" aria-describedby=\"caption-attachment-15806\" \/><\/p>\n<p id=\"caption-attachment-15806\" class=\"wp-caption-text\" style=\"text-align: justify;\">Na t\u0159et\u00ed fotce vid\u00edte dron p\u0159ipraven\u00fd k akci. V tomto mal\u00e9m okopu pro dron, pak optick\u00fd dron \u010dek\u00e1 na povel ke vzletu. Pov\u0161imn\u011bte si mal\u00e9ho otvoru v zadn\u00ed hlavici dronu, tudy se odmot\u00e1v\u00e1 optick\u00e9 vl\u00e1kno, po n\u011bm\u017e oper\u00e1tor dron \u0159\u00edd\u00ed. Jeden rusk\u00fd oper\u00e1tor m\u00e1 takto v okopech p\u0159ipraveno a\u017e n\u011bkolik dron\u016f. Rusk\u00e1 arm\u00e1da nyn\u00ed pou\u017e\u00edv\u00e1 jednoho, nebo dvojici oper\u00e1tor\u016f, aby takto st\u0159e\u017eili a\u017e 5 km fronty, (do \u00e9ry dron\u016f to byl \u00fakol pro rotu voj\u00e1k\u016f o 100 lidech). Tito oper\u00e1to\u0159i maj\u00ed po cel\u00e9m \u00faseku fronty, kter\u00fd st\u0159e\u017e\u00ed, rozv\u011b\u0161en\u00e9 pozorovac\u00ed kamery, po stromech, na st\u0159ech\u00e1ch nebo na sloupech, a v\u0161ude na zemi a v k\u0159ov\u00ed rozm\u00edst\u011bna pohybov\u00e1, zvukov\u00e1, \u010di infra\u010derven\u00e1 nebo termovizn\u00ed \u010didla, napojen\u00e1 na sv\u016fj po\u010d\u00edta\u010d, a jakmile zachyt\u00ed n\u011bjak\u00fd podez\u0159el\u00fd pohyb, vypust\u00ed prvn\u00ed pozorovac\u00ed dron, a podle toho zda ten odhal\u00ed ukrajinskou p\u011bchotu, nebo obrn\u011bnce, za\u010dnou z okop\u016f vyl\u00e9t\u00e1vat p\u0159edem na ni\u010den\u00ed konkr\u00e9tn\u00edho c\u00edle nakonfigurovan\u00e9 optick\u00e9 drony. Jak cel\u00e1 tato nov\u00e1 rusk\u00e1 v\u00e1le\u010dn\u00e1 taktika funguje, vysv\u011btl\u00edm a\u017e v z\u00edt\u0159ej\u0161\u00ed anal\u00fdze. Video o p\u0159\u00edprav\u011b dronu,\u00a0<a href=\"https:\/\/t.me\/swodki\/459264\">najdete zde<\/a>,\u00a0k jeho sledov\u00e1n\u00ed pot\u0159ebujete telegram, jinde jsem ho zat\u00edm nena\u0161el. V \u010dase videa 01:04 je kr\u00e1sn\u011b vid\u011bt, jak se optick\u00e9 vl\u00e1kno odmot\u00e1v\u00e1, kdy\u017e oper\u00e1tor dron odn\u00e1\u0161\u00ed, ze sv\u00e9 lesn\u00ed skr\u00fd\u0161e do p\u0159edem p\u0159ipraven\u00e9ho okopu.<\/p>\n<\/div>\n<div id=\"attachment_15807\" class=\"wp-caption aligncenter\" style=\"width: 792px;\"><img decoding=\"async\" loading=\"lazy\" class=\" wp-image-15807\" src=\"https:\/\/www.michalapetr.com\/wp-content\/uploads\/2025\/01\/5752a64c18_5.jpg\" sizes=\"(max-width: 800px) 100vw, 800px\" srcset=\"https:\/\/www.michalapetr.com\/wp-content\/uploads\/2025\/01\/5752a64c18_5.jpg 800w, https:\/\/www.michalapetr.com\/wp-content\/uploads\/2025\/01\/5752a64c18_5-300x198.jpg 300w, https:\/\/www.michalapetr.com\/wp-content\/uploads\/2025\/01\/5752a64c18_5-768x507.jpg 768w, https:\/\/www.michalapetr.com\/wp-content\/uploads\/2025\/01\/5752a64c18_5-705x465.jpg 705w, https:\/\/www.michalapetr.com\/wp-content\/uploads\/2025\/01\/5752a64c18_5-450x297.jpg 450w\" alt=\"\" width=\"792\" height=\"523\" aria-describedby=\"caption-attachment-15807\" \/><\/p>\n<p id=\"caption-attachment-15807\" class=\"wp-caption-text\" style=\"text-align: justify;\"><a href=\"https:\/\/topwar.ru\/258171-rossijskie-fpv-drony-stali-dostavat-do-goroda-rodinskoe-cherez-kotoryj-s-severa-idet-snabzhenie-vsu-v-pokrovske.html\">Rusov\u00e9 se v\u010dera u\u017e holedbali<\/a>,\u00a0\u017ee t\u011bmito drony na optick\u00fdch vl\u00e1knech u\u017e dostali pod kontrolu i posledn\u00ed cestu \u04220515, kterou Ukrajinci mohou z\u00e1sobovat pos\u00e1dky m\u011bst Pokrovsk a Myrnohrad. Cesta vede p\u0159es m\u011bsto Rodinskoe, a tam na ukrajinsk\u00e1 z\u00e1sobovac\u00ed vozidla rusk\u00e9 drony \u010d\u00edhaj\u00ed. V\u0161echny ostatn\u00ed cesty do obou m\u011bst jsou u\u017e p\u0159e\u0159ez\u00e1ny, cesta E50 v\u0161ak jen drony a d\u011bly. Samotn\u00ed Ukrajinci \u2013 m\u00edstn\u00ed televize z m\u011bsta Rodinskoe u\u017e v\u010dera p\u0159iznala i ukazovala, \u017ee je m\u011bsto v dosahu rusk\u00fdch dron\u016f. Gener\u00e1l Mordvi\u010dev, velitel rusk\u00e9 opera\u010dn\u00ed skupiny ST\u0158ED, kter\u00fd dob\u00fdv\u00e1n\u00ed v\u0161ech t\u0159\u00ed m\u011bst na map\u011b \u0159\u00edd\u00ed, tak u\u017e splnil prvn\u00ed c\u00edl, od\u0159\u00edznul m\u011bsta od z\u00e1sobovac\u00edch komunikac\u00ed. Dobyt\u00ed obou m\u011bst, by tak podle dosavadn\u00edch zku\u0161enost\u00ed z Avdijivky, Selidove i Kurachove m\u011blo trvat asi 30 a\u017e 90 dn\u00ed, a bude sp\u00ed\u0161 z\u00e1viset na celkov\u00e9m mno\u017estv\u00ed ukrajinsk\u00fdch z\u00e1sob, a pom\u011bru v\u00fd\u0161e t\u011bchto z\u00e1sob k celkov\u00e9 po\u010detnosti ukrajinsk\u00fdch pos\u00e1dek, ne\u017e na jejich udatnosti.<\/p>\n<\/div>\n<p>V \u00fater\u00fd 28. ledna budu s Josefem Sk\u00e1lou diskutovat na TV Bure\u0161,\u00a0<a href=\"https:\/\/www.youtube.com\/c\/PetrBure%C5%A1TV\/streams\">po\u0159ad najdete zde<\/a>.<\/p>\n<p><a href=\"https:\/\/www.michalapetr.com\/map-2203-us-premnozeni-byrokrate-v-panice-co-trump-splnil-za-par-dni-nesplnil-fiala-ani-za-156-tydnu-plus-fantasticke-video-novy-rusky-zabijacky-dron-a-nova-ruska-valecna-taktika\/\">Michael Svato\u0161<\/a><\/p>\n<p><img decoding=\"async\" loading=\"lazy\" class=\"alignnone size-full wp-image-27204\" src=\"http:\/\/www.infokuryr.cz\/n\/wp-content\/uploads\/2023\/05\/Michael_Svatos.png\" alt=\"\" width=\"180\" height=\"180\" srcset=\"https:\/\/www.infokuryr.cz\/n\/wp-content\/uploads\/2023\/05\/Michael_Svatos.png 180w, https:\/\/www.infokuryr.cz\/n\/wp-content\/uploads\/2023\/05\/Michael_Svatos-150x150.png 150w\" sizes=\"(max-width: 180px) 100vw, 180px\" \/><\/p>\n<p>&nbsp;<\/p>\n","protected":false},"excerpt":{"rendered":"<p>US p\u0159emno\u017een\u00ed byrokrat\u00e9 v panice! Co Trump splnil za p\u00e1r dn\u00ed, nesplnil Fiala ani za&#8230;<\/p>\n","protected":false},"author":2,"featured_media":66088,"comment_status":"closed","ping_status":"closed","sticky":false,"template":"","format":"standard","meta":[],"categories":[6],"tags":[1042,1917,1497,22,452],"_links":{"self":[{"href":"https:\/\/www.infokuryr.cz\/n\/wp-json\/wp\/v2\/posts\/71014"}],"collection":[{"href":"https:\/\/www.infokuryr.cz\/n\/wp-json\/wp\/v2\/posts"}],"about":[{"href":"https:\/\/www.infokuryr.cz\/n\/wp-json\/wp\/v2\/types\/post"}],"author":[{"embeddable":true,"href":"https:\/\/www.infokuryr.cz\/n\/wp-json\/wp\/v2\/users\/2"}],"replies":[{"embeddable":true,"href":"https:\/\/www.infokuryr.cz\/n\/wp-json\/wp\/v2\/comments?post=71014"}],"version-history":[{"count":0,"href":"https:\/\/www.infokuryr.cz\/n\/wp-json\/wp\/v2\/posts\/71014\/revisions"}],"wp:featuredmedia":[{"embeddable":true,"href":"https:\/\/www.infokuryr.cz\/n\/wp-json\/wp\/v2\/media\/66088"}],"wp:attachment":[{"href":"https:\/\/www.infokuryr.cz\/n\/wp-json\/wp\/v2\/media?parent=71014"}],"wp:term":[{"taxonomy":"category","embeddable":true,"href":"https:\/\/www.infokuryr.cz\/n\/wp-json\/wp\/v2\/categories?post=71014"},{"taxonomy":"post_tag","embeddable":true,"href":"https:\/\/www.infokuryr.cz\/n\/wp-json\/wp\/v2\/tags?post=71014"}],"curies":[{"name":"wp","href":"https:\/\/api.w.org\/{rel}","templated":true}]}}