{"id":71012,"date":"2025-01-26T06:16:43","date_gmt":"2025-01-26T05:16:43","guid":{"rendered":"https:\/\/www.infokuryr.cz\/n\/?p=71012"},"modified":"2025-01-26T06:16:43","modified_gmt":"2025-01-26T05:16:43","slug":"pravoslavna-cirkev-v-estonsku-zmeni-jmeno-ve-snaze-bojovat-proti-zasahu-statu","status":"publish","type":"post","link":"https:\/\/www.infokuryr.cz\/n\/2025\/01\/26\/pravoslavna-cirkev-v-estonsku-zmeni-jmeno-ve-snaze-bojovat-proti-zasahu-statu\/","title":{"rendered":"Pravoslavn\u00e1 c\u00edrkev v Estonsku zm\u011bn\u00ed jm\u00e9no ve snaze bojovat proti z\u00e1sahu st\u00e1tu"},"content":{"rendered":"<div id=\"fb-root\"><\/div>\n<p><span style=\"font-size: 18pt;\"><strong>Eston\u0161t\u00ed p\u0159edstavitel\u00e9 pohrozili uzav\u0159en\u00edm kl\u00e1\u0161ter\u016f, pokud nep\u0159eru\u0161\u00ed vztahy s Ruskem<\/strong><\/span><\/p>\n<p><span>Estonsk\u00e1 pravoslavn\u00e1 c\u00edrkev (EOC) zm\u011bn\u00ed sv\u016fj n\u00e1zev v reakci na tlak \u00fa\u0159ad\u016f na p\u0159eru\u0161en\u00ed sv\u00fdch historick\u00fdch vazeb s Ruskem.<\/span><\/p>\n<p><span>Ozn\u00e1men\u00ed p\u0159ich\u00e1z\u00ed pot\u00e9, co estonsk\u00e1 vl\u00e1da schv\u00e1lila n\u00e1vrh z\u00e1kona, kter\u00fd vy\u017eaduje, aby n\u00e1bo\u017eensk\u00e9 organizace p\u0159eru\u0161ily styky se zahrani\u010dn\u00edmi v\u016fdci a subjekty, jejich\u017e \u010diny by mohly b\u00fdt pova\u017eov\u00e1ny za hrozbu pro n\u00e1rodn\u00ed bezpe\u010dnost.\u00a0<\/span><em><span>&#8222;Nem\u011blo by existovat \u017e\u00e1dn\u00e9 spojen\u00ed se subjekty, kter\u00e9 podporuj\u00ed vojenskou agresi,&#8220;<\/span><\/em><span>\u00a0\u0159ekl ve \u010dtvrtek ministr vnitra Lauri Laanemets.<\/span><\/p>\n<p><span>EOC je samospr\u00e1vn\u00e1 c\u00edrkev, kter\u00e1 udr\u017euje kanonick\u00e9 vazby na ruskou pravoslavnou c\u00edrkev. V p\u00e1te\u010dn\u00edm prohl\u00e1\u0161en\u00ed EOC uvedlo, \u017ee zm\u011bn\u00ed sv\u016fj n\u00e1zev na Estonskou k\u0159es\u0165anskou pravoslavnou c\u00edrkev.<\/span><\/p>\n<p><em><span>\u201eVl\u00e1dou schv\u00e1len\u00fd n\u00e1vrh z\u00e1kona poru\u0161uje svobodu n\u00e1bo\u017eensk\u00e9ho vyzn\u00e1n\u00ed a je nam\u00ed\u0159en proti na\u0161\u00ed c\u00edrkvi,\u201c<\/span><\/em><span>\u00a0\u0159ekl biskup Daniel z Tartu a dodal, \u017ee pokud by se staly z\u00e1konem, mohly by\u00a0<\/span><em><span>\u201ev\u00fdrazn\u011b omezit aktivity na\u0161\u00ed c\u00edrkve\u201c.<\/span><\/em><\/p>\n<p><span>Argumentoval t\u00edm, \u017ee nov\u00fd n\u00e1zev\u00a0<\/span><em><span>\u201ed\u00e1le zd\u016frazn\u00ed m\u00edstn\u00ed identitu c\u00edrkve a demonstruje, \u017ee jedn\u00e1me v souladu se z\u00e1konem a z\u00e1rove\u0148 respektujeme c\u00edrkevn\u00ed k\u00e1nony\u201c.<\/span><\/em><\/p>\n<p><span>V\u011bt\u0161ina Estonc\u016f nen\u00ed n\u00e1bo\u017eensky zalo\u017een\u00e1. P\u0159ibli\u017en\u011b 16 % populace jsou ortodoxn\u00ed k\u0159es\u0165an\u00e9 a 8 % jsou luter\u00e1ni, podle vl\u00e1dn\u00edch statistik. Estonsko bylo sou\u010d\u00e1st\u00ed Sov\u011btsk\u00e9ho svazu v letech 1940 a\u017e 1991. P\u0159ibli\u017en\u011b 27 % obyvatel zem\u011b jsou rusky mluv\u00edc\u00ed obyvatel\u00e9.<\/span><\/p>\n<p><span>Za\u010d\u00e1tkem tohoto t\u00fddne Laanemets ozna\u010dil EOC za\u00a0<\/span><em><span>\u201enejd\u016fle\u017eit\u011bj\u0161\u00ed n\u00e1stroj vlivu pro Rusko a Kreml v Estonsku\u201c.<\/span><\/em><\/p>\n<p><span>Ministr loni pohrozil uzav\u0159en\u00edm kl\u00e1\u0161ter\u016f, kter\u00e9 odm\u00edtaj\u00ed p\u0159eru\u0161it styky s Moskevsk\u00fdm patriarch\u00e1tem, a dokonce pohrozil, \u017ee ruskou pravoslavnou c\u00edrkev za\u0159ad\u00ed mezi teroristick\u00e9 organizace.<\/span><\/p>\n<p><span>Mluv\u010d\u00ed moskevsk\u00e9ho patriarch\u00e1tu Vladimir Legoyda ozna\u010dil Laanemetsovy koment\u00e1\u0159e za\u00a0<\/span><em><span>\u201ehon na \u010darod\u011bjnice\u201c<\/span><\/em><span>\u00a0a nazna\u010dil, \u017ee estonsk\u00e1 vl\u00e1da vyu\u017e\u00edv\u00e1 z\u00e1sahu proti c\u00edrkvi, aby odvedla pozornost da\u0148ov\u00fdch poplatn\u00edk\u016f od\u00a0<\/span><em><span>\u201eskute\u010dn\u00fdch probl\u00e9m\u016f\u201c.<\/span><\/em><\/p>\n<p><span>V srpnu 2024 EOC revidovalo svou chartu a odstranilo zm\u00ednku o moskevsk\u00e9m patriarch\u00e1tu ze sv\u00e9ho ofici\u00e1ln\u00edho n\u00e1zvu, a\u010dkoli Laanemets trval na tom, \u017ee opat\u0159en\u00ed bylo nedostate\u010dn\u00e9.<\/span><\/p>\n<p><span>P\u0159edstavitel\u00e9 EU kritizovali ruskou pravoslavnou c\u00edrkev za jej\u00ed podporu rusk\u00fdm jednotk\u00e1m na Ukrajin\u011b. V roce 2022 Spojen\u00e9 kr\u00e1lovstv\u00ed uvalilo sankce na hlavu c\u00edrkve, moskevsk\u00e9ho patriarchu Kirilla.<\/span><\/p>\n<p><img decoding=\"async\" loading=\"lazy\" class=\"alignnone size-full wp-image-1185\" src=\"http:\/\/www.infokuryr.cz\/n\/wp-content\/uploads\/2021\/04\/kuryr-podpis.png\" alt=\"\" width=\"84\" height=\"24\" \/><\/p>\n<p>&nbsp;<\/p>\n","protected":false},"excerpt":{"rendered":"<p>Eston\u0161t\u00ed p\u0159edstavitel\u00e9 pohrozili uzav\u0159en\u00edm kl\u00e1\u0161ter\u016f, pokud nep\u0159eru\u0161\u00ed vztahy s Ruskem Estonsk\u00e1 pravoslavn\u00e1 c\u00edrkev (EOC) zm\u011bn\u00ed&#8230;<\/p>\n","protected":false},"author":2,"featured_media":71013,"comment_status":"closed","ping_status":"closed","sticky":false,"template":"","format":"standard","meta":[],"categories":[7],"tags":[209,167,250,1757],"_links":{"self":[{"href":"https:\/\/www.infokuryr.cz\/n\/wp-json\/wp\/v2\/posts\/71012"}],"collection":[{"href":"https:\/\/www.infokuryr.cz\/n\/wp-json\/wp\/v2\/posts"}],"about":[{"href":"https:\/\/www.infokuryr.cz\/n\/wp-json\/wp\/v2\/types\/post"}],"author":[{"embeddable":true,"href":"https:\/\/www.infokuryr.cz\/n\/wp-json\/wp\/v2\/users\/2"}],"replies":[{"embeddable":true,"href":"https:\/\/www.infokuryr.cz\/n\/wp-json\/wp\/v2\/comments?post=71012"}],"version-history":[{"count":0,"href":"https:\/\/www.infokuryr.cz\/n\/wp-json\/wp\/v2\/posts\/71012\/revisions"}],"wp:featuredmedia":[{"embeddable":true,"href":"https:\/\/www.infokuryr.cz\/n\/wp-json\/wp\/v2\/media\/71013"}],"wp:attachment":[{"href":"https:\/\/www.infokuryr.cz\/n\/wp-json\/wp\/v2\/media?parent=71012"}],"wp:term":[{"taxonomy":"category","embeddable":true,"href":"https:\/\/www.infokuryr.cz\/n\/wp-json\/wp\/v2\/categories?post=71012"},{"taxonomy":"post_tag","embeddable":true,"href":"https:\/\/www.infokuryr.cz\/n\/wp-json\/wp\/v2\/tags?post=71012"}],"curies":[{"name":"wp","href":"https:\/\/api.w.org\/{rel}","templated":true}]}}