{"id":71006,"date":"2025-01-26T00:46:20","date_gmt":"2025-01-25T23:46:20","guid":{"rendered":"https:\/\/www.infokuryr.cz\/n\/?p=71006"},"modified":"2025-01-25T18:24:17","modified_gmt":"2025-01-25T17:24:17","slug":"jindrich-kulhavy-slovensko-se-brani-prevratu","status":"publish","type":"post","link":"https:\/\/www.infokuryr.cz\/n\/2025\/01\/26\/jindrich-kulhavy-slovensko-se-brani-prevratu\/","title":{"rendered":"Jind\u0159ich Kulhav\u00fd: Slovensko se br\u00e1n\u00ed p\u0159evratu"},"content":{"rendered":"<div id=\"fb-root\"><\/div>\n<p><strong><span class=\"anotation\">Invaze zahrani\u010dn\u00edch pen\u011bz, progresivist\u016f a pitomc\u016f typu Trojana \u010di Pol\u00edvky na Slovensko pokra\u010duje. Opozice neschopn\u00e1 p\u0159iznat por\u00e1\u017eku v\u00a0posledn\u00edch volb\u00e1ch napojen\u00e1 na Sorosovi pen\u011bzovody burcuje n\u00e1rod k\u00a0vzep\u0159en\u00ed se sm\u011b\u0159ov\u00e1n\u00ed Ficovy vl\u00e1dy. \u0160ime\u010dko kamar\u00e1d\u00edc\u00ed se nap\u0159\u00edklad s\u00a0na\u0161\u00edm Raku\u0161anem i Matovi\u010d pat\u0159\u00ed k \u201eprogeres\u00edvn\u00edm\u201c sil\u00e1m schopn\u00fdm nechat Slovensko rozebrat na prvo\u010dinitele a p\u0159edat vl\u00e1du nad n\u00edm komukoliv, kdo je zbav\u00ed Roberta Fica.<\/span><\/strong><\/p>\n<div id=\"pagetext\">\n<p>\u00a0 St\u00e1vaj\u00edc\u00ed slovensk\u00fd premi\u00e9r ji\u017e p\u0159ed volbami projevoval z\u00e1jem o obnoven\u00ed spolupr\u00e1ce s\u00a0Moskvou a o zaji\u0161t\u011bn\u00ed strategick\u00fdch surovin pro Slovensko z\u00a0tradi\u010dn\u00edch zdroj\u016f. Netajil se ani zdr\u017eenlivost\u00ed v\u016f\u010di Bruselu a jist\u00e9mu p\u0159\u00edklonu k\u00a0ma\u010farsk\u00e9mu p\u0159\u00edstupu jak k\u00a0EU, tak i k\u00a0financov\u00e1n\u00ed ukronacistick\u00e9ho re\u017eimu na Ukrajin\u011b. P\u0159edvolebn\u00ed m\u00edtinky byly pln\u00e9 logiky, bez ideologick\u00fdch p\u0159\u00edkras a dovedly Fica k\u00a0funkci premi\u00e9ra. Slov\u00e1ci m\u011bli \u010das i pr\u00e1vo se rozhodnout a ud\u011blali to. Liber\u00e1lov\u00e9 se s\u00a0t\u00edm nesm\u00ed\u0159ili. Nejd\u0159\u00edve se st\u0159elbou pokusili Fica zab\u00edt (jist\u011b vn\u00edm\u00e1te podobnost s\u00a0\u00fatokem na Donalda Trumpa v\u00a0USA) a nyn\u00ed s\u00e1hnuli k\u00a0dal\u0161\u00edmu n\u00e1stroji, tedy k\u00a0barevn\u00e9 revoluci. S\u00a0tou usp\u011bli kdysi v\u00a0\u010cesk\u00e9 republice, pozd\u011bji na Ukrajin\u011b (ta m\u011bla k\u00a0na\u0161\u00ed tzv. Sametov\u00e9 hodn\u011b daleko), zkusili to s\u00a0n\u00ed v\u00a0B\u011blorusku a neusp\u011bli ani v\u00a0Gruzii.<\/p>\n<p>Liber\u00e1lov\u00e9 po ka\u017ed\u00e9 sv\u00e9 proh\u0159e ud\u011blaj\u00ed to sam\u00e9. Vyu\u017eij\u00ed dostatku zahrani\u010dn\u00edch finan\u010dn\u00edch prost\u0159edk\u016f, chobotnice v\u00a0podob\u011b neziskov\u00e9ho sektoru (ten nevznikl jen tak pro dojem dobroty a demokracie), m\u00e9di\u00ed vlastn\u011bn\u00fdch jednou sortou majitel\u016f, zmanipulovan\u00e9 \u010d\u00e1sti um\u011bleck\u00e9 sc\u00e9ny a pokroucen\u00fdch historick\u00fdch ud\u00e1lost\u00ed. Vy\u017eenou organizovan\u011b \u010d\u00e1st ob\u010dan\u016f nech\u00e1paj\u00edc\u00edch souvislosti do ulic, samoz\u0159ejm\u011b pod n\u00e1rodn\u00edmi vlajkami, vytvo\u0159\u00ed konfliktn\u00ed prost\u0159ed\u00ed a doufaj\u00ed, \u017ee se n\u011bco semele. Kdy\u017e ne, objev\u00ed se obdoba mrtv\u00e9ho studenta \u0160m\u00edda z\u00a0N\u00e1rodn\u00ed, p\u0159\u00edpadn\u011b se do davu za\u010dne skute\u010dn\u011b st\u0159\u00edlet, A proto\u017ee ofici\u00e1ln\u011b maj\u00ed zbran\u011b policist\u00e9 br\u00e1n\u00edc\u00ed vl\u00e1du, budou v\u0161ichni mrtv\u00ed \u010di zran\u011bn\u00ed p\u0159i\u0159knuti pr\u00e1v\u011b t\u011bm, s\u00a0nimi\u017e liber\u00e1lov\u00e9 prohr\u00e1li ve volb\u00e1ch. Impulsem m\u016f\u017ee b\u00fdt i vra\u017eda n\u011bjak\u00e9 osoby stoj\u00edc\u00ed proti vl\u00e1d\u011b, co\u017e platilo na Slovensku v\u00a0p\u0159\u00edpadu Kuciaka.<\/p>\n<p>Robert Fico varoval Slov\u00e1ky p\u0159ed pokusem o Majdan s\u00a0p\u0159edstihem. Ji\u017e p\u0159ed n\u011bjakou dobu slovensk\u00e9 tajn\u00e9 slu\u017eby rozkl\u00ed\u010dovaly opozi\u010dn\u00ed \u010dinnost dotovanou zahrani\u010dn\u00edmi pen\u011bzi. Lidi v\u00a0ulic\u00edch pozvan\u00e9 liber\u00e1ly nazval Fico sice jako opr\u00e1vn\u011bn\u00e9 protestovat, jsou li nespokojeni, nicm\u00e9n\u011b je po\u017e\u00e1dal, aby se nenechali zmanipulovat t\u011bmi, kte\u0159\u00ed ve volb\u00e1ch prohr\u00e1li. \u0160ime\u010dko se s\u00a0t\u00edm nikdy nesm\u00ed\u0159il a v\u00a0podstat\u011b by ud\u011blal cokoliv, aby v\u00fdsledek zvr\u00e1til. Nahr\u00e1v\u00e1 mu i skute\u010dnost, kterou je zvolen\u00ed Trumpa v\u00a0USA a jeho v\u00edt\u011bzn\u00fd boj s\u00a0Deep State spojen\u00fd s\u00a0p\u0159esunem z\u00e1jmu jeho struktur do Evropy. Soros se nikdy netajil snahou pomoc\u00ed pen\u011bz ovl\u00e1dnout Evropu, a i d\u00edky zkorumpovan\u00e9mu neziskov\u00e9mu sektoru a m\u00e9di\u00edm se mu to da\u0159\u00ed.<\/p>\n<p>\u0160ime\u010dko je v\u011brn\u00fd sluha sv\u00e9ho p\u00e1na. Nav\u00edc se Fico pustil do boje jak s\u00a0novin\u00e1\u0159i dr\u017e\u00edc\u00edmi jasnou liber\u00e1ln\u00ed a eurohujerskou linii, tak i s\u00a0um\u011bleckou sc\u00e9nou dosud naplno pracuj\u00edc\u00ed pro bruselskou agendu. Zneu\u017eit\u00ed Ficovy cesty do Moskvy, p\u0159esto\u017ee se tam sna\u017eil pro cel\u00e9 Slovensko zajistit \u017eivotod\u00e1rn\u00fd plyn, k\u00a0tvrzen\u00ed o prorusk\u00e9m chov\u00e1n\u00ed premi\u00e9ra je jen jednou z\u00a0uk\u00e1zek politick\u00e9ho populismu progresivc\u016f. Neochota dod\u00e1vat Ukrajin\u011b elekt\u0159inu a dal\u0161\u00ed pen\u00edze pramen\u00edc\u00ed z\u00a0vystupov\u00e1n\u00ed ukrajinsk\u00e9ho dikt\u00e1tora Zelensk\u00e9ho je logick\u00fdm d\u016fsledkem toho, \u017ee Kyjev u\u017e v\u0161em pouze diktuje, co chce, ani\u017e by vn\u00edmal pot\u0159eby jak sv\u00fdch lid\u00ed, tak i st\u00e1t\u016f, kter\u00e9 mu dosud pom\u00e1haly p\u0159e\u017e\u00edt. Fico se p\u0159idal k\u00a0Orb\u00e1novi a s\u00a0p\u0159edstihem se vrac\u00ed k\u00a0tomu, co Trump prosazuje za mo\u0159em. K\u00a0samostatnosti, men\u0161\u00ed z\u00e1vislosti a jist\u00e9 neutralit\u011b st\u00e1tu. Tak\u00e9 se p\u0159ikl\u00e1n\u00ed k\u00a0logice, k\u00a0n\u00e1vratu p\u0159\u00edrodn\u00edch a fyzik\u00e1ln\u00edch z\u00e1kon\u016f, a naopak p\u0159edstavuje odklon od bruselsk\u00fdch nesmysl\u016f a hovadin. To v\u0161e mu v\u0161ak opozi\u010dn\u00ed strany vy\u010d\u00edtaj\u00ed a za podpory m\u00e9di\u00ed spustily Majdan.<\/p>\n<p>Mysl\u00edte li si, \u017ee se n\u00e1s to net\u00fdk\u00e1, pak si uv\u011bdomte, \u017ee se bl\u00ed\u017e\u00ed volby u n\u00e1s. Usm\u00edvaj\u00edc\u00ed se Fiala m\u00e1 za z\u00e1dy stejn\u00e9 lidi a pen\u00edze jako \u0160ime\u010dko a Matovi\u010d. Podporuj\u00ed ho stejn\u00ed klauni, jak\u00fdmi jsou Trojan \u010di Pol\u00edvka. Jen jich je tu mnohem v\u00edce a Va\u0161\u00e1ryov\u00fdch tu m\u00e1me tak\u00e9 mraky. Ve\u0159ejnopr\u00e1vn\u00ed i komer\u010dn\u00ed m\u00e9dia jsou na tom v\u00a0ideologick\u00e9m pomaten\u00ed je\u0161t\u011b d\u00e1le ne\u017e na Slovensku. P\u0159edstavte si, \u017ee by ve volb\u00e1ch usp\u011bli SPD, Sta\u010dilo \u010di Motorist\u00e9 a p\u0159ev\u00e1lcovali by Spolu, STAN, p\u0159\u00edpadn\u011b i ANO. Ten poprask by tu byl stejn\u00fd, jako kdy\u017e zv\u00edt\u011bzil na Slovensku Fico. Babi\u0161 by v\u00a0tu chv\u00edli byl je\u0161t\u011b v\u00edtanou variantou, nicm\u00e9n\u011b my ho \u0159ad\u00edme mezi liber\u00e1ly, by\u0165 moment\u00e1ln\u011b malinko p\u0159ijateln\u011bj\u0161\u00ed. Hrozn\u00e1 realita. A na Hradu m\u00e1me bohu\u017eel rozv\u011bd\u010d\u00edka Petra Pavla, kter\u00fd je prezidentem v\u0161ech t\u011bch, kte\u0159\u00ed jsou na spr\u00e1vn\u00e9 stran\u011b. Kter\u00e1 to je, jist\u011b tu\u0161\u00edte.<\/p>\n<p>Fiala je moment\u00e1ln\u011b pro m\u00e9dia nedotknuteln\u00fd, ani podvody a mrtv\u00ed kolem kampeli\u010dky j\u00edm vyu\u017e\u00edvan\u00e9 k\u00a0pran\u00ed pen\u011bz mu vaz nezlomily. Stejn\u011b tak Dozimetr s\u00a0mnoha zesnul\u00fdmi Raku\u0161anovi. Neziskov\u00fd sektor u n\u00e1s p\u0159ebujel\u00fd je z\u00e1visl\u00fd na Sorosov\u00fdch i bruselsk\u00fdch pen\u011bz\u00edch a slou\u017e\u00ed proliber\u00e1ln\u00edmu syst\u00e9mu. V\u0161e je navz\u00e1jem v\u00a0naprost\u00e9 symbi\u00f3ze a p\u0159ipom\u00edn\u00e1 to struktury italsk\u00e9 mafie. Pamatujete na seri\u00e1l Chobotnice? To je \u010cesk\u00e1 republika, stejn\u011b tak Slovensko a dal\u0161\u00ed st\u00e1ty v EU. \u00a0Jedin\u00fd Orb\u00e1n d\u00edky dlouholet\u00e9 usilovn\u00e9 pr\u00e1ci dok\u00e1\u017ee vzdorovat. B\u011blorusov\u00e9 se Majdanu vzep\u0159eli, Gruz\u00ednci tak\u00e9, te\u010f podobn\u00fd boj \u010dek\u00e1 Slovensko. Dr\u017e\u00edme Ficovi palce, proto\u017ee kdy\u017e to v\u0161e ustoj\u00ed, bude to sv\u011btlo na konci tunelu i pro n\u00e1s. Nebude to m\u00edt snadn\u00e9.<\/p>\n<p><a href=\"https:\/\/www.inadhled.live\/zajimavosti\/slovensko-se-brani-prevratu\/\">Jind\u0159ich Kulhav\u00fd<\/a><\/p>\n<p><img decoding=\"async\" loading=\"lazy\" class=\"alignnone size-full wp-image-48136\" src=\"http:\/\/www.infokuryr.cz\/n\/wp-content\/uploads\/2024\/02\/kulhavy-jindrich.jpg\" alt=\"\" width=\"219\" height=\"221\" srcset=\"https:\/\/www.infokuryr.cz\/n\/wp-content\/uploads\/2024\/02\/kulhavy-jindrich.jpg 219w, https:\/\/www.infokuryr.cz\/n\/wp-content\/uploads\/2024\/02\/kulhavy-jindrich-150x150.jpg 150w\" sizes=\"(max-width: 219px) 100vw, 219px\" \/><\/p>\n<p>&nbsp;<\/p>\n<\/div>\n","protected":false},"excerpt":{"rendered":"<p>Invaze zahrani\u010dn\u00edch pen\u011bz, progresivist\u016f a pitomc\u016f typu Trojana \u010di Pol\u00edvky na Slovensko pokra\u010duje. Opozice neschopn\u00e1&#8230;<\/p>\n","protected":false},"author":2,"featured_media":71007,"comment_status":"closed","ping_status":"closed","sticky":false,"template":"","format":"standard","meta":[],"categories":[6],"tags":[1297,1503,441,8498,203],"_links":{"self":[{"href":"https:\/\/www.infokuryr.cz\/n\/wp-json\/wp\/v2\/posts\/71006"}],"collection":[{"href":"https:\/\/www.infokuryr.cz\/n\/wp-json\/wp\/v2\/posts"}],"about":[{"href":"https:\/\/www.infokuryr.cz\/n\/wp-json\/wp\/v2\/types\/post"}],"author":[{"embeddable":true,"href":"https:\/\/www.infokuryr.cz\/n\/wp-json\/wp\/v2\/users\/2"}],"replies":[{"embeddable":true,"href":"https:\/\/www.infokuryr.cz\/n\/wp-json\/wp\/v2\/comments?post=71006"}],"version-history":[{"count":0,"href":"https:\/\/www.infokuryr.cz\/n\/wp-json\/wp\/v2\/posts\/71006\/revisions"}],"wp:featuredmedia":[{"embeddable":true,"href":"https:\/\/www.infokuryr.cz\/n\/wp-json\/wp\/v2\/media\/71007"}],"wp:attachment":[{"href":"https:\/\/www.infokuryr.cz\/n\/wp-json\/wp\/v2\/media?parent=71006"}],"wp:term":[{"taxonomy":"category","embeddable":true,"href":"https:\/\/www.infokuryr.cz\/n\/wp-json\/wp\/v2\/categories?post=71006"},{"taxonomy":"post_tag","embeddable":true,"href":"https:\/\/www.infokuryr.cz\/n\/wp-json\/wp\/v2\/tags?post=71006"}],"curies":[{"name":"wp","href":"https:\/\/api.w.org\/{rel}","templated":true}]}}