{"id":70992,"date":"2025-01-26T00:44:35","date_gmt":"2025-01-25T23:44:35","guid":{"rendered":"https:\/\/www.infokuryr.cz\/n\/?p=70992"},"modified":"2025-01-25T17:58:49","modified_gmt":"2025-01-25T16:58:49","slug":"bolton-trump-chce-ukrajinu-shodit-ze-stolu","status":"publish","type":"post","link":"https:\/\/www.infokuryr.cz\/n\/2025\/01\/26\/bolton-trump-chce-ukrajinu-shodit-ze-stolu\/","title":{"rendered":"Bolton: Trump chce Ukrajinu \u201eshodit ze stolu\u201c"},"content":{"rendered":"<div id=\"fb-root\"><\/div>\n<p><span style=\"font-size: 18pt;\"><strong>Nov\u00e1 americk\u00e1 administrativa je pro Kyjev \u201e\u0161patnou zpr\u00e1vou\u201c, prohl\u00e1sil b\u00fdval\u00fd poradce pro n\u00e1rodn\u00ed bezpe\u010dnost<\/strong><\/span><\/p>\n<p><span>Americk\u00fd prezident Donald Trump si nep\u0159eje, aby konflikt na Ukrajin\u011b komplikoval jeho agendu, a m\u016f\u017ee skon\u010dit tak, \u017ee Vladimiru Putinovi nab\u00eddne m\u00edrovou dohodu, kter\u00e1 by rusk\u00e9ho v\u016fdce ud\u011blala\u00a0<\/span><em><span>\u201evelmi \u0161\u0165astn\u00fdm\u201c,<\/span><\/em><span>\u00a0prohl\u00e1sil b\u00fdval\u00fd americk\u00fd poradce pro n\u00e1rodn\u00ed bezpe\u010dnost John Bolton v rozhovoru pro Afshin Rattansi. po\u0159ad &#8218;Going Underground&#8216;.<\/span><\/p>\n<p><span>Bolton pracoval pro Trumpa b\u011bhem sv\u00e9ho prvn\u00edho funk\u010dn\u00edho obdob\u00ed, ale nakonec byl propu\u0161t\u011bn v z\u00e1\u0159\u00ed 2019 po pouh\u00fdch 18 m\u011bs\u00edc\u00edch v pr\u00e1ci. Americk\u00fd prezident pozd\u011bji popsal republik\u00e1na jako\u00a0<\/span><em><span>\u201enutjob\u201c<\/span><\/em><span>\u00a0a ozna\u010dil jeho jmenov\u00e1n\u00ed za jednu ze sv\u00fdch\u00a0<\/span><em><span>\u201enejv\u011bt\u0161\u00edch chyb\u201c.<\/span><\/em><span>\u00a0Jednou z prvn\u00edch v\u011bc\u00ed, kter\u00e9 Trump po sv\u00e9 pond\u011bln\u00ed inauguraci ud\u011blal, bylo vypov\u011bd\u011bt bezpe\u010dnostn\u00ed detaily sv\u00e9ho b\u00fdval\u00e9ho poradce, kter\u00e9 poskytl kv\u016fli \u00fadajn\u00fdm hrozb\u00e1m ze strany \u00cdr\u00e1nu.<\/span><\/p>\n<p><span>Nov\u00e1 administrativa v B\u00edl\u00e9m dom\u011b je pro Kyjev\u00a0<\/span><em><span>\u201e\u0161patnou zpr\u00e1vou\u201c<\/span><\/em><span>\u00a0, \u0159ekl Bolton v sobotu Rattansimu a pouk\u00e1zal na to, \u017ee Trump ned\u00e1vno\u00a0<\/span><em><span>\u201epohrozil Ukrajin\u011b p\u0159eru\u0161en\u00edm vojensk\u00e9 pomoci\u201c,<\/span><\/em><span>\u00a0pokud odm\u00edtne hovo\u0159it o m\u00edru s Ruskem.<\/span><\/p>\n<p><span>Americk\u00fd prezident a jeho t\u00fdm\u00a0<\/span><em><span>\u201echt\u011bj\u00ed vyjedn\u00e1v\u00e1n\u00ed, proto\u017ee jako u v\u0161eho s Trumpem je sv\u011bt jen dlouh\u00e1 \u0159ada dohod. Chce dohodu, kter\u00e1 by st\u00e1hla slovo \u201eUkrajina\u201c ze stolu. Vid\u00ed to jako v\u00e1lku [b\u00fdval\u00e9ho americk\u00e9ho prezidenta Joea] Bidena&#8230; Chce to m\u00edt za sebou. Nechce, aby to komplikovalo jeho agendu,\u201c<\/span><\/em><span>\u00a0\u0159ekl.<\/span><\/p>\n<p><span>Mo\u017en\u00e9 podm\u00ednky pro urovn\u00e1n\u00ed ukrajinsk\u00e9ho konfliktu, kter\u00e9 b\u011bhem kampan\u011b vyj\u00e1d\u0159il viceprezident JD Vance, vypadaj\u00ed jako\u00a0<\/span><em><span>\u201em\u00edrov\u00fd pl\u00e1n, kter\u00fd by mohl b\u00fdt seps\u00e1n v Kremlu,\u201c<\/span><\/em><span>\u00a0argumentoval b\u00fdval\u00fd poradce pro n\u00e1rodn\u00ed bezpe\u010dnost.<\/span><\/p>\n<p><em><span>\u201eMysl\u00edm, \u017ee Putin a Kreml by byli velmi spokojeni s dohodou, kdy si ponechaj\u00ed \u00fazem\u00ed na Ukrajin\u011b; je p\u0159\u00edm\u011b\u0159\u00ed; NATO nep\u0159ij\u00edm\u00e1 Ukrajinu za \u010dlena,\u201c<\/span><\/em><span>\u00a0\u0159ekl.<\/span><\/p>\n<p><span>Podle Boltona Putin\u00a0<\/span><em><span>\u201evid\u00ed Trumpa jako snadnou zn\u00e1mku, n\u011bkoho, kdo je n\u00e1chyln\u00fd k lichocen\u00ed\u201c<\/span><\/em><span>\u00a0a pokus\u00ed se vyu\u017e\u00edt p\u0159esv\u011bd\u010den\u00ed americk\u00e9ho prezidenta, \u017ee\u00a0<\/span><em><span>\u201eamerick\u00e9 vztahy se zahrani\u010d\u00edm z\u00e1vis\u00ed na jeho osobn\u00edm vztahu s hlavou st\u00e1tu\u201c.<\/span><\/em><\/p>\n<p><span>Putin v p\u00e1tek \u0159ekl, \u017ee Rusko a USA mohou st\u00e1le naj\u00edt\u00a0<\/span><em><span>\u201emnoho sty\u010dn\u00fdch bod\u016f\u201c,<\/span><\/em><span>\u00a0pokud jde o nejnal\u00e9hav\u011bj\u0161\u00ed probl\u00e9my, v\u010detn\u011b ukrajinsk\u00e9ho konfliktu. Rusk\u00fd v\u016fdce popsal Trumpa jako\u00a0<\/span><em><span>\u201ed\u016fv\u011bryhodn\u00e9ho\u201c,<\/span><\/em><span>\u00a0p\u0159i\u010dem\u017e p\u0159ipomn\u011bl jejich\u00a0<\/span><em><span>\u201epragmatick\u00fd\u201c<\/span><\/em><span>\u00a0a\u00a0<\/span><em><span>\u201eobchodn\u00ed\u201c<\/span><\/em><span>\u00a0vztah b\u011bhem jeho prvn\u00edho p\u016fsoben\u00ed v B\u00edl\u00e9m dom\u011b.<\/span><\/p>\n<p><span>Mluv\u010d\u00ed Kremlu Dmitrij Peskov t\u00e9ho\u017e dne \u0159ekl, \u017ee Putin je p\u0159ipraven s Trumpem hovo\u0159it a \u017ee Moskva \u010dek\u00e1 na sign\u00e1ly od nov\u00e9 administrativy ve Washingtonu.<\/span><\/p>\n<p><img decoding=\"async\" loading=\"lazy\" class=\"alignnone size-full wp-image-1185\" src=\"http:\/\/www.infokuryr.cz\/n\/wp-content\/uploads\/2021\/04\/kuryr-podpis.png\" alt=\"\" width=\"84\" height=\"24\" \/><\/p>\n<p>&nbsp;<\/p>\n","protected":false},"excerpt":{"rendered":"<p>Nov\u00e1 americk\u00e1 administrativa je pro Kyjev \u201e\u0161patnou zpr\u00e1vou\u201c, prohl\u00e1sil b\u00fdval\u00fd poradce pro n\u00e1rodn\u00ed bezpe\u010dnost Americk\u00fd&#8230;<\/p>\n","protected":false},"author":2,"featured_media":25052,"comment_status":"closed","ping_status":"closed","sticky":false,"template":"","format":"standard","meta":[],"categories":[7],"tags":[3538,452,26],"_links":{"self":[{"href":"https:\/\/www.infokuryr.cz\/n\/wp-json\/wp\/v2\/posts\/70992"}],"collection":[{"href":"https:\/\/www.infokuryr.cz\/n\/wp-json\/wp\/v2\/posts"}],"about":[{"href":"https:\/\/www.infokuryr.cz\/n\/wp-json\/wp\/v2\/types\/post"}],"author":[{"embeddable":true,"href":"https:\/\/www.infokuryr.cz\/n\/wp-json\/wp\/v2\/users\/2"}],"replies":[{"embeddable":true,"href":"https:\/\/www.infokuryr.cz\/n\/wp-json\/wp\/v2\/comments?post=70992"}],"version-history":[{"count":0,"href":"https:\/\/www.infokuryr.cz\/n\/wp-json\/wp\/v2\/posts\/70992\/revisions"}],"wp:featuredmedia":[{"embeddable":true,"href":"https:\/\/www.infokuryr.cz\/n\/wp-json\/wp\/v2\/media\/25052"}],"wp:attachment":[{"href":"https:\/\/www.infokuryr.cz\/n\/wp-json\/wp\/v2\/media?parent=70992"}],"wp:term":[{"taxonomy":"category","embeddable":true,"href":"https:\/\/www.infokuryr.cz\/n\/wp-json\/wp\/v2\/categories?post=70992"},{"taxonomy":"post_tag","embeddable":true,"href":"https:\/\/www.infokuryr.cz\/n\/wp-json\/wp\/v2\/tags?post=70992"}],"curies":[{"name":"wp","href":"https:\/\/api.w.org\/{rel}","templated":true}]}}