{"id":70956,"date":"2025-01-25T06:49:32","date_gmt":"2025-01-25T05:49:32","guid":{"rendered":"https:\/\/www.infokuryr.cz\/n\/?p=70956"},"modified":"2025-01-25T06:49:32","modified_gmt":"2025-01-25T05:49:32","slug":"pete-hegseth-potvrzen-jako-dalsi-sef-pentagonu","status":"publish","type":"post","link":"https:\/\/www.infokuryr.cz\/n\/2025\/01\/25\/pete-hegseth-potvrzen-jako-dalsi-sef-pentagonu\/","title":{"rendered":"Pete Hegseth potvrzen jako dal\u0161\u00ed \u0161\u00e9f Pentagonu"},"content":{"rendered":"<div id=\"fb-root\"><\/div>\n<p><span style=\"font-size: 18pt;\"><strong>Americk\u00fd viceprezident JD Vance odevzdal rozhoduj\u00edc\u00ed hlas ve prosp\u011bch volby Donalda Trumpa<\/strong><\/span><\/p>\n<p><span>Americk\u00fd Sen\u00e1t v p\u00e1tek potvrdil nov\u00fdm ministrem obrany arm\u00e1dn\u00edho veter\u00e1na a p\u0159isp\u011bvatele Fox News Peta Hegsetha.<\/span><strong><br \/>\n<\/strong><\/p>\n<p><span>Viceprezident JD Vance dorazil do jednac\u00edho s\u00e1lu a odevzdal nerozhodn\u00fd v\u00fdsledek, \u010d\u00edm\u017e zpe\u010detil Hegsethovo jmenov\u00e1n\u00ed.<\/span><\/p>\n<p><span>Republik\u00e1n\u0161t\u00ed sen\u00e1to\u0159i Lisa Murkowski, Susan Collinsov\u00e1 a Mitch McConnell prolomili \u0159ady a p\u0159idali se k demokrat\u016fm v hlasov\u00e1n\u00ed ne.<\/span><\/p>\n<p><span>Hegseth, kter\u00fd napsal knihu o pot\u0159eb\u011b obnovit\u00a0<\/span><em><span>\u201ekulturu v\u00e1le\u010dn\u00edk\u016f\u201c,<\/span><\/em><span>\u00a0sl\u00edbil, \u017ee pos\u00edl\u00ed bojovou p\u0159ipravenost a presti\u017e vojensk\u00e9 slu\u017eby.<\/span><\/p>\n<p><span>B\u011bhem sv\u00e9ho potvrzovac\u00edho sly\u0161en\u00ed na za\u010d\u00e1tku tohoto m\u011bs\u00edce se zav\u00e1zal, \u017ee se\u00a0<\/span><em><span>\u201ezam\u011b\u0159\u00ed na laserov\u00e9 boje, smrtonosnost, meritokracii, standardy a p\u0159ipravenost\u201c.<\/span><\/em><\/p>\n<p><span>Prezident Donald Trump \u0159ekl, \u017ee Hegseth bude\u00a0<\/span><em><span>\u201eodv\u00e1\u017en\u00fdm a vlasteneck\u00fdm zast\u00e1ncem na\u0161\u00ed politiky \u201eM\u00edr skrze s\u00edlu\u201c.<\/span><\/em><\/p>\n<p><span>Hegsethova nominace byla poznamen\u00e1na obvin\u011bn\u00edmi ze sexu\u00e1ln\u00edho napaden\u00ed a nadm\u011brn\u00e9ho pit\u00ed. Odm\u00edtl obvin\u011bn\u00ed z nevhodn\u00e9ho chov\u00e1n\u00ed jako\u00a0<\/span><em><span>\u201eanonymn\u00ed nepravdiv\u00e1 tvrzen\u00ed\u201c,<\/span><\/em><span>\u00a0kter\u00e1 byla vznesena, aby po\u0161pinila jeho charakter.\u00a0<\/span><\/p>\n<p><span>N\u011bkte\u0159\u00ed tak\u00e9 tvrdili, \u017ee Hegseth postr\u00e1d\u00e1 pot\u0159ebn\u00e9 zku\u0161enosti k veden\u00ed Pentagonu. V prohl\u00e1\u0161en\u00ed po p\u00e1te\u010dn\u00edm hlasov\u00e1n\u00ed McConnell tvrdil, \u017ee Hegseth nedok\u00e1zal poskytnout\u00a0<\/span><em><span>\u201estrategickou vizi\u201c<\/span><\/em><span>\u00a0pro boj proti americk\u00fdm protivn\u00edk\u016fm.\u00a0<\/span><\/p>\n<p><span>Hegseth obhajoval svou kandidaturu t\u00edm, \u017ee trval na tom, \u017ee je t\u00edm spr\u00e1vn\u00fdm mu\u017eem pro transformaci arm\u00e1dy.\u00a0<\/span><em><span>&#8222;Je \u010das d\u00e1t helmu n\u011bkomu, kdo m\u00e1 na bot\u00e1ch prach.&#8220; Agent zm\u011bny,\u201c<\/span><\/em><span>\u00a0\u0159ekl Sen\u00e1tu.<\/span><\/p>\n<p><img decoding=\"async\" loading=\"lazy\" class=\"alignnone size-full wp-image-1185\" src=\"http:\/\/www.infokuryr.cz\/n\/wp-content\/uploads\/2021\/04\/kuryr-podpis.png\" alt=\"\" width=\"84\" height=\"24\" \/><\/p>\n<p>&nbsp;<\/p>\n","protected":false},"excerpt":{"rendered":"<p>Americk\u00fd viceprezident JD Vance odevzdal rozhoduj\u00edc\u00ed hlas ve prosp\u011bch volby Donalda Trumpa Americk\u00fd Sen\u00e1t v&#8230;<\/p>\n","protected":false},"author":2,"featured_media":70957,"comment_status":"closed","ping_status":"closed","sticky":false,"template":"","format":"standard","meta":[],"categories":[7],"tags":[380,8207,2945],"_links":{"self":[{"href":"https:\/\/www.infokuryr.cz\/n\/wp-json\/wp\/v2\/posts\/70956"}],"collection":[{"href":"https:\/\/www.infokuryr.cz\/n\/wp-json\/wp\/v2\/posts"}],"about":[{"href":"https:\/\/www.infokuryr.cz\/n\/wp-json\/wp\/v2\/types\/post"}],"author":[{"embeddable":true,"href":"https:\/\/www.infokuryr.cz\/n\/wp-json\/wp\/v2\/users\/2"}],"replies":[{"embeddable":true,"href":"https:\/\/www.infokuryr.cz\/n\/wp-json\/wp\/v2\/comments?post=70956"}],"version-history":[{"count":0,"href":"https:\/\/www.infokuryr.cz\/n\/wp-json\/wp\/v2\/posts\/70956\/revisions"}],"wp:featuredmedia":[{"embeddable":true,"href":"https:\/\/www.infokuryr.cz\/n\/wp-json\/wp\/v2\/media\/70957"}],"wp:attachment":[{"href":"https:\/\/www.infokuryr.cz\/n\/wp-json\/wp\/v2\/media?parent=70956"}],"wp:term":[{"taxonomy":"category","embeddable":true,"href":"https:\/\/www.infokuryr.cz\/n\/wp-json\/wp\/v2\/categories?post=70956"},{"taxonomy":"post_tag","embeddable":true,"href":"https:\/\/www.infokuryr.cz\/n\/wp-json\/wp\/v2\/tags?post=70956"}],"curies":[{"name":"wp","href":"https:\/\/api.w.org\/{rel}","templated":true}]}}