{"id":70940,"date":"2025-01-25T00:49:42","date_gmt":"2025-01-24T23:49:42","guid":{"rendered":"https:\/\/www.infokuryr.cz\/n\/?p=70940"},"modified":"2025-01-24T13:06:01","modified_gmt":"2025-01-24T12:06:01","slug":"kreml-vyzyva-k-obnoveni-rozhovoru-s-usa-o-odzbrojeni","status":"publish","type":"post","link":"https:\/\/www.infokuryr.cz\/n\/2025\/01\/25\/kreml-vyzyva-k-obnoveni-rozhovoru-s-usa-o-odzbrojeni\/","title":{"rendered":"Kreml vyz\u00fdv\u00e1 k obnoven\u00ed rozhovor\u016f s USA o odzbrojen\u00ed"},"content":{"rendered":"<div id=\"fb-root\"><\/div>\n<p><span style=\"font-size: 18pt;\"><strong>Dmitrij Peskov \u0159ekl, \u017ee a\u010dkoli Washington v t\u00e9to ot\u00e1zce p\u0159eru\u0161il styky s Moskvou, Rusko z\u016fst\u00e1v\u00e1 otev\u0159en\u00e9 jedn\u00e1n\u00ed<\/strong><\/span><\/p>\n<p><span>Moskva chce co nejd\u0159\u00edve obnovit jedn\u00e1n\u00ed o odzbrojen\u00ed s USA, \u0159ekl v p\u00e1tek novin\u00e1\u0159\u016fm mluv\u010d\u00ed Kremlu Dmitrij Peskov.<\/span><\/p>\n<p><span>Zd\u016fraznil, \u017ee pr\u00e1vn\u00ed r\u00e1mec pro kontrolu zbrojen\u00ed byl\u00a0<\/span><em><span>\u201ev\u00fdrazn\u011b naru\u0161en\u201c<\/span><\/em><span>\u00a0a \u017ee to nen\u00ed chyba Ruska, ale Spojen\u00fdch st\u00e1t\u016f \u2013 kter\u00e9 jednostrann\u011b p\u0159eru\u0161ily ve\u0161ker\u00e9 kontakty s Moskvou.<\/span><\/p>\n<p><em><span>&#8222;V z\u00e1jmu cel\u00e9ho sv\u011bta a lid\u00ed v na\u0161ich zem\u00edch m\u00e1me z\u00e1jem zah\u00e1jit vyjedn\u00e1vac\u00ed proces co nejd\u0159\u00edve,&#8220;<\/span><\/em><span>\u00a0uvedl Peskov.<\/span><\/p>\n<p><span>Poznamenal v\u0161ak, \u017ee v sou\u010dasn\u00fdch podm\u00ednk\u00e1ch by bylo tak\u00e9 nutn\u00e9 vz\u00edt v \u00favahu v\u0161echny existuj\u00edc\u00ed jadern\u00e9 arzen\u00e1ly, konkr\u00e9tn\u011b ty z Francie a Spojen\u00e9ho kr\u00e1lovstv\u00ed.<\/span><\/p>\n<p><em><span>&#8222;Sou\u010dasn\u00e1 realita vy\u017eaduje takovou pot\u0159ebu,&#8220;<\/span><\/em><span>\u00a0\u0159ekl Peskov a vysv\u011btlil, \u017ee by bylo\u00a0<\/span><em><span>&#8222;nemo\u017en\u00e9&#8220;<\/span><\/em><span>\u00a0v\u00e9st jedn\u00e1n\u00ed a vyhnout se t\u00e9to ot\u00e1zce.<\/span><\/p>\n<p><span>Mluv\u010d\u00ed poznamenal, \u017ee se promarnilo mnoho \u010dasu odkl\u00e1d\u00e1n\u00edm takov\u00fdch z\u00e1sadn\u00edch diskus\u00ed a \u017ee\u00a0<\/span><em><span>\u201em\u00ed\u010d je nyn\u00ed na stran\u011b Ameri\u010dan\u016f, kte\u0159\u00ed ukon\u010dili ve\u0161ker\u00e9 podstatn\u00e9 kontakty s na\u0161\u00ed zem\u00ed\u201c.<\/span><\/em><\/p>\n<p><span>Peskovovy koment\u00e1\u0159e p\u0159i\u0161ly pot\u00e9, co americk\u00fd prezident Donald Trump ve \u010dtvrtek na Sv\u011btov\u00e9m ekonomick\u00e9m f\u00f3ru v Davosu prohl\u00e1sil, \u017ee douf\u00e1 v jedn\u00e1n\u00ed s Ruskem a \u010c\u00ednou o sn\u00ed\u017een\u00ed z\u00e1sob jadern\u00fdch zbran\u00ed.\u00a0<\/span><\/p>\n<p><span>Trump poznamenal, \u017ee Putin d\u0159\u00edve podporoval my\u0161lenku denuklearizace, a p\u0159ipomn\u011bl rozhovory, kter\u00e9 vedl s rusk\u00fdm v\u016fdcem p\u0159ed americk\u00fdmi prezidentsk\u00fdmi volbami v roce 2020.\u00a0<\/span><em><span>&#8222;Mohu v\u00e1m \u0159\u00edci, \u017ee prezident Putin to cht\u011bl ud\u011blat, on i j\u00e1 jsme to cht\u011bli ud\u011blat.&#8220;<\/span><\/em><\/p>\n<p><span>Trump argumentoval, \u017ee udr\u017eov\u00e1n\u00ed americk\u00e9ho jadern\u00e9ho arzen\u00e1lu je velmi n\u00e1kladn\u00e9 a \u017ee\u00a0<\/span><em><span>\u201ena jadernou energii se utr\u00e1c\u00ed obrovsk\u00e9 mno\u017estv\u00ed pen\u011bz a ni\u010div\u00e1 schopnost je n\u011bco, o \u010dem ani nechceme mluvit\u201c.<\/span><\/em><\/p>\n<p><span>Rusko a USA byly d\u0159\u00edve v\u00e1z\u00e1ny paktem o kontrole zbrojen\u00ed nazvan\u00fdm Nov\u00fd START, kter\u00fd od nich vy\u017eadoval sn\u00ed\u017een\u00ed rozm\u00edst\u011bn\u00fdch strategick\u00fdch jadern\u00fdch hlavic, ale Moskva svou \u00fa\u010dast v roce 2023 pozastavila kv\u016fli vojensk\u00e9 podpo\u0159e Washingtonu pro Ukrajinu. Rusko nicm\u00e9n\u011b prohl\u00e1silo, \u017ee bude nad\u00e1le dodr\u017eovat limity stanoven\u00e9 ve smlouv\u011b, a prezident Putin opakovan\u011b zd\u016fraznil, \u017ee pou\u017eit\u00ed jadern\u00fdch zbran\u00ed je\u00a0<\/span><em><span>\u201eposledn\u00ed mo\u017enost\u00ed\u201c.<\/span><\/em><\/p>\n<p><img decoding=\"async\" loading=\"lazy\" class=\"alignnone size-full wp-image-1185\" src=\"http:\/\/www.infokuryr.cz\/n\/wp-content\/uploads\/2021\/04\/kuryr-podpis.png\" alt=\"\" width=\"84\" height=\"24\" \/><\/p>\n<p>&nbsp;<\/p>\n","protected":false},"excerpt":{"rendered":"<p>Dmitrij Peskov \u0159ekl, \u017ee a\u010dkoli Washington v t\u00e9to ot\u00e1zce p\u0159eru\u0161il styky s Moskvou, Rusko z\u016fst\u00e1v\u00e1&#8230;<\/p>\n","protected":false},"author":2,"featured_media":64709,"comment_status":"closed","ping_status":"closed","sticky":false,"template":"","format":"standard","meta":[],"categories":[7],"tags":[1065,8488,22,37,538],"_links":{"self":[{"href":"https:\/\/www.infokuryr.cz\/n\/wp-json\/wp\/v2\/posts\/70940"}],"collection":[{"href":"https:\/\/www.infokuryr.cz\/n\/wp-json\/wp\/v2\/posts"}],"about":[{"href":"https:\/\/www.infokuryr.cz\/n\/wp-json\/wp\/v2\/types\/post"}],"author":[{"embeddable":true,"href":"https:\/\/www.infokuryr.cz\/n\/wp-json\/wp\/v2\/users\/2"}],"replies":[{"embeddable":true,"href":"https:\/\/www.infokuryr.cz\/n\/wp-json\/wp\/v2\/comments?post=70940"}],"version-history":[{"count":0,"href":"https:\/\/www.infokuryr.cz\/n\/wp-json\/wp\/v2\/posts\/70940\/revisions"}],"wp:featuredmedia":[{"embeddable":true,"href":"https:\/\/www.infokuryr.cz\/n\/wp-json\/wp\/v2\/media\/64709"}],"wp:attachment":[{"href":"https:\/\/www.infokuryr.cz\/n\/wp-json\/wp\/v2\/media?parent=70940"}],"wp:term":[{"taxonomy":"category","embeddable":true,"href":"https:\/\/www.infokuryr.cz\/n\/wp-json\/wp\/v2\/categories?post=70940"},{"taxonomy":"post_tag","embeddable":true,"href":"https:\/\/www.infokuryr.cz\/n\/wp-json\/wp\/v2\/tags?post=70940"}],"curies":[{"name":"wp","href":"https:\/\/api.w.org\/{rel}","templated":true}]}}