{"id":70935,"date":"2025-01-25T00:46:34","date_gmt":"2025-01-24T23:46:34","guid":{"rendered":"https:\/\/www.infokuryr.cz\/n\/?p=70935"},"modified":"2025-01-24T12:49:27","modified_gmt":"2025-01-24T11:49:27","slug":"gustav-svoboda-fialova-kampelicka-prala-spinave-penize-a-prisla-o-licenci-prijde-o-licenci-i-fiala","status":"publish","type":"post","link":"https:\/\/www.infokuryr.cz\/n\/2025\/01\/25\/gustav-svoboda-fialova-kampelicka-prala-spinave-penize-a-prisla-o-licenci-prijde-o-licenci-i-fiala\/","title":{"rendered":"Gustav Svoboda: &#8222;Fialova&#8220; kampeli\u010dka prala \u0161pinav\u00e9 pen\u00edze a p\u0159i\u0161la o licenci. P\u0159ijde o &#8222;licenci&#8220; i Fiala?"},"content":{"rendered":"<div id=\"fb-root\"><\/div>\n<p><strong>Uplynul t\u00fdden od vystoupen\u00ed poslankyn\u011b Poslaneck\u00e9 sn\u011bmovny Aleny Schillerov\u00e9, kter\u00e1 na sn\u011bmovn\u00ed sch\u016fzi vyj\u00e1d\u0159ila k situaci okolo kampeli\u010dky \u201ePetra Fialy\u201c. V ka\u017ed\u00e9 civilizovan\u00e9 a demokraticky funguj\u00edc\u00ed spole\u010dnosti by z\u00e1le\u017eitost byla neb\u00fdval\u00fdm skand\u00e1lem, kter\u00fd by byl st\u0159edem pozornosti str\u00e1\u017ec\u016f demokracie, sd\u011blovac\u00edch prost\u0159edk\u016f. U n\u00e1s je tomu ov\u0161em zcela jinak.<\/strong><\/p>\n<p>Poslankyn\u011b Schillerov\u00e1 \u00a0upozornila na z\u00e1sadn\u00ed posun v kauze kampeli\u010dky \u00a0\u00a0p\u0159edsedy vl\u00e1dy. \u010cesk\u00e1 n\u00e1rodn\u00ed banka toti\u017e minul\u00fd t\u00fdden v \u00a0pond\u011bl\u00ed t\u00e9to klubov\u00e9 instituci o 99 \u010dlenech, mezi nimi\u017e figuroval pr\u00e1v\u011b p\u0159edseda ODS Petr Fiala, odebrala licenci z nejz\u00e1va\u017en\u011bj\u0161\u00edho mo\u017en\u00e9ho d\u016fvodu. \u201eT\u00edm d\u016fvodem bylo pran\u00ed \u0161pinav\u00fdch pen\u011bz. V\u0161ichni si pamatujeme, kdy\u017e novin\u00e1\u0159i zjistili, \u017ee Petr Fiala sv\u00e9 \u010dlenstv\u00ed v t\u00e9to kampeli\u010dce spojen\u00e9 s vlastn\u00edm vkladem 950 000 korun opakovan\u011b zatajil ve sv\u00e9m majetkov\u00e9m p\u0159izn\u00e1n\u00ed. Mnoz\u00ed se tehdy ptali pro\u010d,\u201c konstatovala m\u00edstop\u0159edsedkyn\u011b ANO.<\/p>\n<p><strong>D\u00e1le potom uvedla:<\/strong><\/p>\n<p>\u201eUr\u010ditou n\u00e1pov\u011bdu poskytovali Fialovi spole\u010dn\u00edci. Kampeli\u010dka byla toti\u017e m\u00edstem vz\u00e1jemn\u00e9 diskr\u00e9tn\u00ed spolupr\u00e1ce a st\u0159et\u00e1v\u00e1n\u00ed hrstky lid\u00ed, mezi kter\u00fdmi nechyb\u011bl odsouzen\u00fd vrah, nechvaln\u011b proslul\u00ed devades\u00e1tkov\u00ed tunel\u00e1\u0159i, b\u00fdval\u00ed politici ODS spojen\u00ed s kauzou poslaneck\u00fdch trafik nebo nechvaln\u011b zn\u00e1m\u00ed fotbalov\u00ed bafu\u0148\u00e1\u0159i vy\u0161et\u0159ovan\u00ed z n\u00e1siln\u00e9ho zastra\u0161ov\u00e1n\u00ed sv\u00e9 obchodn\u00ed konkurence. V\u011bru skv\u011bl\u00ed spole\u010dn\u00edci pro diverzifikaci rodinn\u00fdch \u00faspor!<\/p>\n<p>V\u0161ichni si tak\u00e9 pamatujeme, \u017ee Petr Fiala z\u00edskal za p\u011bt let \u00farok ve v\u00fd\u0161i 256 korun, za p\u011bt let, kdy m\u011bl v kampeli\u010dce ulo\u017een t\u00e9m\u011b\u0159 milion korun. Dv\u011b st\u011b pades\u00e1t \u0161est korun! Vpravd\u011b skv\u011bl\u00e1 vizitka ekonomick\u00e9 kompetence p\u0159edsedy vl\u00e1dy, kter\u00fd zcela v\u00e1\u017en\u011b hovo\u0159\u00ed o z\u00e1chran\u011b ve\u0159ejn\u00fdch financ\u00ed cel\u00e9 zem\u011b.<\/p>\n<p>Ale \u017eerty stranou. Od pond\u011bl\u00ed zn\u00e1me odpov\u011b\u010f. V kampeli\u010dce se podle \u010cesk\u00e9 n\u00e1rodn\u00ed banky praly \u0161pinav\u00e9 pen\u00edze. To u\u017e neomluv\u00edte t\u00edm, \u017ee si popleten\u00fd profesor nedok\u00e1\u017ee spo\u010d\u00edtat \u00farok. Kampeli\u010dka je od pond\u011bl\u00ed gigantick\u00fd probl\u00e9m cel\u00e9 ODS a cel\u00e9 vl\u00e1dy. Jde o organizovan\u00fd zlo\u010din, o skryt\u00e9 financov\u00e1n\u00ed politick\u00e9 strany a kampan\u011b Petra Fialy p\u0159es jeho institut Prav\u00fd b\u0159eh a think-tank New Direction, o 670 milion\u016f korun vynesen\u00fdch z kampeli\u010dky v igelitk\u00e1ch, kdy \u010d\u00e1st z nich m\u011bla j\u00edt na zbran\u011b na Ukrajinu, ale hlavn\u011b jde o pran\u00ed \u0161pinav\u00fdch pen\u011bz. V\u00edte, co znamen\u00e1, d\u00e1my a p\u00e1nov\u00e9, pran\u00ed \u0161pinav\u00fdch pen\u011bz ve spojitosti s premi\u00e9rem? Znamen\u00e1 to hrozbu pro celou zemi.<\/p>\n<p>A p\u0159esta\u0148me se pros\u00edm tv\u00e1\u0159it, \u017ee Petr Fiala byl jen jedn\u00edm z nespo\u010dtu drobn\u00fdch st\u0159\u00e1dal\u016f ve slovutn\u00e9 bankovn\u00ed instituci. Devades\u00e1t dev\u011bt dru\u017estevn\u00edk\u016f jsou t\u0159i t\u0159\u00eddy na gymn\u00e1ziu, jeden vchod v panelov\u00e9m dom\u011b. To nen\u00ed anonymn\u00ed dav, to je \u00fazk\u00e9 spole\u010denstv\u00ed, a j\u00e1 se proto pt\u00e1m: Jak se v\u016fbec ve st\u00ednu sv\u00e9ho takto zapleten\u00e9ho premi\u00e9ra opova\u017eujete vyj\u00edt ven p\u0159ed Sn\u011bmovnu a \u0159\u00edkat lidem n\u011bco o spravedlnosti, d\u016fv\u011b\u0159e, poctivosti nebo pr\u00e1vn\u00edm st\u00e1t\u011b? A jak se v\u016fbec opova\u017eujete tuto kauzu p\u0159ehl\u00ed\u017eet a doufat, \u017ee vy\u0161um\u00ed do ztracena?\u201c<\/p>\n<p><em>Tolik tedy Alena Schillerov\u00e1. Dlu\u017eno podotknout, \u017ee ani jej\u00ed poslaneck\u00e9 vystoupen\u00ed nevyvolalo u sd\u011blovac\u00edch prost\u0159edk\u016f podstatn\u00fd z\u00e1jem. A\u017e je t\u0159eba zva\u017eovat, zda postup mainstreamov\u00fdch m\u00e9di\u00ed nen\u00ed vlastn\u011b mo\u017en\u00e9 ozna\u010dit jako dezinforma\u010dn\u00ed. \u00a0&#8222;Fialova&#8220; kampeli\u010dka prala \u0161pinav\u00e9 pen\u00edze a p\u0159i\u0161la o licenci, o tom rozhodla \u010cesk\u00e1 n\u00e1rodn\u00ed banka. \u00a0P\u0159ijde i Petr Fiala o &#8222;licenci&#8220;? O tom rozhodnou voli\u010di. Pokud budou informov\u00e1ni. Zat\u00edm vystoupen\u00ed Aleny Schillerov\u00e9 koluje internetem jako stenoz\u00e1znam nebo odkaz na str\u00e1nky Poslaneck\u00e9 sn\u011bmovny.<\/em><\/p>\n<p><a href=\"https:\/\/vasevec.info\/blogy\/fialova-kampelicka-prala-spinave-penize-prisla-o-licenci-prijde-i-fiala-o-licenci\">Gustav Svoboda<\/a><\/p>\n<p>&nbsp;<\/p>\n","protected":false},"excerpt":{"rendered":"<p>Uplynul t\u00fdden od vystoupen\u00ed poslankyn\u011b Poslaneck\u00e9 sn\u011bmovny Aleny Schillerov\u00e9, kter\u00e1 na sn\u011bmovn\u00ed sch\u016fzi vyj\u00e1d\u0159ila k&#8230;<\/p>\n","protected":false},"author":2,"featured_media":70170,"comment_status":"closed","ping_status":"closed","sticky":false,"template":"","format":"standard","meta":[],"categories":[6],"tags":[7068,1503,90,535],"_links":{"self":[{"href":"https:\/\/www.infokuryr.cz\/n\/wp-json\/wp\/v2\/posts\/70935"}],"collection":[{"href":"https:\/\/www.infokuryr.cz\/n\/wp-json\/wp\/v2\/posts"}],"about":[{"href":"https:\/\/www.infokuryr.cz\/n\/wp-json\/wp\/v2\/types\/post"}],"author":[{"embeddable":true,"href":"https:\/\/www.infokuryr.cz\/n\/wp-json\/wp\/v2\/users\/2"}],"replies":[{"embeddable":true,"href":"https:\/\/www.infokuryr.cz\/n\/wp-json\/wp\/v2\/comments?post=70935"}],"version-history":[{"count":1,"href":"https:\/\/www.infokuryr.cz\/n\/wp-json\/wp\/v2\/posts\/70935\/revisions"}],"predecessor-version":[{"id":70936,"href":"https:\/\/www.infokuryr.cz\/n\/wp-json\/wp\/v2\/posts\/70935\/revisions\/70936"}],"wp:featuredmedia":[{"embeddable":true,"href":"https:\/\/www.infokuryr.cz\/n\/wp-json\/wp\/v2\/media\/70170"}],"wp:attachment":[{"href":"https:\/\/www.infokuryr.cz\/n\/wp-json\/wp\/v2\/media?parent=70935"}],"wp:term":[{"taxonomy":"category","embeddable":true,"href":"https:\/\/www.infokuryr.cz\/n\/wp-json\/wp\/v2\/categories?post=70935"},{"taxonomy":"post_tag","embeddable":true,"href":"https:\/\/www.infokuryr.cz\/n\/wp-json\/wp\/v2\/tags?post=70935"}],"curies":[{"name":"wp","href":"https:\/\/api.w.org\/{rel}","templated":true}]}}