{"id":70904,"date":"2025-01-25T00:35:29","date_gmt":"2025-01-24T23:35:29","guid":{"rendered":"https:\/\/www.infokuryr.cz\/n\/?p=70904"},"modified":"2025-01-24T12:37:37","modified_gmt":"2025-01-24T11:37:37","slug":"nenavidim-francouze-a-francii-alziran-odsouzen-k-5-letum-vezeni-pote-co-ponicil-pamatnik-obetem-teroru","status":"publish","type":"post","link":"https:\/\/www.infokuryr.cz\/n\/2025\/01\/25\/nenavidim-francouze-a-francii-alziran-odsouzen-k-5-letum-vezeni-pote-co-ponicil-pamatnik-obetem-teroru\/","title":{"rendered":"\u201eNen\u00e1vid\u00edm Francouze a Francii\u201c \u2013 Al\u017e\u00ed\u0159an odsouzen k 5 let\u016fm v\u011bzen\u00ed pot\u00e9, co poni\u010dil pam\u00e1tn\u00edk ob\u011btem teroru"},"content":{"rendered":"<div id=\"fb-root\"><\/div>\n<h3 class=\"s-tagline fw-tagline\">Mauranne Harel a Laura Paumie byly zavra\u017ed\u011bny tunisk\u00fdm st\u00e1tn\u00edm p\u0159\u00edslu\u0161n\u00edkem v roce 2017 a nyn\u00ed byl odsouzen Al\u017e\u00ed\u0159an za znehodnocen\u00ed jejich pam\u00e1tn\u00edku<\/h3>\n<div class=\"entry-content rbct clearfix is-highlight-shares\">\n<p>Francouzsko-al\u017e\u00edrsk\u00fd mu\u017e byl odsouzen k p\u011bti let\u016fm v\u011bzen\u00ed za vandalsk\u00e9 po\u0161kozen\u00ed pam\u00e1tn\u00edku dvou mlad\u00fdch ob\u011bt\u00ed teroristick\u00e9ho \u00fatoku, kter\u00fd v roce 2017 provedl tunisk\u00fd migrant.<\/p>\n<p>Na pam\u00e1tn\u00edk, kter\u00fd se nach\u00e1z\u00ed na vlakov\u00e9m n\u00e1dra\u017e\u00ed St. Charles v Marseille, za\u00fato\u010dil 10. listopadu 2024 43let\u00fd bezdomovec Maamar Ifrah. Mu\u017e za\u00fato\u010dil na pam\u011btn\u00ed desku p\u0159ipom\u00ednaj\u00edc\u00ed teroristick\u00fd \u00fatok z 1. \u0159\u00edjna 2017 na vlakov\u00e9m n\u00e1dra\u017e\u00ed St. Charles, p\u0159i kter\u00e9m byly Mauranne Harel a Laura Paumier ubod\u00e1ny k smrti tunisk\u00fdm st\u00e1tn\u00edm p\u0159\u00edslu\u0161n\u00edkem. Ifrah odtrhl plaketu, sp\u00e1lil z\u00e1kladnu, kter\u00e1 ji podp\u00edrala, a strhla francouzskou vlajku. Ud\u00e1lost vyvolala v Marseille pobou\u0159en\u00ed.<\/p>\n<p>Deska byla vzty\u010dena v bl\u00edzkosti v\u011bt\u0161\u00edho pam\u00e1tn\u00edku p\u0159ipom\u00ednaj\u00edc\u00edho p\u0159\u00edm\u011b\u0159\u00ed prvn\u00ed sv\u011btov\u00e9 v\u00e1lky.<\/p>\n<p>Po sv\u00e9m zat\u010den\u00ed o n\u011bkolik hodin pozd\u011bji Ifrah \u0159ekl policii: \u201eNen\u00e1vid\u00edm Francouze a Francii, proto\u017ee napadli mou zemi. Narodil se v Al\u017e\u00edru v roce 1980 a francouzsk\u00e9 ob\u010danstv\u00ed z\u00edskal v roce 1992, podle zpr\u00e1vy francouzsk\u00e9ho m\u00e9dia\u00a0<a href=\"https:\/\/www.valeursactuelles.com\/clubvaleurs\/societe\/marseille-maamar-ifrah-condamne-apres-avoir-vandalise-la-stele-des-victimes-de-lattentat-de-la-gare-saint-charles\">Valuers Actuelles<\/a>\u00a0.<\/p>\n<p>V rozhovoru pro BFMTV matka Laury Paumier \u0159ekla, \u017ee poni\u010den\u00fd pam\u00e1tn\u00edk \u201eje skand\u00e1l, je to \u0161ok\u201c.<\/p>\n<div class=\"twitter-tweet twitter-tweet-rendered\"><iframe id=\"twitter-widget-0\" class=\"\" title=\"P\u0159\u00edsp\u011bvek X\" src=\"https:\/\/platform.twitter.com\/embed\/Tweet.html?creatorScreenName=RMXnews&amp;dnt=false&amp;embedId=twitter-widget-0&amp;features=eyJ0ZndfdGltZWxpbmVfbGlzdCI6eyJidWNrZXQiOltdLCJ2ZXJzaW9uIjpudWxsfSwidGZ3X2ZvbGxvd2VyX2NvdW50X3N1bnNldCI6eyJidWNrZXQiOnRydWUsInZlcnNpb24iOm51bGx9LCJ0ZndfdHdlZXRfZWRpdF9iYWNrZW5kIjp7ImJ1Y2tldCI6Im9uIiwidmVyc2lvbiI6bnVsbH0sInRmd19yZWZzcmNfc2Vzc2lvbiI6eyJidWNrZXQiOiJvbiIsInZlcnNpb24iOm51bGx9LCJ0ZndfZm9zbnJfc29mdF9pbnRlcnZlbnRpb25zX2VuYWJsZWQiOnsiYnVja2V0Ijoib24iLCJ2ZXJzaW9uIjpudWxsfSwidGZ3X21peGVkX21lZGlhXzE1ODk3Ijp7ImJ1Y2tldCI6InRyZWF0bWVudCIsInZlcnNpb24iOm51bGx9LCJ0ZndfZXhwZXJpbWVudHNfY29va2llX2V4cGlyYXRpb24iOnsiYnVja2V0IjoxMjA5NjAwLCJ2ZXJzaW9uIjpudWxsfSwidGZ3X3Nob3dfYmlyZHdhdGNoX3Bpdm90c19lbmFibGVkIjp7ImJ1Y2tldCI6Im9uIiwidmVyc2lvbiI6bnVsbH0sInRmd19kdXBsaWNhdGVfc2NyaWJlc190b19zZXR0aW5ncyI6eyJidWNrZXQiOiJvbiIsInZlcnNpb24iOm51bGx9LCJ0ZndfdXNlX3Byb2ZpbGVfaW1hZ2Vfc2hhcGVfZW5hYmxlZCI6eyJidWNrZXQiOiJvbiIsInZlcnNpb24iOm51bGx9LCJ0ZndfdmlkZW9faGxzX2R5bmFtaWNfbWFuaWZlc3RzXzE1MDgyIjp7ImJ1Y2tldCI6InRydWVfYml0cmF0ZSIsInZlcnNpb24iOm51bGx9LCJ0ZndfbGVnYWN5X3RpbWVsaW5lX3N1bnNldCI6eyJidWNrZXQiOnRydWUsInZlcnNpb24iOm51bGx9LCJ0ZndfdHdlZXRfZWRpdF9mcm9udGVuZCI6eyJidWNrZXQiOiJvbiIsInZlcnNpb24iOm51bGx9fQ%3D%3D&amp;frame=false&amp;hideCard=false&amp;hideThread=false&amp;id=1856258999525449986&amp;lang=cs&amp;origin=https%3A%2F%2Frmx.news%2Farticle%2Fi-hate-the-french-and-france-algerian-man-sentenced-to-5-years-in-prison-after-vandalizing-memorial-to-terror-victims%2F&amp;sessionId=52373dab05faac0875eb34d6056c2d0c50fb977f&amp;theme=light&amp;widgetsVersion=2615f7e52b7e0%3A1702314776716&amp;width=550px\" frameborder=\"0\" scrolling=\"no\" allowfullscreen=\"allowfullscreen\" data-tweet-id=\"1856258999525449986\" data-mce-fragment=\"1\"><\/iframe><\/div>\n<p>Ifrah\u016fv pr\u00e1vn\u00edk se pokusil odd\u00e1lit proces pomoc\u00ed psychiatrick\u00fdch a psychologick\u00fdch posudk\u016f. Psychologov\u00e9 Ifrahovi nediagnostikovali du\u0161evn\u00ed chorobu a byl uzn\u00e1n zp\u016fsobil\u00fdm stanout p\u0159ed soudem, ale poznamenali, \u017ee ob\u017ealovan\u00fd \u201echce j\u00edt do psychiatrick\u00e9 l\u00e9\u010debny, aby se l\u00e9\u010dil\u201c.<\/p>\n<p>Ifrah b\u011bhem soudu \u0159ekl: \u201eNev\u00edm, co se mi stalo. Sly\u0161el jsem hlasy. Lituji, \u017ee jsem to ud\u011blal, a omlouv\u00e1m se.&#8220; \u0158ekl, \u017ee si nebyl v\u011bdom \u201eto byla deska pro ob\u011bti \u00fatok\u016f\u201c a dodal: \u201eSpal jsem venku u\u017e dlouho. Sly\u0161el jsem hlasy, ur\u00e1\u017eky. B\u00e1l jsem se sp\u00e1t venku.&#8220;<\/p>\n<p>Policie tak\u00e9 v jeho telefonu na\u0161la v historii vyhled\u00e1v\u00e1n\u00ed v\u00fdrazy jako \u201ev\u00fdbu\u0161niny\u201c, \u201egay\u201c, \u201eMarseille\u201c a \u201ePa\u0159\u00ed\u017e\u201c.<\/p>\n<p>&#8222;Napsal jsem &#8218;v\u00fdbu\u0161n\u00fd materi\u00e1l&#8216;, abych se pod\u00edval, to je v\u0161e,&#8220; \u0159ekl. &#8222;U\u017e m\u011b to nezaj\u00edm\u00e1. Ne \u017ee by m\u011b to zaj\u00edmalo, ale sly\u0161el jsem hlasy.\u201c<\/p>\n<p>Porotci tak\u00e9 poznamenali, \u017ee Maamar Ifrah podnikl v m\u011bs\u00edc\u00edch p\u0159ed ud\u00e1lostmi \u0159adu cest tam a zp\u011bt b\u011bhem t\u0159\u00eddenn\u00edch obdob\u00ed do Pa\u0159\u00ed\u017ee, ale \u0159ekl, \u017ee hledal pr\u00e1ci a nepl\u00e1noval \u00fatok.<\/p>\n<p>Prokur\u00e1torka po\u017eadovala p\u011bt let v\u011bzen\u00ed, \u201eproto\u017ee nechce, aby byl pan Ifra venku s \u010diny, kter\u00e9 sp\u00e1chal, a osobnost\u00ed, kterou m\u00e1\u201c.<\/p>\n<p>Soudce souhlasil a ulo\u017eil Ifrahovi p\u011btilet\u00fd trest s odkladem na dva roky. Je tak\u00e9 povinen vyhledat l\u00e9\u010dbu du\u0161evn\u00edho zdrav\u00ed a zaplatit pokutu 500 EUR.<\/p>\n<div class=\"twitter-tweet twitter-tweet-rendered\"><img decoding=\"async\" loading=\"lazy\" class=\"alignnone size-full wp-image-1185\" src=\"http:\/\/www.infokuryr.cz\/n\/wp-content\/uploads\/2021\/04\/kuryr-podpis.png\" alt=\"\" width=\"84\" height=\"24\" \/><\/div>\n<div><\/div>\n<\/div>\n<div class=\"entry-bottom\">\n<div id=\"text-3\" class=\"widget entry-widget clearfix widget_text\">\n<div class=\"textwidget\">\n<div class=\"related-sec related-5\">\n<div class=\"inner\">\n<div class=\"block-h heading-layout-5\">\n<div class=\"heading-inner\"><\/div>\n<\/div>\n<\/div>\n<\/div>\n<\/div>\n<\/div>\n<\/div>\n","protected":false},"excerpt":{"rendered":"<p>Mauranne Harel a Laura Paumie byly zavra\u017ed\u011bny tunisk\u00fdm st\u00e1tn\u00edm p\u0159\u00edslu\u0161n\u00edkem v roce 2017 a nyn\u00ed&#8230;<\/p>\n","protected":false},"author":2,"featured_media":70905,"comment_status":"closed","ping_status":"closed","sticky":false,"template":"","format":"standard","meta":[],"categories":[7],"tags":[7692,130,520,2703],"_links":{"self":[{"href":"https:\/\/www.infokuryr.cz\/n\/wp-json\/wp\/v2\/posts\/70904"}],"collection":[{"href":"https:\/\/www.infokuryr.cz\/n\/wp-json\/wp\/v2\/posts"}],"about":[{"href":"https:\/\/www.infokuryr.cz\/n\/wp-json\/wp\/v2\/types\/post"}],"author":[{"embeddable":true,"href":"https:\/\/www.infokuryr.cz\/n\/wp-json\/wp\/v2\/users\/2"}],"replies":[{"embeddable":true,"href":"https:\/\/www.infokuryr.cz\/n\/wp-json\/wp\/v2\/comments?post=70904"}],"version-history":[{"count":0,"href":"https:\/\/www.infokuryr.cz\/n\/wp-json\/wp\/v2\/posts\/70904\/revisions"}],"wp:featuredmedia":[{"embeddable":true,"href":"https:\/\/www.infokuryr.cz\/n\/wp-json\/wp\/v2\/media\/70905"}],"wp:attachment":[{"href":"https:\/\/www.infokuryr.cz\/n\/wp-json\/wp\/v2\/media?parent=70904"}],"wp:term":[{"taxonomy":"category","embeddable":true,"href":"https:\/\/www.infokuryr.cz\/n\/wp-json\/wp\/v2\/categories?post=70904"},{"taxonomy":"post_tag","embeddable":true,"href":"https:\/\/www.infokuryr.cz\/n\/wp-json\/wp\/v2\/tags?post=70904"}],"curies":[{"name":"wp","href":"https:\/\/api.w.org\/{rel}","templated":true}]}}