{"id":70902,"date":"2025-01-25T00:35:00","date_gmt":"2025-01-24T23:35:00","guid":{"rendered":"https:\/\/www.infokuryr.cz\/n\/?p=70902"},"modified":"2025-01-24T10:42:28","modified_gmt":"2025-01-24T09:42:28","slug":"sok-pro-ridice-baterie-e-skutru-exploduje-v-kufru-behem-jizdy","status":"publish","type":"post","link":"https:\/\/www.infokuryr.cz\/n\/2025\/01\/25\/sok-pro-ridice-baterie-e-skutru-exploduje-v-kufru-behem-jizdy\/","title":{"rendered":"\u0160ok pro \u0159idi\u010de: Baterie E-sk\u00fatru exploduje v kufru b\u011bhem j\u00edzdy"},"content":{"rendered":"<div id=\"fb-root\"><\/div>\n<p><strong><span>\u0160ok pro \u0159idi\u010dku z Kleinmachnow v Braniborsku: jej\u00ed kombi za j\u00edzdy vzpl\u00e1lo. D\u016fvodem byla baterie e-sk\u00fatru, kter\u00e1\u00a0<\/span><a href=\"https:\/\/www.bild.de\/regional\/berlin\/voellig-ausgebrannt-batterie-von-e-roller-explodiert-im-familienauto-678e4f2288f1a03371cf4e7b\"><span>explodovala<\/span><\/a><span>\u00a0v kufru auta . Neuv\u011b\u0159iteln\u00e9: Po ztr\u00e1t\u011b vozidla &#8211; kdo uhrad\u00ed \u0161kodu, zat\u00edm nen\u00ed jasn\u00e9 &#8211; je s n\u00ed zach\u00e1zeno jako s vin\u00edkem a nyn\u00ed m\u00e1 uklidit m\u00edsto po\u017e\u00e1ru.<\/span><\/strong><\/p>\n<p><span>V ned\u011bli ve\u010der \u017eena (40) z vozidla Kleinmachnow ve velmi kr\u00e1tk\u00e9 dob\u011b zcela sho\u0159ela pot\u00e9, co se z baterie e-sk\u00fatru, kter\u00fd pat\u0159\u00ed jej\u00edm dv\u011bma syn\u016fm, nejprve za\u010dalo kou\u0159it v kufru a pot\u00e9, o necel\u00fdch 20 sekund pozd\u011bji , explodoval.\u00a0<\/span><strong><span>&#8222;Mohla jsem b\u00fdt mrtv\u00e1,&#8220; \u0159ekla BILDu.<\/span><\/strong><\/p>\n<p><span>Vyjmut\u00e1 baterie byla v aut\u011b, proto\u017ee m\u011bla b\u00fdt v pond\u011bl\u00ed odvezena do recykla\u010dn\u00edho centra. D\u016fvodem byla svol\u00e1vac\u00ed akce ze strany internetov\u00e9ho prodejce kv\u016fli vadn\u00fdm bateri\u00edm. Spole\u010dnost doporu\u010dila sv\u00fdm z\u00e1kazn\u00edk\u016fm, aby vadn\u00e9 baterie bu\u010f zlikvidovali, nebo vr\u00e1tili. Kupuj\u00edc\u00ed tak\u00e9 dostali n\u00e1vod, jak baterie vyjmout a bezpe\u010dn\u011b ulo\u017eit, co\u017e nyn\u00ed \u010dty\u0159ic\u00e1tn\u00edk opr\u00e1vn\u011bn\u011b kritizuje:\u00a0<\/span><strong><span>\u201eJak se m\u016f\u017ee spole\u010dnost spol\u00e9hat na laiky, jako jsme my, u tak nebezpe\u010dn\u00e9ho p\u0159edm\u011btu? Pro\u010d to neud\u011blali odborn\u00edci, kte\u0159\u00ed v\u011bd\u011bli, co d\u011blaj\u00ed?&#8220;<\/span><\/strong><\/p>\n<p><span>V\u00fd\u0161e \u0161kody ani kdo ji zaplat\u00ed, zat\u00edm nen\u00ed objasn\u011bno. Poji\u0161\u0165ovna \u017eeny, kter\u00e1 zat\u00edm takov\u00fd p\u0159\u00edpad nem\u011bla, st\u00e1le prov\u011b\u0159uje, stejn\u011b jako online prodejce, kter\u00fd e-kolob\u011b\u017eku prodal.<\/span><\/p>\n<h3 id=\"h-ermittlungen-opfer-soll-sich-um-entsorgung-und-reinigung-kummern\" class=\"wp-block-heading\"><span style=\"font-size: 18pt;\">P\u0159i vy\u0161et\u0159ov\u00e1n\u00ed by se ob\u011b\u0165 m\u011bla postarat o likvidaci a \u010di\u0161t\u011bn\u00ed<\/span><\/h3>\n<p><strong><span>Policie\u00a0<\/span><a href=\"https:\/\/polizei.brandenburg.de\/pressemeldung\/auto-in-brand-geraten\/5378083\"><span>vy\u0161et\u0159uje<\/span><\/a><span> p\u00e1len\u00ed z nedbalosti. Aby toho nebylo m\u00e1lo, \u017eena se m\u00e1 postarat o likvidaci vyho\u0159el\u00e9ho vozidla a \u00faklid sp\u00e1leniny na ulici \u2013 a to je\u0161t\u011b zaplatit.<\/span><\/strong><\/p>\n<p><span>\u201ePolicie mi \u0159ekla, \u017ee mus\u00edm sv\u00e9 oho\u0159el\u00e9 vozidlo co nejrychleji odstranit. To, \u017ee jsem musel \u010distit i sp\u00e1len\u00e9 m\u00edsto, m\u011b pon\u011bkud p\u0159ekvapilo.\u00a0<\/span><strong><span>Jako by to byla moje chyba,\u201c \u0159ekla\u00a0<\/span><a href=\"https:\/\/www.bild.de\/regional\/berlin\/e-roller-in-auto-in-flammen-mutter-muss-nach-brand-selbst-aufraeumen-6790adc7b45d4d1aa840e388\"><span>BILDu.<\/span><\/a><\/strong><span>\u00a0O odvoz se postarala alespo\u0148 poji\u0161\u0165ovna.<\/span><\/p>\n<p><span>Dvojn\u00e1sobnou maminku t\u011b\u0161\u00ed hlavn\u011b to, \u017ee v aut\u011b nebyli jej\u00ed synov\u00e9 a v byt\u011b nevybuchla baterie &#8211; rodina bydl\u00ed v \u010din\u017eovn\u00edm dom\u011b.<\/span><\/p>\n<p><span>Lithium-iontov\u00e9 baterie se obvykle instaluj\u00ed do elektrokolob\u011b\u017eek, elektrokol a elektroaut. Obsahuj\u00ed kov lithium, kter\u00fd je vysoce ho\u0159lav\u00fd. V\u017edy existuje ur\u010dit\u00e9 riziko po\u017e\u00e1ru, kter\u00e9 se zvy\u0161uje v p\u0159\u00edpad\u011b po\u0161kozen\u00ed lithium-iontov\u00e9 baterie. Za ur\u010dit\u00fdch podm\u00ednek mohou tyto baterie tak\u00e9 explodovat, jak se stalo v tomto p\u0159\u00edpad\u011b.\u00a0<\/span><strong><span>Skute\u010dnost, \u017ee jako kupuj\u00edc\u00ed a vlastn\u00edk pak dostanete pen\u00edze, je v\u00fdznamn\u00e1 a znovu odhaluje zelenou transformaci. Jak m\u016f\u017ee e-mobilita, kter\u00e1 zjevn\u011b nen\u00ed pln\u011b rozvinut\u00e1 a je extr\u00e9mn\u011b nebezpe\u010dn\u00e1 v prav\u00e9m slova smyslu, b\u00fdt technologi\u00ed budoucnosti?<\/span><\/strong><\/p>\n<p><img decoding=\"async\" loading=\"lazy\" class=\"alignnone size-full wp-image-1185\" src=\"http:\/\/www.infokuryr.cz\/n\/wp-content\/uploads\/2021\/04\/kuryr-podpis.png\" alt=\"\" width=\"84\" height=\"24\" \/><\/p>\n<p>&nbsp;<\/p>\n","protected":false},"excerpt":{"rendered":"<p>\u0160ok pro \u0159idi\u010dku z Kleinmachnow v Braniborsku: jej\u00ed kombi za j\u00edzdy vzpl\u00e1lo. D\u016fvodem byla baterie&#8230;<\/p>\n","protected":false},"author":2,"featured_media":70903,"comment_status":"closed","ping_status":"closed","sticky":false,"template":"","format":"standard","meta":[],"categories":[7],"tags":[583,84,300],"_links":{"self":[{"href":"https:\/\/www.infokuryr.cz\/n\/wp-json\/wp\/v2\/posts\/70902"}],"collection":[{"href":"https:\/\/www.infokuryr.cz\/n\/wp-json\/wp\/v2\/posts"}],"about":[{"href":"https:\/\/www.infokuryr.cz\/n\/wp-json\/wp\/v2\/types\/post"}],"author":[{"embeddable":true,"href":"https:\/\/www.infokuryr.cz\/n\/wp-json\/wp\/v2\/users\/2"}],"replies":[{"embeddable":true,"href":"https:\/\/www.infokuryr.cz\/n\/wp-json\/wp\/v2\/comments?post=70902"}],"version-history":[{"count":0,"href":"https:\/\/www.infokuryr.cz\/n\/wp-json\/wp\/v2\/posts\/70902\/revisions"}],"wp:featuredmedia":[{"embeddable":true,"href":"https:\/\/www.infokuryr.cz\/n\/wp-json\/wp\/v2\/media\/70903"}],"wp:attachment":[{"href":"https:\/\/www.infokuryr.cz\/n\/wp-json\/wp\/v2\/media?parent=70902"}],"wp:term":[{"taxonomy":"category","embeddable":true,"href":"https:\/\/www.infokuryr.cz\/n\/wp-json\/wp\/v2\/categories?post=70902"},{"taxonomy":"post_tag","embeddable":true,"href":"https:\/\/www.infokuryr.cz\/n\/wp-json\/wp\/v2\/tags?post=70902"}],"curies":[{"name":"wp","href":"https:\/\/api.w.org\/{rel}","templated":true}]}}