{"id":70887,"date":"2025-01-24T07:25:14","date_gmt":"2025-01-24T06:25:14","guid":{"rendered":"https:\/\/www.infokuryr.cz\/n\/?p=70887"},"modified":"2025-01-24T07:25:14","modified_gmt":"2025-01-24T06:25:14","slug":"jiri-paroubek-silene-plany-polskeho-premiera-na-zbrojeni","status":"publish","type":"post","link":"https:\/\/www.infokuryr.cz\/n\/2025\/01\/24\/jiri-paroubek-silene-plany-polskeho-premiera-na-zbrojeni\/","title":{"rendered":"Ji\u0159\u00ed Paroubek: \u0160\u00edlen\u00e9 pl\u00e1ny polsk\u00e9ho premi\u00e9ra na zbrojen\u00ed"},"content":{"rendered":"<div id=\"fb-root\"><\/div>\n<p><strong>Polsk\u00fd premi\u00e9r Tusk, kter\u00e9ho jsem m\u011bl po jistou dobu za st\u0159\u00edzliv\u00e9ho a realistick\u00e9ho politika, nem\u00e1 z\u0159ejm\u011b v\u0161ech p\u011bt pohromad\u011b. Du\u0161evn\u00ed stav lid\u00ed a zejm\u00e9na politik\u016f se v pr\u016fb\u011bhu \u010dasu m\u011bn\u00ed. Sp\u00ed\u0161e v\u0161ak k hor\u0161\u00edmu.<\/strong><\/p>\n<p>A pro\u010d vlastn\u011b zpochyb\u0148uji du\u0161evn\u00ed stav sou\u010dasn\u00e9ho polsk\u00e9ho premi\u00e9ra? Polsko je v\u00a0sou\u010dasn\u00e9 dob\u011b p\u0159edsednickou zem\u00ed Evropsk\u00e9 unie. M\u00edsto toho, aby polsk\u00fd premi\u00e9r, jako sv\u00e9ho druhu do\u010dasn\u00e1 hlava EU ustanoven\u00fd pro prvn\u00ed polovinu roku 2025, m\u00edrnil komick\u00e9 n\u00e1pady americk\u00e9ho prezidenta, kter\u00fd se do\u017eaduje, aby st\u00e1ty NATO d\u00e1valy ka\u017edoro\u010dn\u011b na obranu finan\u010dn\u00ed ekvivalent 5% HDP, on tento extr\u00e9mistick\u00fd n\u00e1pad dokonce je\u0161t\u011b ve\u0159ejn\u011b podporuje. A to ne nap\u0159. v\u00a0rozhovoru pro n\u011bjak\u00e1 obskurn\u00ed m\u00e9dia, ale on tato slova pronesl p\u0159i\u00a0 sv\u00e9m projevu na p\u016fd\u011b Evropsk\u00e9ho parlamentu. Polsko, jak zn\u00e1mo, d\u00e1v\u00e1 na vojensk\u00e9 \u00fa\u010dely u\u017e 4% sv\u00e9ho HDP. Polsko se tak vrac\u00ed k \u201enejlep\u0161\u00edm\u201c l\u00e9t\u016fm sv\u00e9 meziv\u00e1le\u010dn\u00e9 politiky, kdy si tato zem\u011b hr\u00e1la na region\u00e1ln\u00ed velmoc. A tento jej\u00ed postoj vedl a\u017e ke katastrof\u00e1ln\u00ed por\u00e1\u017ece Polska od nacistick\u00e9ho N\u011bmecka v\u00a0z\u00e1\u0159\u00ed 1939. Dnes se polsk\u00e9 politick\u00e9 elity zab\u00fdvaj\u00ed, jak jinak, ruskou hrozbou a zbroj\u00ed a zbroj\u00ed. Kupuj\u00ed americk\u00fd \u0161rot, nab\u00edzej\u00ed Ameri\u010dan\u016fm um\u00edst\u011bn\u00ed vojensk\u00fdch z\u00e1kladen na sv\u00e9m \u00fazem\u00ed s\u00a0t\u00edm, \u017ee ve\u0161ker\u00e9 n\u00e1klady s\u00a0t\u00edm spojen\u00e9 budou Ameri\u010dan\u016fm platit.<\/p>\n<p>Dokonce i jinak v\u016f\u010di Ameri\u010dan\u016fm v\u017edy serviln\u00ed \u010desk\u00fd premi\u00e9r se vyj\u00e1d\u0159il nep\u0159\u00edmo v\u00a0tom smyslu, \u017ee 5% HDP na obranu je p\u0159\u00edli\u0161 a \u017ee bude usilovat o to, aby \u010cesko d\u00e1valo \u201ejen 3%\u201c, a to s postupn\u00fdm n\u00e1b\u011bhem\u00a0 do roku 2030. I ta 3% HDP by pro \u010deskou ekonomiku ale byla katastrofou. Zejm\u00e9na tehdy, pokud bude pokra\u010dovat stagnace \u010desk\u00e9ho hospod\u00e1\u0159stv\u00ed a tedy stagnace p\u0159\u00edjm\u016f st\u00e1tn\u00edho rozpo\u010dtu. Ta je, zd\u00e1 se, zcela nevyhnuteln\u00e1, nebo\u0165 po postaven\u00ed Trumpov\u00fdch celn\u00edch bari\u00e9r m\u016f\u017ee sv\u011bt zas\u00e1hnout ekonomick\u00e1 recese, kter\u00e1 se pochopiteln\u011b projev\u00ed p\u0159edev\u0161\u00edm v\u00a0ekonomik\u00e1ch postaven\u00fdch na exportu, jako je ekonomika \u010ceska.<\/p>\n<p>V\u00a0sou\u010dasn\u00e9 dob\u011b (rok 2025) jde na zbrojen\u00ed z\u00a0\u010desk\u00e9ho rozpo\u010dtu n\u011bco p\u0159es 150 miliard K\u010d. T\u0159i procenta z\u00a0HDP by znamenala,\u00a0 d\u00e1vat\u00a0 ze st\u00e1tn\u00edho rozpo\u010dtu zhruba o 80 miliard v\u00edce, ne\u017eli dosud a 5% HDP by znamenalo 400 miliard K\u010d (!).<\/p>\n<p>To by ve sv\u00fdch d\u016fsledc\u00edch vedlo k rozpadu \u010desk\u00e9ho soci\u00e1ln\u00edho st\u00e1tu. Nebylo by dostatek financ\u00ed na v\u00fddaje v\u00a0oblasti zdravotnictv\u00ed, \u0161kolstv\u00ed, v soci\u00e1ln\u00ed oblasti, na r\u016fst d\u016fchod\u016f i r\u016fst mezd ve\u0159ejn\u00fdch zam\u011bstnanc\u016f etc, etc. \u010cesk\u00e9 politick\u00e9 elity se mus\u00ed vzmu\u017eit a \u0159\u00edci Ameri\u010dan\u016fm, \u017ee si podobn\u00e9 rozpo\u010dtov\u00e9 rozma\u0159ilosti, kter\u00fdch se do\u017eaduje polsk\u00fd premi\u00e9r, prost\u011b nem\u016f\u017eeme dovolit. Tedy, pokud nechceme uvrhnout \u010desk\u00e9 obyvatelstvo do stavu chudoby. Snad abych to up\u0159esnil, jednalo by se nejm\u00e9n\u011b o dv\u011b t\u0159etiny \u010desk\u00e9ho obyvatelstva a to nejen z\u00a0n\u00edzkop\u0159\u00edjmov\u00fdch, ale tak\u00e9 ze st\u0159edn\u011b p\u0159\u00edjmov\u00fdch vrstev a skupin. Naopak zejm\u00e9na americk\u00fd vojensko-pr\u016fmyslov\u00fd komplex by m\u011bl \u017en\u011b&#8230;.<\/p>\n<p><a href=\"https:\/\/vasevec.info\/komentare\/silene-plany-polskeho-premiera-na-zbrojeni\">Ji\u0159\u00ed Paroubek<\/a><\/p>\n<p><img decoding=\"async\" loading=\"lazy\" class=\"alignnone size-medium wp-image-2342\" src=\"http:\/\/www.infokuryr.cz\/n\/wp-content\/uploads\/2021\/06\/paroubek-300x208.jpg\" alt=\"\" width=\"300\" height=\"208\" srcset=\"https:\/\/www.infokuryr.cz\/n\/wp-content\/uploads\/2021\/06\/paroubek-300x208.jpg 300w, https:\/\/www.infokuryr.cz\/n\/wp-content\/uploads\/2021\/06\/paroubek.jpg 318w\" sizes=\"(max-width: 300px) 100vw, 300px\" \/><\/p>\n<p>&nbsp;<\/p>\n","protected":false},"excerpt":{"rendered":"<p>Polsk\u00fd premi\u00e9r Tusk, kter\u00e9ho jsem m\u011bl po jistou dobu za st\u0159\u00edzliv\u00e9ho a realistick\u00e9ho politika, nem\u00e1&#8230;<\/p>\n","protected":false},"author":2,"featured_media":54407,"comment_status":"closed","ping_status":"closed","sticky":false,"template":"","format":"standard","meta":[],"categories":[6],"tags":[1503,1505,31,906,338],"_links":{"self":[{"href":"https:\/\/www.infokuryr.cz\/n\/wp-json\/wp\/v2\/posts\/70887"}],"collection":[{"href":"https:\/\/www.infokuryr.cz\/n\/wp-json\/wp\/v2\/posts"}],"about":[{"href":"https:\/\/www.infokuryr.cz\/n\/wp-json\/wp\/v2\/types\/post"}],"author":[{"embeddable":true,"href":"https:\/\/www.infokuryr.cz\/n\/wp-json\/wp\/v2\/users\/2"}],"replies":[{"embeddable":true,"href":"https:\/\/www.infokuryr.cz\/n\/wp-json\/wp\/v2\/comments?post=70887"}],"version-history":[{"count":0,"href":"https:\/\/www.infokuryr.cz\/n\/wp-json\/wp\/v2\/posts\/70887\/revisions"}],"wp:featuredmedia":[{"embeddable":true,"href":"https:\/\/www.infokuryr.cz\/n\/wp-json\/wp\/v2\/media\/54407"}],"wp:attachment":[{"href":"https:\/\/www.infokuryr.cz\/n\/wp-json\/wp\/v2\/media?parent=70887"}],"wp:term":[{"taxonomy":"category","embeddable":true,"href":"https:\/\/www.infokuryr.cz\/n\/wp-json\/wp\/v2\/categories?post=70887"},{"taxonomy":"post_tag","embeddable":true,"href":"https:\/\/www.infokuryr.cz\/n\/wp-json\/wp\/v2\/tags?post=70887"}],"curies":[{"name":"wp","href":"https:\/\/api.w.org\/{rel}","templated":true}]}}