{"id":70885,"date":"2025-01-24T04:40:28","date_gmt":"2025-01-24T03:40:28","guid":{"rendered":"https:\/\/www.infokuryr.cz\/n\/?p=70885"},"modified":"2025-01-24T04:40:28","modified_gmt":"2025-01-24T03:40:28","slug":"nejvyssi-ukrajinsky-general-vyzyva-k-cenzure","status":"publish","type":"post","link":"https:\/\/www.infokuryr.cz\/n\/2025\/01\/24\/nejvyssi-ukrajinsky-general-vyzyva-k-cenzure\/","title":{"rendered":"Nejvy\u0161\u0161\u00ed ukrajinsk\u00fd gener\u00e1l vyz\u00fdv\u00e1 k cenzu\u0159e"},"content":{"rendered":"<div id=\"fb-root\"><\/div>\n<p><span style=\"font-size: 18pt;\"><strong>Omezen\u00ed svobody tisku jsou nutn\u00e1 k ochran\u011b vojensk\u00fdch pl\u00e1n\u016f v informa\u010dn\u00edm v\u011bku, \u0159ekl gener\u00e1l Aleksandr Syrsky<\/strong><\/span><\/p>\n<p><span>Ukrajina pot\u0159ebuje zav\u00e9st cenzuru spojenou s obranou, \u0159ekl nejvy\u0161\u0161\u00ed vojensk\u00fd velitel zem\u011b gener\u00e1l Aleksandr Syrskij v rozhovoru pro Radio Bayraktar ve \u010dtvrtek. Omezen\u00ed by m\u011bla b\u00fdt zam\u011b\u0159ena na utajen\u00ed citliv\u00fdch informac\u00ed o jednotk\u00e1ch p\u0159ed nep\u0159\u00e1teli Kyjeva, navrhl gener\u00e1l a vysv\u011btlil, \u017ee k jak\u00fdmkoli informac\u00edm se dnes m\u016f\u017ee dostat kdokoli.<\/span><\/p>\n<p><span>Gener\u00e1l sv\u016fj n\u00e1vrh od\u016fvodnil\u00a0<\/span><em><span>\u201ezaveden\u00fdmi\u201c<\/span><\/em><span>\u00a0v\u00e1le\u010dn\u00fdmi praktikami, kter\u00e9 vyvstaly z\u00a0<\/span><em><span>\u201enutnosti\u201c,<\/span><\/em><span>\u00a0a dodal, \u017ee se nesna\u017e\u00ed poru\u0161ovat n\u011b\u010d\u00ed pr\u00e1va.\u00a0<\/span><em><span>\u201eNechci zav\u00e1d\u011bt diktaturu jako v Severn\u00ed Koreji. Nejsme prvn\u00ed, kdo vede v\u00e1lku\u2026 existuje ur\u010dit\u00fd stanoven\u00fd bal\u00ed\u010dek opat\u0159en\u00ed, kter\u00e1 jsou absolutn\u011b povinn\u00e1,\u201c<\/span><\/em><span>\u00a0\u0159ekl.<\/span><\/p>\n<p><span>Podle Syrsk\u00e9ho by n\u011bkter\u00e9\u00a0<\/span><em><span>\u201ecitliv\u00e9 informace\u201c,<\/span><\/em><span>\u00a0jako jsou trasy pochod\u016f r\u016fzn\u00fdch vojensk\u00fdch jednotek, m\u011bly b\u00fdt skryty p\u0159ed zraky ve\u0159ejnosti, zejm\u00e9na\u00a0<\/span><em><span>\u201enyn\u00ed, kdy je informa\u010dn\u00ed prostor p\u0159\u00edstupn\u00fd v\u0161em\u201c.<\/span><\/em><\/p>\n<p><span>Gener\u00e1l z\u00e1rove\u0148 \u0159ekl, \u017ee ve\u0159ejnost by m\u011bla b\u00fdt informov\u00e1na o\u00a0<\/span><em><span>\u201eskute\u010dn\u00e9 situaci\u201c,<\/span><\/em><span>\u00a0aby lid\u00e9\u00a0<\/span><em><span>\u201epochopili, \u017ee v\u00e1lka je bl\u00edzko\u201c<\/span><\/em><span>\u00a0a\u00a0<\/span><em><span>\u201emezi frontou a t\u00fdlem nen\u00ed tak ostr\u00fd rozd\u00edl\u201c.<\/span><\/em><\/p>\n<p><span>Kyjev ji\u017e brzy po vypuknut\u00ed konfliktu v \u00fanoru 2022 zavedl to, co nazval telemaratonem United News TV. Projekt je spole\u010dn\u00fd informa\u010dn\u00ed program 24 hodin denn\u011b, 7 dn\u00ed v t\u00fddnu produkovan\u00fd hlavn\u00edmi sd\u011blovac\u00edmi prost\u0159edky v zemi, kter\u00fd poskytuje zpravodajstv\u00ed b\u011bhem konfliktu.<\/span><\/p>\n<p><span>Telethon \u010delil kritice za potenci\u00e1ln\u00ed monopolizaci televizn\u00edho vys\u00edl\u00e1n\u00ed a potla\u010dov\u00e1n\u00ed nesouhlasu. N\u011bkter\u00e9 opozi\u010dn\u00ed kan\u00e1ly hl\u00e1sily vylou\u010den\u00ed z telethonu kv\u016fli jejich politick\u00fdm postoj\u016fm v roce 2023. V\u016fdce Vladimir Zelenskyj tak\u00e9\u00a0tent\u00fd\u017e rok otev\u0159en\u011b nazval telethon\u00a0<\/span><em><span>\u201ezbran\u00ed\u201c a dodal, \u017ee\u00a0<\/span><\/em><em><span>\u201efunguje pro Ukrajinu a proti Rusku\u201c.<\/span><\/em><\/p>\n<p><span>V \u0159\u00edjnu 2024 Evropsk\u00e1 komise ve sv\u00e9 v\u00fdro\u010dn\u00ed zpr\u00e1v\u011b o pokroku Ukrajiny sm\u011brem k p\u0159istoupen\u00ed k bloku zpochybnila provoz a ve\u0159ejn\u00e9 financov\u00e1n\u00ed telethonu. Kyjev tyto obavy zahnal. V roce 2024 utratila ukrajinsk\u00e1 vl\u00e1da na projekt zhruba 17 milion\u016f dolar\u016f a o\u010dek\u00e1v\u00e1 se, \u017ee do n\u011bj letos nalije pr\u00e1v\u011b tolik pen\u011bz.<\/span><\/p>\n<p><span>Kyjev tak\u00e9 opakovan\u011b zva\u017eoval omezen\u00ed nebo dokonce zablokov\u00e1n\u00ed platformy pro zas\u00edl\u00e1n\u00ed zpr\u00e1v Telegram s odkazem na obavy o n\u00e1rodn\u00ed bezpe\u010dnost. V b\u0159eznu 2024 ozna\u010dil \u0161\u00e9f n\u00e1rodn\u00ed vojensk\u00e9 rozv\u011bdky (GUR) Kirill Budanov Telegram za potenci\u00e1ln\u00ed hrozbu pro n\u00e1rodn\u00ed bezpe\u010dnost.<\/span><\/p>\n<p><img decoding=\"async\" loading=\"lazy\" class=\"alignnone size-full wp-image-1185\" src=\"http:\/\/www.infokuryr.cz\/n\/wp-content\/uploads\/2021\/04\/kuryr-podpis.png\" alt=\"\" width=\"84\" height=\"24\" \/><\/p>\n<p>&nbsp;<\/p>\n","protected":false},"excerpt":{"rendered":"<p>Omezen\u00ed svobody tisku jsou nutn\u00e1 k ochran\u011b vojensk\u00fdch pl\u00e1n\u016f v informa\u010dn\u00edm v\u011bku, \u0159ekl gener\u00e1l Aleksandr&#8230;<\/p>\n","protected":false},"author":2,"featured_media":52593,"comment_status":"closed","ping_status":"closed","sticky":false,"template":"","format":"standard","meta":[],"categories":[7],"tags":[63,7590,26,538],"_links":{"self":[{"href":"https:\/\/www.infokuryr.cz\/n\/wp-json\/wp\/v2\/posts\/70885"}],"collection":[{"href":"https:\/\/www.infokuryr.cz\/n\/wp-json\/wp\/v2\/posts"}],"about":[{"href":"https:\/\/www.infokuryr.cz\/n\/wp-json\/wp\/v2\/types\/post"}],"author":[{"embeddable":true,"href":"https:\/\/www.infokuryr.cz\/n\/wp-json\/wp\/v2\/users\/2"}],"replies":[{"embeddable":true,"href":"https:\/\/www.infokuryr.cz\/n\/wp-json\/wp\/v2\/comments?post=70885"}],"version-history":[{"count":0,"href":"https:\/\/www.infokuryr.cz\/n\/wp-json\/wp\/v2\/posts\/70885\/revisions"}],"wp:featuredmedia":[{"embeddable":true,"href":"https:\/\/www.infokuryr.cz\/n\/wp-json\/wp\/v2\/media\/52593"}],"wp:attachment":[{"href":"https:\/\/www.infokuryr.cz\/n\/wp-json\/wp\/v2\/media?parent=70885"}],"wp:term":[{"taxonomy":"category","embeddable":true,"href":"https:\/\/www.infokuryr.cz\/n\/wp-json\/wp\/v2\/categories?post=70885"},{"taxonomy":"post_tag","embeddable":true,"href":"https:\/\/www.infokuryr.cz\/n\/wp-json\/wp\/v2\/tags?post=70885"}],"curies":[{"name":"wp","href":"https:\/\/api.w.org\/{rel}","templated":true}]}}