{"id":7086,"date":"2021-12-24T04:56:05","date_gmt":"2021-12-24T03:56:05","guid":{"rendered":"http:\/\/www.infokuryr.cz\/n\/?p=7086"},"modified":"2021-12-24T04:56:05","modified_gmt":"2021-12-24T03:56:05","slug":"podle-danu-se-omikronu-bat-nemusite-je-to-jen-zasterka-neucinnosti-vakcin","status":"publish","type":"post","link":"https:\/\/www.infokuryr.cz\/n\/2021\/12\/24\/podle-danu-se-omikronu-bat-nemusite-je-to-jen-zasterka-neucinnosti-vakcin\/","title":{"rendered":"Podle D\u00e1n\u016f se omikronu b\u00e1t nemus\u00edte. Je to jen z\u00e1st\u011brka ne\u00fa\u010dinnosti vakc\u00edn"},"content":{"rendered":"<div id=\"fb-root\"><\/div>\n<p><span>Data o \u0161\u00ed\u0159en\u00ed varianty omikron z vysoce nao\u010dkovan\u00e9ho D\u00e1nska ukazuj\u00ed, \u017ee tato \u201enov\u00e1 varianta\u201c se vyu\u017e\u00edv\u00e1 pouze jako z\u00e1st\u011brka k p\u0159ekryt\u00ed selh\u00e1n\u00ed vakc\u00edn.<\/span><\/p>\n<p><span>D\u00e1nsk\u00e1 vl\u00e1da publikuje extr\u00e9mn\u011b podrobn\u00e9 \u00fadaje o infekc\u00edch a hospitalizac\u00edch na Covid-19 v zemi.\u00a0Ty zahrnuj\u00ed informace o p\u0159\u00edpadech zp\u016fsoben\u00fdch p\u016fvodn\u00edmi kmeny viru a tak\u00e9 variant, kter\u00e9 vznikly v d\u016fsledku o\u010dkov\u00e1n\u00ed jako delta \u010di omikron.<\/span><\/p>\n<h2><span>Co \u0159\u00edkaj\u00ed data<\/span><\/h2>\n<p><span>Podle dat se v\u011bt\u0161ina nov\u00fdch p\u0159\u00edpad\u016f Covid-19 v D\u00e1nsku objevila u pln\u011b o\u010dkovan\u00fdch nebo t\u011bch, kte\u0159\u00ed ji\u017e obdr\u017eeli t\u0159et\u00ed d\u00e1vku.\u00a0Plat\u00ed to tak pro omikron, jako ostatn\u00ed varianty.<\/span><\/p>\n<p><em><span>(Pozn\u00e1mka: V\u00fdvoj v D\u00e1nsku p\u0159esn\u011b potvrzuje to, co \u0159\u00edk\u00e1me u\u017e d\u00e1vno, nap\u0159\u00edklad v\u00a0\u00a0<\/span><a href=\"https:\/\/www.badatel.net\/pre-masove-ockovanie-proti-covid-19-rastu-pripady-vakcinami-vyvolaneho-aids\/\" target=\"_blank\" rel=\"noopener\"><span>tomto \u010dl\u00e1nku<\/span><\/a><span>\u00a0, \u017ee o\u010dkov\u00e1n\u00ed oslabuje imunitu a \u010din\u00ed \u010dlov\u011bka n\u00e1chyln\u011bj\u0161\u00edm k infekci.)<\/span><\/em><\/p>\n<p><span>76% p\u0159\u00edpad\u016f \u201eneomikronov\u00fdch\u201c infekc\u00ed Covid-19 v D\u00e1nsku jsou pln\u011b o\u010dkov\u00e1ni.\u00a0V p\u0159\u00edpad\u011b \u201eomikronov\u00fdch\u201c infekc\u00ed Covid-19 je pln\u011b o\u010dkov\u00e1no a\u017e 90% p\u0159\u00edpad\u016f!<\/span><\/p>\n<p><span>Krom\u011b toho, z v\u00edce ne\u017e 600 moment\u00e1ln\u011b hospitalizovan\u00fdch covidov\u00fdch pacient\u016f v D\u00e1nsku, jen 25% z nich bylo hospitalizov\u00e1no kv\u016fli variant\u011b omikron (\u00a0<\/span><a href=\"https:\/\/www.reuters.com\/world\/europe\/omicron-now-dominant-variant-denmark-health-minister-says-2021-12-21\/\" target=\"_blank\" rel=\"noopener\"><span>zdroj<\/span><\/a><span>\u00a0).\u00a0D\u00e1nsk\u00e9 \u00fa\u0159ady odm\u00edtly zve\u0159ejnit p\u0159esn\u011b \u010d\u00edslo omikronov\u00fdch pacient\u016f na JIS-k\u00e1ch, \u0159ekly jen, \u017ee je jich \u201em\u00e9n\u011b ne\u017e p\u011bt\u201c.<\/span><\/p>\n<p><span>Data tak\u00e9 ukazuj\u00ed, \u017ee lid\u00e9 infikovan\u00ed variantou omikron maj\u00ed mnohem men\u0161\u00ed \u0161anci hospitalizace ne\u017e ti, kte\u0159\u00ed jsou infikov\u00e1ni star\u0161\u00edmi variantami viru.\u00a0Toto je v souladu s t\u00edm, co ohledn\u011b omikronu hl\u00e1s\u00ed zdravotnick\u00e9 \u00fa\u0159ady v Ji\u017en\u00ed Africe.<\/span><\/p>\n<h2><span>D\u00e1nsk\u00e1 vl\u00e1da zneu\u017e\u00edv\u00e1 omikron k protla\u010dov\u00e1n\u00ed restrikc\u00ed<\/span><\/h2>\n<p><span>Navzdory d\u016fkaz\u016fm, \u017ee D\u00e1nov\u00e9 se omikronu nemus\u00ed b\u00e1t, ani toto nezastavilo vl\u00e1du, aby nezneu\u017eila rostouc\u00ed \u201enov\u00e9 p\u0159\u00edpady\u201c k zaveden\u00ed nov\u00fdch lockdown\u016f.<\/span><\/p>\n<p><span>Levicov\u00e1 premi\u00e9rka Mette Frederiksenov\u00e1 ohl\u00e1sila nov\u00e9 pandemick\u00e9 restrikce, kter\u00e9 za\u010daly platit od soboty 19. prosince 2021. Ve\u0159ejn\u011b p\u0159\u00edstupn\u00e1 m\u00edsta jako muzea, kina, koncertn\u00ed s\u00e1ly, z\u00e1bavn\u00ed parky a galerie p\u0159im\u011bly zav\u0159\u00edt.<\/span><\/p>\n<p><span>V\u0161echny dal\u0161\u00ed obchody men\u0161\u00ed ne\u017e 2000 metr\u016f \u010dtvere\u010dn\u00edch, v\u010detn\u011b restaurac\u00ed, mus\u00ed limitovat po\u010dty z\u00e1kazn\u00edk\u016f.\u00a0Nav\u00edc restaurace mus\u00ed zav\u0159\u00edt ve 23:00 hodin.<\/span><\/p>\n<p><em><span>(Pozn\u00e1mka: Sice v omezen\u00e9m re\u017eimu, ale D\u00e1nov\u00e9 maj\u00ed restaurace st\u00e1le otev\u0159en\u00e9, zat\u00edmco u n\u00e1s jsou ji\u017e t\u00e9m\u011b\u0159 m\u011bs\u00edc zcela uzav\u0159eny.)<\/span><\/em><\/p>\n<p><span>D\u00e1nsk\u00e1 vl\u00e1da tak\u00e9 doporu\u010duje limitovat n\u00e1v\u0161t\u011bvy b\u011bhem sv\u00e1tk\u016f a povzbuzuje v\u0161echny firmy a zam\u011bstnance, u kter\u00fdch to je mo\u017en\u00e9, pracovat z domova.\u00a0Podle premi\u00e9rky jde jen o \u010d\u00e1ste\u010dn\u00fd, ne \u00fapln\u00fd lockdown, kter\u00fd je nezbytn\u00fd pro zpomalen\u00ed \u0161\u00ed\u0159en\u00ed omikronu ve vysoce o\u010dkovan\u00e9 zemi.<\/span><\/p>\n<p><em><span>\u201eN\u00e1\u0161 c\u00edl je udr\u017eet velk\u00e9 segmenty spole\u010dnosti otev\u0159en\u00e9 natolik, nakolik to je mo\u017en\u00e9.<\/span><\/em><\/p>\n<p><em><span>Pot\u0159ebujeme omezit aktivitu.\u00a0V\u0161ichni mus\u00edme omezit sv\u00e9 soci\u00e1ln\u00ed kontakty.\u00a0Bylo by nezodpov\u011bdn\u00e9 nedoporu\u010dovat restrikce,\u201c\u00a0<\/span><\/em><span>\u00a0uvedl Dr.\u00a0Soren Brostrom, d\u00e1nsk\u00fd hlavn\u00ed hygienik.<\/span><\/p>\n<p><span>Uveden\u00e1 na\u0159\u00edzen\u00ed jsou dopl\u0148kem k ji\u017e existuj\u00edc\u00edm, jako je no\u0161en\u00ed rou\u0161ek ve ve\u0159ejn\u00e9 doprav\u011b a obchodech.<\/span><\/p>\n<p><span>Vl\u00e1da tak\u00e9 uva\u017euje o roz\u0161\u00ed\u0159en\u00ed povinnosti nosit rou\u0161ku na kostely a \u0161koly.<\/span><\/p>\n<p><em><span>(Pozn\u00e1mka: Tolik n\u00e1m d\u00e1vali za p\u0159\u00edklad vysokou proo\u010dkovanost D\u00e1nska a co z toho maj\u00ed? Za chv\u00edli na tom budou podobn\u011b jako my s n\u00edzkou proo\u010dkovanost\u00ed, mo\u017en\u00e1 je\u0161t\u011b h\u016f\u0159e, jeliko\u017e o\u010dkov\u00e1n\u00ed podle\u00a0<\/span><a href=\"https:\/\/www.badatel.net\/pre-masove-ockovanie-proti-covid-19-rastu-pripady-vakcinami-vyvolaneho-aids\/\"><span>posledn\u00edch informac\u00ed<\/span><\/a><span>\u00a0ni\u010d\u00ed imunitn\u00ed syst\u00e9m o\u010dkovanc\u016f.)<\/span><\/em><\/p>\n<p><span>Minul\u00fd rok bylo D\u00e1nsko jedno z prvn\u00edch evropsk\u00fdch zem\u00ed, kter\u00e9 zav\u0159elo \u0161koly a neesenci\u00e1ln\u00ed st\u00e1tn\u00ed \u00fa\u0159ady.\u00a0Tak\u00e9 bylo mezi prvn\u00edmi, kter\u00e9 omezilo soci\u00e1ln\u00ed akce (svatby, oslavy, diskot\u00e9ky a podobn\u011b).<\/span><\/p>\n<p><span>V z\u00e1\u0159\u00ed 2021 D\u00e1nsko prohl\u00e1silo, \u017ee Covid-19 ji\u017e v zemi nen\u00ed pova\u017eov\u00e1n za \u201esoci\u00e1ln\u011b kritick\u00e9 onemocn\u011bn\u00ed\u201c a \u017ee jejich vysok\u00e1 m\u00edra proo\u010dkovanosti jim pomohla dos\u00e1hnout t\u00e9to mety.<\/span><\/p>\n<h2><span>Z\u00e1v\u011br<\/span><\/h2>\n<p><span>Podle posledn\u00edch \u00fadaj\u016f je 80% D\u00e1n\u016f star\u0161\u00edch 5 let pln\u011b o\u010dkov\u00e1no, 84% lid\u00ed v t\u00e9to v\u011bkov\u00e9 kategorii dostalo alespo\u0148 jednu d\u00e1vku a 35% ji\u017e dostalo i t\u0159et\u00ed d\u00e1vku.<\/span><\/p>\n<p><span>Dnes, kdy\u017e jsou navzdory vysok\u00e9 p\u0159eo\u010dkovanosti hl\u00e1\u0161eny mnoh\u00e9 nov\u00e9 p\u0159\u00edpady infekce, je jasn\u00e9, \u017ee vakc\u00edny proti Covid-19 zemi p\u0159ed dal\u0161\u00edmi propuknut\u00edmi onemocn\u011bn\u00ed neochr\u00e1nily.<\/span><\/p>\n<p><span>Tak jak, p\u0159\u00e1tel\u00e9, p\u016fjdete se o\u010dkovat prvn\u00ed d\u00e1vkou?\u00a0Je st\u00e1le z\u0159ejm\u011bj\u0161\u00ed, \u017ee to nem\u00e1 velk\u00fd smysl.\u00a0P\u0159\u00ednosy \u017e\u00e1dn\u00e9, rizik plno.<\/span><\/p>\n<p><span>A co vy, kte\u0159\u00ed u\u017e m\u00e1te v sob\u011b dv\u011b d\u00e1vky?\u00a0Jste p\u0159ipraveni si donekone\u010dna, ka\u017ed\u00fdch 3 a\u017e 6 m\u011bs\u00edc\u016f, d\u00e1t p\u00edchnout \u201eposiluj\u00edc\u00ed d\u00e1vku\u201c a \u010dekat, kter\u00e1 z nich v\u00e1s nakonec zabije?<\/span><\/p>\n<p><span>My v tom m\u00e1me jasno: Ned\u011bkujeme, nepros\u00edme!<\/span><\/p>\n<p><span>Autor: Arsenio Toledo, Zdroj:\u00a0<\/span><a href=\"https:\/\/www.naturalnews.com\/2021-12-22-omicron-data-suggests-people-nothing-to-fear.html\" target=\"_blank\" rel=\"noopener\"><span>naturalnews.com<\/span><\/a><span>\u00a0, Zpracoval: Badatel.net<\/span><\/p>\n<p>&nbsp;<\/p>\n","protected":false},"excerpt":{"rendered":"<p>Data o \u0161\u00ed\u0159en\u00ed varianty omikron z vysoce nao\u010dkovan\u00e9ho D\u00e1nska ukazuj\u00ed, \u017ee tato \u201enov\u00e1 varianta\u201c se&#8230;<\/p>\n","protected":false},"author":2,"featured_media":7053,"comment_status":"closed","ping_status":"closed","sticky":false,"template":"","format":"standard","meta":[],"categories":[7],"tags":[593,500,1620,213,1518,651],"_links":{"self":[{"href":"https:\/\/www.infokuryr.cz\/n\/wp-json\/wp\/v2\/posts\/7086"}],"collection":[{"href":"https:\/\/www.infokuryr.cz\/n\/wp-json\/wp\/v2\/posts"}],"about":[{"href":"https:\/\/www.infokuryr.cz\/n\/wp-json\/wp\/v2\/types\/post"}],"author":[{"embeddable":true,"href":"https:\/\/www.infokuryr.cz\/n\/wp-json\/wp\/v2\/users\/2"}],"replies":[{"embeddable":true,"href":"https:\/\/www.infokuryr.cz\/n\/wp-json\/wp\/v2\/comments?post=7086"}],"version-history":[{"count":0,"href":"https:\/\/www.infokuryr.cz\/n\/wp-json\/wp\/v2\/posts\/7086\/revisions"}],"wp:featuredmedia":[{"embeddable":true,"href":"https:\/\/www.infokuryr.cz\/n\/wp-json\/wp\/v2\/media\/7053"}],"wp:attachment":[{"href":"https:\/\/www.infokuryr.cz\/n\/wp-json\/wp\/v2\/media?parent=7086"}],"wp:term":[{"taxonomy":"category","embeddable":true,"href":"https:\/\/www.infokuryr.cz\/n\/wp-json\/wp\/v2\/categories?post=7086"},{"taxonomy":"post_tag","embeddable":true,"href":"https:\/\/www.infokuryr.cz\/n\/wp-json\/wp\/v2\/tags?post=7086"}],"curies":[{"name":"wp","href":"https:\/\/api.w.org\/{rel}","templated":true}]}}