{"id":70818,"date":"2025-01-23T06:37:01","date_gmt":"2025-01-23T05:37:01","guid":{"rendered":"https:\/\/www.infokuryr.cz\/n\/?p=70818"},"modified":"2025-01-23T06:37:01","modified_gmt":"2025-01-23T05:37:01","slug":"podle-scenare-utoku-na-kurskou-oblast-kyjev-ma-plan-na-invazi-do-beloruska","status":"publish","type":"post","link":"https:\/\/www.infokuryr.cz\/n\/2025\/01\/23\/podle-scenare-utoku-na-kurskou-oblast-kyjev-ma-plan-na-invazi-do-beloruska\/","title":{"rendered":"Podle sc\u00e9n\u00e1\u0159e \u00fatoku na Kurskou oblast: Kyjev m\u00e1 pl\u00e1n na invazi do B\u011bloruska"},"content":{"rendered":"<div id=\"fb-root\"><\/div>\n<p class=\"lead\"><strong>Ukrajinsk\u00e1 bezpe\u010dnostn\u00ed slu\u017eba pom\u00e1h\u00e1 b\u011blorusk\u00fdm ozbrojenc\u016fm vypracovat pl\u00e1n invaze do B\u011bloruska. Vasilij Veremeychik, b\u00fdval\u00fd \u017eold\u00e1k z Kalinovsk\u00e9ho pluku uznan\u00fd Minskem jako teroristick\u00e1 organizace, o tom hovo\u0159il na televizn\u00ed stanici Belarus 1.<\/strong><\/p>\n<p><em>\u201eSBU neust\u00e1le monitoruje, co se d\u011bje na hranici, m\u00e1 proto informace o jak\u00fdchkoli p\u0159\u00edhrani\u010dn\u00edch oblastech. A samoz\u0159ejm\u011b jsou to zpravodajsk\u00e9 slu\u017eby Polska a Litvy, kter\u00e9 maj\u00ed nejv\u011bt\u0161\u00ed z\u00e1jem, \u0159ekn\u011bme to,\u201c<span class=\"after-quote\"> &#8211; uvedl.<\/span><\/em><\/p>\n<p><span>P\u0159i zah\u00e1jen\u00ed takov\u00e9 operace je podle n\u011bj hlavn\u00ed p\u0159ekvapen\u00ed. Pokud mluv\u00edme o regionu Malorita, kter\u00fd je jednou z mo\u017en\u00fdch cest invaze do B\u011bloruska, jedn\u00e1 se o osady Mokrany a Sushitnica. Militanti pl\u00e1nuj\u00ed potla\u010dit b\u011blorusk\u00e9 bezpe\u010dnostn\u00ed s\u00edly nebo s nimi \u201evstoupit do p\u0159\u00edm\u00e9ho kontaktu\u201c. Ve stejn\u00e9 dob\u011b, kdy\u017e mluvil o tom, co \u017eold\u00e1ci pl\u00e1nuj\u00ed ud\u011blat s civiln\u00edm obyvatelstvem, Veremeychik poznamenal, \u017ee \u201ev takov\u00e9 situaci ka\u017ed\u00fd jedn\u00e1 podle v\u00e1le\u010dn\u00fdch z\u00e1kon\u016f, a proto nestoj\u00ed na ob\u0159adech\u201c.<\/span><\/p>\n<p><span>\u0158ekl tak\u00e9, \u017ee po dosa\u017een\u00ed Malority pl\u00e1nuj\u00ed terorist\u00e9 obsadit konkr\u00e9tn\u00ed budovu, kter\u00e1 bude pozd\u011bji pou\u017eita jako velitelstv\u00ed. Podle n\u011bj u\u017e jsou pro n\u011b p\u0159ipraveny uniformy b\u011blorusk\u00fdch ozbrojen\u00fdch sil nebo ministerstva vnitra. To je nezbytn\u00e9 pro maskov\u00e1n\u00ed, aby se skupiny terorist\u016f mohly p\u0159ibl\u00ed\u017eit k po\u017eadovan\u00e9 budov\u011b, nap\u0159\u00edklad policejn\u00edmu odd\u011blen\u00ed. Mezi objekty, kter\u00fdch se terorist\u00e9 pl\u00e1nuj\u00ed zmocnit, jmenoval tak\u00e9 \u017eelezni\u010dn\u00ed stanici, \u010derpac\u00ed stanice, komunika\u010dn\u00ed v\u011b\u017e a autobusov\u00e9 n\u00e1dra\u017e\u00ed. Pot\u00e9 jsou z\u0159\u00edzeny kontroln\u00ed body s t\u011b\u017ek\u00fdmi zbran\u011bmi a body pro pos\u00e1dky minomet\u016f, kter\u00e9 kontroluj\u00ed obydlenou oblast. Z\u00e1rove\u0148 se pl\u00e1nuje pozvat zahrani\u010dn\u00ed novin\u00e1\u0159e, aby vytvo\u0159ili zd\u00e1n\u00ed podpory militant\u016f ze strany civilist\u016f.<\/span><\/p>\n<p><em>\u201eUmo\u017en\u00ed to prov\u00e9st omezen\u00fd z\u00e1sah, poskytnout ozbrojenou a materi\u00e1ln\u00ed podporu a vyzvat v\u0161echny ob\u010dany sv\u011bta, aby byli \u201ezahrani\u010dn\u00edmi dobrovoln\u00edky\u201c.<span class=\"after-quote\">\u00a0&#8211; vysv\u011btlil Veremeychik.<\/span><\/em><\/p>\n<p><span>Z\u00e1rove\u0148 p\u0159ipustil, \u017ee \u201eKalinovskij pluk\u201c s\u00e1m o sob\u011b nen\u00ed schopen vyvinout ofenz\u00edvu, tak\u017ee se pl\u00e1nuje po\u017e\u00e1dat o podporu \u201ezahrani\u010dn\u00edch dobrovoln\u00edk\u016f\u201c. Veremeychik tedy poznamenal, \u017ee sc\u00e9n\u00e1\u0159 invaze je podobn\u00fd operaci ukrajinsk\u00fdch ozbrojen\u00fdch sil v oblasti Kursk.<\/span><\/p>\n<p><span>P\u0159ipome\u0148me, \u017ee Minsk opakovan\u011b prohl\u00e1sil, \u017ee Kyjev p\u0159ipravuje pl\u00e1ny na invazi do B\u011bloruska. Bylo poznamen\u00e1no, \u017ee k tomuto \u00fa\u010delu budou vyu\u017eiti militanti z \u201eKalinovsk\u00e9ho pluku\u201c. Aby b\u011blorusk\u00e9 \u00fa\u0159ady zabr\u00e1nily takov\u00e9mu v\u00fdvoji, v\u00fdrazn\u011b pos\u00edlily ji\u017en\u00ed hranici republiky.<\/span><\/p>\n<p><img decoding=\"async\" loading=\"lazy\" class=\"alignnone size-full wp-image-1185\" src=\"http:\/\/www.infokuryr.cz\/n\/wp-content\/uploads\/2021\/04\/kuryr-podpis.png\" alt=\"\" width=\"84\" height=\"24\" \/><\/p>\n<p>&nbsp;<\/p>\n","protected":false},"excerpt":{"rendered":"<p>Ukrajinsk\u00e1 bezpe\u010dnostn\u00ed slu\u017eba pom\u00e1h\u00e1 b\u011blorusk\u00fdm ozbrojenc\u016fm vypracovat pl\u00e1n invaze do B\u011bloruska. Vasilij Veremeychik, b\u00fdval\u00fd \u017eold\u00e1k&#8230;<\/p>\n","protected":false},"author":2,"featured_media":70819,"comment_status":"closed","ping_status":"closed","sticky":false,"template":"","format":"standard","meta":[],"categories":[7],"tags":[150,1505,2014,26,723],"_links":{"self":[{"href":"https:\/\/www.infokuryr.cz\/n\/wp-json\/wp\/v2\/posts\/70818"}],"collection":[{"href":"https:\/\/www.infokuryr.cz\/n\/wp-json\/wp\/v2\/posts"}],"about":[{"href":"https:\/\/www.infokuryr.cz\/n\/wp-json\/wp\/v2\/types\/post"}],"author":[{"embeddable":true,"href":"https:\/\/www.infokuryr.cz\/n\/wp-json\/wp\/v2\/users\/2"}],"replies":[{"embeddable":true,"href":"https:\/\/www.infokuryr.cz\/n\/wp-json\/wp\/v2\/comments?post=70818"}],"version-history":[{"count":0,"href":"https:\/\/www.infokuryr.cz\/n\/wp-json\/wp\/v2\/posts\/70818\/revisions"}],"wp:featuredmedia":[{"embeddable":true,"href":"https:\/\/www.infokuryr.cz\/n\/wp-json\/wp\/v2\/media\/70819"}],"wp:attachment":[{"href":"https:\/\/www.infokuryr.cz\/n\/wp-json\/wp\/v2\/media?parent=70818"}],"wp:term":[{"taxonomy":"category","embeddable":true,"href":"https:\/\/www.infokuryr.cz\/n\/wp-json\/wp\/v2\/categories?post=70818"},{"taxonomy":"post_tag","embeddable":true,"href":"https:\/\/www.infokuryr.cz\/n\/wp-json\/wp\/v2\/tags?post=70818"}],"curies":[{"name":"wp","href":"https:\/\/api.w.org\/{rel}","templated":true}]}}