{"id":70772,"date":"2025-01-23T00:48:47","date_gmt":"2025-01-22T23:48:47","guid":{"rendered":"https:\/\/www.infokuryr.cz\/n\/?p=70772"},"modified":"2025-01-22T16:09:26","modified_gmt":"2025-01-22T15:09:26","slug":"scholz-nemcum-lhali-o-pomoci-ukrajine","status":"publish","type":"post","link":"https:\/\/www.infokuryr.cz\/n\/2025\/01\/23\/scholz-nemcum-lhali-o-pomoci-ukrajine\/","title":{"rendered":"Scholz: N\u011bmc\u016fm \u201elhali\u201c o pomoci Ukrajin\u011b"},"content":{"rendered":"<div id=\"fb-root\"><\/div>\n<p><span style=\"font-size: 18pt;\"><strong>Kancl\u00e9\u0159 se distancoval od kritik\u016f, kte\u0159\u00ed ho obvi\u0148uj\u00ed z blokov\u00e1n\u00ed bal\u00ed\u010dku pomoci ve v\u00fd\u0161i 3 miliard eur pro Kyjev<\/strong><\/span><\/p>\n<p><span>N\u011bmeck\u00fd kancl\u00e9\u0159 Olaf Scholz obvinil sv\u00e9 kritiky z klam\u00e1n\u00ed voli\u010d\u016f kv\u016fli jeho neochot\u011b schv\u00e1lit navrhovan\u00fd bal\u00ed\u010dek pomoci ve v\u00fd\u0161i 3 miliard eur (3,1 miliardy dolar\u016f) pro Kyjev. Vysoc\u00ed p\u0159edstavitel\u00e9 obvinili Scholze ze zdr\u017een\u00ed mimo\u0159\u00e1dn\u00e9 pomoci, kterou navrhli ministryn\u011b zahrani\u010d\u00ed Annalena Baerbock a ministr obrany Boris Pistorius.<\/span><\/p>\n<p><span>Kancl\u00e9\u0159 tvrdil, \u017ee ti, kdo dohodu podporuj\u00ed, nejsou transparentn\u00ed ohledn\u011b toho, jak bude financov\u00e1na.\u00a0<\/span><\/p>\n<p><em><span>\u201eN\u011bmeck\u00e9mu lidu l\u017eou\u201c<\/span><\/em><span>\u00a0ti, kte\u0159\u00ed odm\u00edtaj\u00ed \u0159e\u0161it, jak bude bal\u00ed\u010dek financov\u00e1n, tvrdil Scholz v pond\u011bl\u00ed v rozhovoru pro noviny Frankfurter Allgemeine Zeitung.\u00a0<\/span><\/p>\n<p><span>Ot\u00e1zka pomoci Ukrajin\u011b je \u00fast\u0159edn\u00edm bodem politick\u00fdch debat p\u0159ed v\u0161eobecn\u00fdmi volbami v N\u011bmecku p\u0159\u00ed\u0161t\u00ed m\u011bs\u00edc. Soci\u00e1ln\u011b demokratick\u00e1 strana (SPD) nominovala Scholze jako sv\u00e9ho kandid\u00e1ta na sestaven\u00ed p\u0159\u00ed\u0161t\u00ed vl\u00e1dy pot\u00e9, co Pistorius odm\u00edtl usilovat o nominaci strany, p\u0159esto\u017ee jeho popularita v n\u011bkter\u00fdch pr\u016fzkumech p\u0159evy\u0161ovala kancl\u00e9\u0159skou.<\/span><\/p>\n<p><span>Baerbock, vysok\u00fd \u010dlen Strany zelen\u00fdch, si minul\u00fd t\u00fdden\u00a0<\/span><a href=\"https:\/\/swentr.site\/news\/611113-germany-ukraine-aid-rebuke\/\" target=\"_blank\" rel=\"noopener noreferrer\"><span>st\u011b\u017eoval<\/span><\/a><span>\u00a0na nejmenovan\u00e9 \u00fa\u0159edn\u00edky, kte\u0159\u00ed up\u0159ednost\u0148uj\u00ed n\u00e1rodn\u00ed z\u00e1jmy p\u0159ed\u00a0<\/span><em><span>\u201eodpov\u011bdnost\u00ed za zaji\u0161t\u011bn\u00ed m\u00edru v Evrop\u011b\u201c,<\/span><\/em><span>\u00a0aby oslovili voli\u010de. Jej\u00ed strana byla sou\u010d\u00e1st\u00ed vl\u00e1dn\u00ed koalice, kter\u00e1 se loni zhroutila kv\u016fli konfliktu s SPD a Svobodnou demokratickou stranou (FDP) kv\u016fli v\u00fddajov\u00fdm priorit\u00e1m.<\/span><\/p>\n<p><span>Friedrich Merz, kandid\u00e1t na kancl\u00e9\u0159e z opozi\u010dn\u00edch k\u0159es\u0165ansk\u00fdch demokrat\u016f, rovn\u011b\u017e kritizoval Scholze za to, \u017ee Ukrajin\u011b neposkytoval v\u011bt\u0161\u00ed pomoc. Merz je v sou\u010dasnosti pova\u017eov\u00e1n za p\u0159edn\u00edho kandid\u00e1ta na kancl\u00e9\u0159e, p\u0159i\u010dem\u017e aliance K\u0159es\u0165anskodemokratick\u00e1 unie\/K\u0159es\u0165anskosoci\u00e1ln\u00ed unie vede v pr\u016fzkumech ve\u0159ejn\u00e9ho m\u00edn\u011bn\u00ed.<\/span><\/p>\n<p><span>Protiimigra\u010dn\u00ed strana Alternativa pro N\u011bmecko (AfD) vy\u010dn\u00edv\u00e1 mezi hlavn\u00edmi politick\u00fdmi hr\u00e1\u010di ve sv\u00e9m odporu k financov\u00e1n\u00ed boje Kyjeva proti Moskv\u011b a vyzvala k obnoven\u00ed n\u00e1kup\u016f levn\u00e9 rusk\u00e9 energie, aby nastartovala nemocnou n\u011bmeckou ekonomiku. V sou\u010dasnosti zaost\u00e1v\u00e1 za k\u0159es\u0165ansk\u00fdmi demokraty v pr\u016fzkumech, proto\u017ee poslanci\u00a0<\/span><a href=\"https:\/\/swentr.site\/news\/611384-zeit-german-parliament-to-consider-afd-ban\/\" target=\"_blank\" rel=\"noopener noreferrer\"><span>\u00fadajn\u011b<\/span><\/a><span>\u00a0zva\u017euj\u00ed jeho z\u00e1kaz kv\u016fli \u00fadajn\u00e9mu ohro\u017een\u00ed n\u011bmeck\u00e9 demokracie.<\/span><\/p>\n<p><span>Navzdory neshod\u00e1m ve vl\u00e1dnouc\u00ed koalici ohledn\u011b budouc\u00ed pomoci Ukrajin\u011b z\u016fst\u00e1v\u00e1 N\u011bmecko mezi vojensk\u00fdmi d\u00e1rci Kyjevu na druh\u00e9m m\u00edst\u011b za USA, kter\u00e9 podle Kielsk\u00e9ho institutu pro sv\u011btovou ekonomiku poskytlo od ledna 2022 do \u0159\u00edjna 2024 p\u0159ibli\u017en\u011b 11 miliard eur.<\/span><\/p>\n<p><img decoding=\"async\" loading=\"lazy\" class=\"alignnone size-full wp-image-1185\" src=\"http:\/\/www.infokuryr.cz\/n\/wp-content\/uploads\/2021\/04\/kuryr-podpis.png\" alt=\"\" width=\"84\" height=\"24\" \/><\/p>\n<p>&nbsp;<\/p>\n","protected":false},"excerpt":{"rendered":"<p>Kancl\u00e9\u0159 se distancoval od kritik\u016f, kte\u0159\u00ed ho obvi\u0148uj\u00ed z blokov\u00e1n\u00ed bal\u00ed\u010dku pomoci ve v\u00fd\u0161i 3&#8230;<\/p>\n","protected":false},"author":2,"featured_media":70773,"comment_status":"closed","ping_status":"closed","sticky":false,"template":"","format":"standard","meta":[],"categories":[7],"tags":[1554,1076,26],"_links":{"self":[{"href":"https:\/\/www.infokuryr.cz\/n\/wp-json\/wp\/v2\/posts\/70772"}],"collection":[{"href":"https:\/\/www.infokuryr.cz\/n\/wp-json\/wp\/v2\/posts"}],"about":[{"href":"https:\/\/www.infokuryr.cz\/n\/wp-json\/wp\/v2\/types\/post"}],"author":[{"embeddable":true,"href":"https:\/\/www.infokuryr.cz\/n\/wp-json\/wp\/v2\/users\/2"}],"replies":[{"embeddable":true,"href":"https:\/\/www.infokuryr.cz\/n\/wp-json\/wp\/v2\/comments?post=70772"}],"version-history":[{"count":0,"href":"https:\/\/www.infokuryr.cz\/n\/wp-json\/wp\/v2\/posts\/70772\/revisions"}],"wp:featuredmedia":[{"embeddable":true,"href":"https:\/\/www.infokuryr.cz\/n\/wp-json\/wp\/v2\/media\/70773"}],"wp:attachment":[{"href":"https:\/\/www.infokuryr.cz\/n\/wp-json\/wp\/v2\/media?parent=70772"}],"wp:term":[{"taxonomy":"category","embeddable":true,"href":"https:\/\/www.infokuryr.cz\/n\/wp-json\/wp\/v2\/categories?post=70772"},{"taxonomy":"post_tag","embeddable":true,"href":"https:\/\/www.infokuryr.cz\/n\/wp-json\/wp\/v2\/tags?post=70772"}],"curies":[{"name":"wp","href":"https:\/\/api.w.org\/{rel}","templated":true}]}}