{"id":70720,"date":"2025-01-22T06:36:51","date_gmt":"2025-01-22T05:36:51","guid":{"rendered":"https:\/\/www.infokuryr.cz\/n\/?p=70720"},"modified":"2025-01-22T06:45:37","modified_gmt":"2025-01-22T05:45:37","slug":"zemrel-vyznamny-hudebni-skladatel-a-vlastenec-mgr-petr-hannig","status":"publish","type":"post","link":"https:\/\/www.infokuryr.cz\/n\/2025\/01\/22\/zemrel-vyznamny-hudebni-skladatel-a-vlastenec-mgr-petr-hannig\/","title":{"rendered":"Zem\u0159el v\u00fdznamn\u00fd hudebn\u00ed skladatel a vlastenec Mgr. Petr Hannig"},"content":{"rendered":"<div id=\"fb-root\"><\/div>\n<p><strong>Ve v\u011bku 79\u00a0let v\u00a0\u00fater\u00fd, den po sv\u00fdch narozenin\u00e1ch, zem\u0159el objevitel zp\u011bva\u010dky Lucie B\u00edl\u00e9, hudebn\u00ed skladatel, producent a vlastenec Mgr. Petr Hannig. <\/strong><\/p>\n<p>Na ve\u0159ejnosti se naposledy Petr Hannig objevil loni v\u00a0kv\u011btnu, kdy se \u00fa\u010dastnil nat\u00e1\u010den\u00ed televizn\u00edho po\u0159adu o\u00a0zp\u011bva\u010dce\u00a0<a href=\"https:\/\/www.denik.cz\/hudba\/iveta-bartosova-zpevacka.html\"><strong>Ivet\u011b Barto\u0161ov\u00e9<\/strong><\/a>. O\u00a0p\u00e1r dn\u00ed pozd\u011bji na sv\u00e9m facebookov\u00e9m profilu ozn\u00e1mil, \u017ee na tom nen\u00ed zdravotn\u011b dob\u0159e. N\u00e1sledn\u011b \u00a0prod\u011blal mozkovou mrtvici.<\/p>\n<p>Petr Hannig, kter\u00fd se narodil 20.\u00a0ledna 1946\u00a0v\u00a0\u00dast\u00ed nad Labem, b\u011bhem hudebn\u00ed kari\u00e9ry napsal stovky p\u00edsn\u00ed v\u010detn\u011b prvn\u00edho hitu B\u00edl\u00e9 Neposlu\u0161n\u00e9 tenistky.<\/p>\n<p><iframe loading=\"lazy\" title=\"Lucie B\u00edl\u00e1 - Neposlu\u0161n\u00e9 tenisky (1985)\" width=\"640\" height=\"480\" src=\"https:\/\/www.youtube.com\/embed\/6gc7G3rjEG8?feature=oembed\" frameborder=\"0\" allow=\"accelerometer; autoplay; clipboard-write; encrypted-media; gyroscope; picture-in-picture; web-share\" referrerpolicy=\"strict-origin-when-cross-origin\" allowfullscreen><\/iframe><\/p>\n<p>Vedle B\u00edl\u00e9 spolupracoval dlouhodob\u011b mimo jin\u00e9 s\u00a0V\u00edt\u011bzslavem V\u00e1vrou, Jitkou Zelenkovou, Lenkou Ko\u0159\u00ednkovou nebo s\u00a0Petrou \u010cernockou. Za sv\u00e9 nejlep\u0161\u00ed hudebn\u00ed obdob\u00ed podle sv\u00fdch slov pova\u017eoval l\u00e9ta, kdy se svou kapelou doprov\u00e1zel \u0161ansoni\u00e9rku Hanu Hegerovou.<\/p>\n<p>V\u00a0letech 1968\u00a0a\u017e 1969\u00a0Hannig p\u016fsobil ve Velk\u00e9 Brit\u00e1nii. Na konci z\u00e1\u0159\u00ed 1969\u00a0se vr\u00e1til zp\u00e1tky do vlasti. P\u016fsobil jako redaktor \u010ceskoslovensk\u00e9ho rozhlasu a z\u00e1rove\u0148 m\u011bl svou kapelu Maximum Petra Hanniga. Jako producent st\u00e1l mimo jin\u00e9 v\u00a0roce 1970\u00a0za albem Michala Prokopa a skupiny Framus Five M\u011bsto\u00a0ER.<\/p>\n<p>Petr Hannig se tak\u00e9 v\u00fdznamn\u011b anga\u017eoval i\u00a0v\u00a0politice. Zalo\u017eil Stranu zdrav\u00e9ho rozumu, pozd\u011bji p\u0159ejmenovanou na Rozumn\u00ed. P\u0159esto\u017ee se nedostal do parlamentu, tak mu to nebr\u00e1nilo v\u00fdznamn\u011b ovliv\u0148ovat vlasteneckou sc\u00e9nu, kde byl velice popul\u00e1rn\u00ed a obl\u00edben\u00fd. Pro sou\u010dasn\u00e9 vlastence se stal ikonou a nositelem mor\u00e1ln\u00edch hodnot.<\/p>\n<p>Petr Hannig tak\u00e9 v\u00fdznamn\u011b p\u0159isp\u00edval sv\u00fdmi \u010dl\u00e1nky nejen na na\u0161em webu, ale i ve vlasteneck\u00e9m prost\u0159ed\u00ed, a pom\u00e1hal utv\u00e1\u0159et n\u00e1rodnostn\u00ed a vlasteneck\u00e9 c\u00edt\u011bn\u00ed. Petr se stal obh\u00e1jcem a ochr\u00e1ncem slab\u00fdch a utla\u010dovan\u00fdch, za co\u017e mu velk\u00e9 d\u00edky.<\/p>\n<p>V\u00a0redakci n\u00e1m bude chyb\u011bt, ale v\u011b\u0159\u00edme, \u017ee na\u0161el klid a pokoj po sv\u00e9 \u017eivotn\u00ed pouti\u2026<\/p>\n<p>Tak\u017ee P\u00e9\u0165o, na tvoji po\u010dest otv\u00edr\u00e1me lahvi\u010dku vodky, kterou jsi v\u017edy u n\u00e1s v redakci velice r\u00e1d pop\u00edjel a p\u0159ip\u00edj\u00edme na tvoji v\u011b\u010dnou sl\u00e1vu a pokoj tv\u00e9 du\u0161e\u2026<\/p>\n<p><em><strong>R.I.P.<\/strong><\/em><\/p>\n<p><span style=\"font-size: 18pt;\"><strong>\u010cl\u00e1nky Petra Hanniga na na\u0161em webu naleznete <a href=\"https:\/\/www.infokuryr.cz\/n\/?s=Petr+Hannig\">ZDE<\/a><\/strong><\/span><\/p>\n<p><strong>Jedna posledn\u00ed jeho p\u00edsni\u010dka, kterou slo\u017eil a otextoval a kterou miloval a s\u00e1m zp\u00edval:<\/strong><\/p>\n<p><iframe loading=\"lazy\" title=\"Petr Hannig: Dom\u016f k m\u00e1m\u011b\" width=\"640\" height=\"360\" src=\"https:\/\/www.youtube.com\/embed\/uOE90yOxESs?feature=oembed\" frameborder=\"0\" allow=\"accelerometer; autoplay; clipboard-write; encrypted-media; gyroscope; picture-in-picture; web-share\" referrerpolicy=\"strict-origin-when-cross-origin\" allowfullscreen><\/iframe><\/p>\n<p><img decoding=\"async\" loading=\"lazy\" class=\"alignnone size-full wp-image-1185\" src=\"http:\/\/www.infokuryr.cz\/n\/wp-content\/uploads\/2021\/04\/kuryr-podpis.png\" alt=\"\" width=\"84\" height=\"24\" \/><\/p>\n<p>&nbsp;<\/p>\n","protected":false},"excerpt":{"rendered":"<p>Ve v\u011bku 79\u00a0let v\u00a0\u00fater\u00fd, den po sv\u00fdch narozenin\u00e1ch, zem\u0159el objevitel zp\u011bva\u010dky Lucie B\u00edl\u00e9, hudebn\u00ed skladatel,&#8230;<\/p>\n","protected":false},"author":2,"featured_media":33742,"comment_status":"closed","ping_status":"closed","sticky":false,"template":"","format":"standard","meta":[],"categories":[6],"tags":[3274,4363,1278,523],"_links":{"self":[{"href":"https:\/\/www.infokuryr.cz\/n\/wp-json\/wp\/v2\/posts\/70720"}],"collection":[{"href":"https:\/\/www.infokuryr.cz\/n\/wp-json\/wp\/v2\/posts"}],"about":[{"href":"https:\/\/www.infokuryr.cz\/n\/wp-json\/wp\/v2\/types\/post"}],"author":[{"embeddable":true,"href":"https:\/\/www.infokuryr.cz\/n\/wp-json\/wp\/v2\/users\/2"}],"replies":[{"embeddable":true,"href":"https:\/\/www.infokuryr.cz\/n\/wp-json\/wp\/v2\/comments?post=70720"}],"version-history":[{"count":0,"href":"https:\/\/www.infokuryr.cz\/n\/wp-json\/wp\/v2\/posts\/70720\/revisions"}],"wp:featuredmedia":[{"embeddable":true,"href":"https:\/\/www.infokuryr.cz\/n\/wp-json\/wp\/v2\/media\/33742"}],"wp:attachment":[{"href":"https:\/\/www.infokuryr.cz\/n\/wp-json\/wp\/v2\/media?parent=70720"}],"wp:term":[{"taxonomy":"category","embeddable":true,"href":"https:\/\/www.infokuryr.cz\/n\/wp-json\/wp\/v2\/categories?post=70720"},{"taxonomy":"post_tag","embeddable":true,"href":"https:\/\/www.infokuryr.cz\/n\/wp-json\/wp\/v2\/tags?post=70720"}],"curies":[{"name":"wp","href":"https:\/\/api.w.org\/{rel}","templated":true}]}}